{"id":45383,"date":"2021-08-15T02:11:56","date_gmt":"2021-08-14T22:11:56","guid":{"rendered":"https:\/\/fedai.az\/?p=45383"},"modified":"2021-08-15T02:12:03","modified_gmt":"2021-08-14T22:12:03","slug":"polkovnik%c9%99-t%c9%99brik-var-dasd%c9%99mirov-cingiz-%c9%99li-oglu-58","status":"publish","type":"post","link":"https:\/\/fedai.az\/?p=45383","title":{"rendered":"POLKOVN\u0130K\u018f T\u018fBR\u0130K VAR: DA\u015eD\u018fM\u0130ROV \u00c7\u0130NG\u0130Z  \u018fL\u0130 O\u011eLU &#8212; 58"},"content":{"rendered":"\n<p><strong>\u00a0 <span class=\"has-inline-color has-vivid-red-color\">Az\u0259rbaycan V\u0259t\u0259n m\u00fcharib\u0259si Veteranlar\u0131 \u0130ctimai Birliyinin r\u0259hb\u0259rliyi, F\u0259dai, az kolektivi v\u0259 Az\u0259rbaycan V\u0259t\u0259n M\u00fcharib\u0259si Veteranlar\u0131 \u0130ctimai Birliyinin s\u0259dr m\u00fcavini polkovnik Salman Musayev M\u00fcharib\u0259 v\u0259 Silahl\u0131 q\u00fcvv\u0259l\u0259r veteran\u0131 ehtiyyatda olan polkovnik \u00c7ingiz Da\u015fd\u0259mirovu do\u011fum g\u00fcn\u00fc munasb\u0259til\u0259\u00a0 s\u0259mimi q\u0259lbd\u0259n\u00a0 t\u0259brik edir, h\u0259yatda insan \u00fcc\u00fcn \u0259n \u015firin neym\u0259t olan m\u00f6hk\u0259m can sa\u011fl\u0131\u011f\u0131 v\u0259 h\u0259yat yollar\u0131nda bitib &#8212; t\u00fck\u0259nm\u0259y\u0259n nailiyy\u0259tl\u0259r arzulayir.<\/span><\/strong><\/p>\n\n\n\n<p><strong>\u00a0<span class=\"has-inline-color has-vivid-red-color\">Qoy ya\u015f\u0131n\u0131n \u00fcst\u0259 g\u0259l\u0259n bu ya\u015f ona sevinc dolu g\u00fcnl\u0259r b\u0259x\u015f etsin, h\u0259r yeni g\u00fcn\u00fc is\u0259 \u00f6t\u0259n g\u00fcnl\u0259rd\u0259n daha g\u00f6z\u0259l ist\u0259kl\u0259rin\u0259 uy\u011fun onu xo\u015fb\u0259xt ed\u0259c\u0259k \u015f\u0259kild\u0259 ke\u00e7sin. Amin!<\/span><\/strong><\/p>\n\n\n\n<p>\u00a0\u00a0\u00a0Ehtiyyatda olan polkovnik\u00a0 Da\u015fd\u0259mirov\u00a0 \u00c7ingiz\u00a0 \u018fli o\u011flu\u00a0 15 avqust 1963 &#8212; c\u00fc ild\u0259 Ismay\u0131ll\u0131 rayonun\u00a0 Balik k\u0259ndind\u0259 anadan olub.\u00a0 O,\u0130smay\u0131l\u0131 rayonunun\u00a0 Balik k\u0259ndind\u0259 1970 &#8212; ci ild\u0259 birinci sinif\u0259 gedib, 1980- ci ild\u0259 is\u0259 orta m\u0259kt\u0259bi bitirib.<\/p>\n\n\n\n<figure class=\"wp-block-gallery columns-2 is-cropped wp-block-gallery-1 is-layout-flex wp-block-gallery-is-layout-flex\"><ul class=\"blocks-gallery-grid\"><li class=\"blocks-gallery-item\"><figure><img loading=\"lazy\" decoding=\"async\" width=\"768\" height=\"1024\" src=\"https:\/\/fedai.az\/wp-content\/uploads\/2021\/08\/237648896_591991031808463_6558973850412473469_n.jpg\" alt=\"\" data-id=\"45384\" data-link=\"https:\/\/fedai.az\/?attachment_id=45384\" class=\"wp-image-45384\" srcset=\"https:\/\/fedai.az\/wp-content\/uploads\/2021\/08\/237648896_591991031808463_6558973850412473469_n.jpg 768w, https:\/\/fedai.az\/wp-content\/uploads\/2021\/08\/237648896_591991031808463_6558973850412473469_n-225x300.jpg 225w, https:\/\/fedai.az\/wp-content\/uploads\/2021\/08\/237648896_591991031808463_6558973850412473469_n-113x150.jpg 113w\" sizes=\"auto, (max-width: 768px) 100vw, 768px\" \/><\/figure><\/li><li class=\"blocks-gallery-item\"><figure><img loading=\"lazy\" decoding=\"async\" width=\"960\" height=\"720\" src=\"https:\/\/fedai.az\/wp-content\/uploads\/2021\/08\/237465230_1206670226514990_275979988485922154_n.jpg\" alt=\"\" data-id=\"45385\" data-full-url=\"https:\/\/fedai.az\/wp-content\/uploads\/2021\/08\/237465230_1206670226514990_275979988485922154_n.jpg\" data-link=\"https:\/\/fedai.az\/?attachment_id=45385\" class=\"wp-image-45385\" srcset=\"https:\/\/fedai.az\/wp-content\/uploads\/2021\/08\/237465230_1206670226514990_275979988485922154_n.jpg 960w, https:\/\/fedai.az\/wp-content\/uploads\/2021\/08\/237465230_1206670226514990_275979988485922154_n-300x225.jpg 300w, https:\/\/fedai.az\/wp-content\/uploads\/2021\/08\/237465230_1206670226514990_275979988485922154_n-150x113.jpg 150w, https:\/\/fedai.az\/wp-content\/uploads\/2021\/08\/237465230_1206670226514990_275979988485922154_n-768x576.jpg 768w\" sizes=\"auto, (max-width: 960px) 100vw, 960px\" \/><\/figure><\/li><\/ul><\/figure>\n\n\n\n<p>\u00a0\u00a0\u00a0\u00c7ingiz Da\u015fd\u0259mirov\u00a0 1981 -1982- ci ill\u0259rd\u0259 Perm \u015f\u0259h\u0259rind\u0259 m\u00fcddd\u0259tli h\u0259qqi h\u0259rbi xidm\u0259td\u0259 olmu\u015fdur. O,m\u00fcddd\u0259tli h\u0259qiqi h\u0259rbi xidm\u0259t\u0259 oldu\u011fu ild\u0259 Perm \u015f\u0259h\u0259rind\u0259\u00a0 Kicik komandirl\u0259r haz\u0131rlayan cavu\u015flar m\u0259kt\u0259bini bitrdikd\u0259n sonra xidm\u0259t etdiyi h\u0259rbi hiss\u0259d\u0259 m\u00fcddd\u0259tli h\u0259qqi h\u0259rbi xidm\u0259t\u00a0 \u00e7avu\u015fu v\u0259zif\u0259sind\u0259 xidm\u0259t edib.<\/p>\n\n\n\n<p>\u00a0\u00a0\u00a0M\u00fcharib\u0259 v\u0259 Silahl\u0131 Q\u00fcvv\u0259l\u0259r Veteran\u0131 ehtiyyatda olan polkovnik \u00c7ingiz Da\u015fd\u0259mirov\u00a0 1982 &#8212; ci ild\u0259\u00a0 SSR\u0130 Daxili \u0130\u015fl\u0259r Nazirliyinin Daxili Qo\u015funlar\u0131n\u0131n Vladikafkazda (\u018fvv\u0259ll\u0259r\u00a0 Ordzhonikidzed\u0259) yerl\u0259\u015f\u0259n\u00a0\u00a0 Ali H\u0259rbi\u00a0 m\u0259kt\u0259b\u0259 daxil olub, 1986 &#8212; ci ild\u0259 is\u0259 h\u0259min ali h\u0259rbi m\u0259kt\u0259bi bitirib.<\/p>\n\n\n\n<p>\u00a0 \u00c7ingiz Da\u015fd\u0259mirov 2007-ci ild\u0259 M\u00fcdafi\u0259 Nazirliyinin H\u0259rbi Akademiyas\u0131n\u0131n Ara\u015fdirma Staretji T\u0259hqiqatlar\u00a0 v\u0259 D\u00f6vl\u0259t M\u00fcdafi\u0259sinin idar\u0259 etm\u0259 kursunu bitrib. O, 2010 &#8212; ci ild\u0259 T\u00fcrkiy\u0259 C\u00fcmhuriyy\u0259tinin Jandarma Q\u00fcvv\u0259l\u0259rinin xidm\u0259ti f\u0259aliyy\u0259ti il\u0259 yaxindan tani\u015f olmaq\u00a0 \u00fcc\u00fcn, tan\u0131\u015fl\u0131q v\u0259 t\u0259c\u00fcrb\u0259 m\u0259lumatlar\u0131n toplanmas\u0131 v\u0259 g\u0259r\u0259kli c\u0259h\u0259tl\u0259rin \u00f6yr\u0259nilm\u0259si m\u0259qs\u0259dil\u0259 Ankara \u0130stanbul \u0130zmir, Foce \u015f\u0259h\u0259rl\u0259rind\u0259 i\u015fguzar s\u0259f\u0259rd\u0259 olub.<\/p>\n\n\n\n<figure class=\"wp-block-gallery columns-1 is-cropped wp-block-gallery-2 is-layout-flex wp-block-gallery-is-layout-flex\"><ul class=\"blocks-gallery-grid\"><li class=\"blocks-gallery-item\"><figure><img loading=\"lazy\" decoding=\"async\" width=\"720\" height=\"720\" src=\"https:\/\/fedai.az\/wp-content\/uploads\/2021\/08\/106456569_571318443456008_7768704096764864551_n.jpg\" alt=\"\" data-id=\"45386\" data-full-url=\"https:\/\/fedai.az\/wp-content\/uploads\/2021\/08\/106456569_571318443456008_7768704096764864551_n.jpg\" data-link=\"https:\/\/fedai.az\/?attachment_id=45386\" class=\"wp-image-45386\" srcset=\"https:\/\/fedai.az\/wp-content\/uploads\/2021\/08\/106456569_571318443456008_7768704096764864551_n.jpg 720w, https:\/\/fedai.az\/wp-content\/uploads\/2021\/08\/106456569_571318443456008_7768704096764864551_n-300x300.jpg 300w, https:\/\/fedai.az\/wp-content\/uploads\/2021\/08\/106456569_571318443456008_7768704096764864551_n-150x150.jpg 150w, https:\/\/fedai.az\/wp-content\/uploads\/2021\/08\/106456569_571318443456008_7768704096764864551_n-215x215.jpg 215w\" sizes=\"auto, (max-width: 720px) 100vw, 720px\" \/><\/figure><\/li><\/ul><\/figure>\n\n\n\n<p>\u00a0\u00a0O, 1986 -c\u0131 ild\u0259n 1991 -ci il\u0259 kimi SSR\u0130 Daxili \u0130\u015fl\u0259r Nazirliyinin Daxili Qo\u015funlar\u0131n\u0131n \u00dckrayna respublikas\u0131nda yerl\u0259\u015f\u0259n h\u0259rbi hiss\u0259l\u0259rind\u0259 m\u00fcxt\u0259lif v\u0259zif\u0259l\u0259rd\u0259 xidm\u0259t edib.<\/p>\n\n\n\n<p>\u00a0 Ehtiyatda olan polkovnik \u00c7.Da\u015fd\u0259mirov 1992- ci\u00a0 ilin yanvar ayndan\u00a0\u00a0 2016 -c\u0131\u00a0 ilin son ay\u0131na kimi , Az\u0259rbaycan Respublikas\u0131n\u0131n Daxili \u0130\u015fl\u0259r Nazirliyinin Daxili Qo\u015funlar\u0131n\u0131n Ba\u015f \u0130dar\u0259sinin Sumqay\u0131t \u015f\u0259h\u0259rind\u0259\u00a0 v\u0259 Hac\u0131qabul rayonunda yerl\u0259\u015f\u0259n h\u0259rbi hiss\u0259l\u0259rind\u0259 Q\u0259ragah r\u0259sinin m\u00fcavini, h\u0259rbi hiss\u0259 komandirinin m\u00fcavinini &#8212; q\u0259rargah r\u0259isi, h\u0259rbi hiss\u0259 komandiri, Daxili Qo\u015funlar\u0131n Bas \u0130dar\u0259sinin \u0130nspeksiyas\u0131nda is\u0259 inispektor, ba\u015f inispektor v\u0259 \u0130nispeksiya r\u0259isinin m\u00fcavini\u00a0 v\u0259zif\u0259l\u0259rind\u0259 xidm\u0259t edib.<\/p>\n\n\n\n<p>\u00a0\u00a0\u00a0\u00a0\u00c7ingiz Da\u015fd\u0259mirov\u00a0 Az\u0259rbaycan Respublikas\u0131n\u0131n \u018frazi b\u00fct\u00f6vl\u00fcy\u00fc u\u011frunda ged\u0259n d\u00f6y\u00fc\u015fl\u0259rd\u0259\u00a0 i\u015ftirak edib v\u0259 a\u011f\u0131r yaralan\u0131b. O,1992 &#8212; ci ilin iyun ay\u0131nda d\u00f6yu\u015f m\u00f6vqeyind\u0259 ezamiyy\u0259td\u0259 olark\u0259n komandirlik etdiyi \u015f\u0259xs hey\u0259t Agdam rayonunun Aranz\u0259min, Pircamal\u00a0 v\u0259 Nax\u00e7\u0131vanik ya\u015fay\u0131\u015f m\u0259nt\u0259q\u0259l\u0259ri\u00a0 u\u011frunda ged\u0259n d\u00f6y\u00fc\u015fl\u0259rd\u0259 m\u0259rdlikl\u0259 vuru\u015faraq\u00a0 d\u00fc\u015fm\u0259nin otuzdan\u00a0 cox quvv\u0259sini v\u0259 bir zirehli\u00a0 texnikas\u0131n\u0131 m\u0259hv ed\u0259r\u0259k u\u011furlu \u0259ks h\u00fccum \u0259m\u0259liyat n\u0259tic\u0259sind\u0259 Aranz\u0259min v\u0259 Pircamal k\u0259ndl\u0259ri du\u015fm\u0259nd\u0259n azad etmi\u015fdi.<\/p>\n\n\n\n<p>\u00a0\u00a0\u00a0O, V\u0259t\u0259n\u0259, D\u00f6vl\u0259t\u0259 v\u0259 Xalqa s\u0259daq\u0259tl\u0259 xidm\u0259t etmi\u015fdir. \u00c7ingiz Da\u015fd\u0259mirov Daxili Qo\u015funlar\u0131n Ba\u015f idar\u0259sinin \u0130nispeksiyasinda m\u00fcxt\u0259lif v\u0259zif\u0259l\u0259rd\u0259\u00a0 xidm\u0259t etd\u0259rk\u0259n, Daxili Qo\u015funlar\u0131n Bas \u0130dar\u0259sinin \u0130dar\u0259, \u015f\u00f6b\u0259 v\u0259 xidm\u0259tl\u0259rinin\u00a0 el\u0259c\u0259d\u0259 DQB\u0130-nin h\u0259rbi his\u0259l\u0259rinin v\u0259 \u0259lahidd\u0259 b\u00f6lm\u0259l\u0259rinin xidm\u0259t f\u0259aliyy\u0259tini yoxlayark\u0259n s\u0259m\u0259r\u0259li f\u0259aliyy\u0259ti il\u0259, i\u015fg\u00fczar v\u0259 m\u0259n\u0259vi keyfiyy\u0259til\u0259, n\u0259z\u0259ri v\u0259 praktiki biliyi il\u0259 daimi Daxili Qo\u015funlar Komandan\u0131n v\u0259 DQB\u0130-nin\u00a0 \u0130nispeksiya r\u0259isinin diqq\u0259t m\u0259rk\u0259zind\u0259 olmu\u015fdur.<\/p>\n\n\n\n<p>\u00a0\u00a0\u00a0M\u00fcharib\u0259 v\u0259 Silahl\u0131 q\u00fcvv\u0259l\u0259r veteran\u0131 ehtiyyatda olan polkovnik \u00c7.Da\u015fd\u0259mirov Daxili Qo\u015funlarda xidm\u0259t etdiyi ill\u0259r \u0259rzind\u0259 Az\u0259rbaycan Respublikas\u0131n\u0131n Konstitusiyas\u0131na v\u0259 qanunlar\u0131na, h\u0259rbi andin, h\u0259rbi nizam\u0259l\u0259rin\u00a0 v\u0259 Daxili Qosunlar\u0131n Ba\u015f \u0130dar\u0259sinin\u00a0 \u0130nispeksiyas\u0131 haqq\u0131nda \u0259sasnam\u0259nin t\u0259l\u0259bl\u0259rin\u0259 v\u0259 v\u0259zif\u0259 borcuna \u0259m\u0259l etm\u0259kd\u0259\u00a0 tabeliyind\u0259kil\u0259r \u00fcc\u00fcn n\u00fcmn\u0259 olmu\u015fdur.<\/p>\n\n\n\n<figure class=\"wp-block-gallery columns-2 is-cropped wp-block-gallery-3 is-layout-flex wp-block-gallery-is-layout-flex\"><ul class=\"blocks-gallery-grid\"><li class=\"blocks-gallery-item\"><figure><img loading=\"lazy\" decoding=\"async\" width=\"960\" height=\"720\" src=\"https:\/\/fedai.az\/wp-content\/uploads\/2021\/08\/237329949_1038968733507034_8835399639563986863_n.jpg\" alt=\"\" data-id=\"45387\" data-link=\"https:\/\/fedai.az\/?attachment_id=45387\" class=\"wp-image-45387\" srcset=\"https:\/\/fedai.az\/wp-content\/uploads\/2021\/08\/237329949_1038968733507034_8835399639563986863_n.jpg 960w, https:\/\/fedai.az\/wp-content\/uploads\/2021\/08\/237329949_1038968733507034_8835399639563986863_n-300x225.jpg 300w, https:\/\/fedai.az\/wp-content\/uploads\/2021\/08\/237329949_1038968733507034_8835399639563986863_n-150x113.jpg 150w, https:\/\/fedai.az\/wp-content\/uploads\/2021\/08\/237329949_1038968733507034_8835399639563986863_n-768x576.jpg 768w\" sizes=\"auto, (max-width: 960px) 100vw, 960px\" \/><\/figure><\/li><li class=\"blocks-gallery-item\"><figure><img loading=\"lazy\" decoding=\"async\" width=\"1024\" height=\"768\" src=\"https:\/\/fedai.az\/wp-content\/uploads\/2021\/08\/217392438_1196196664197611_7024587566412384856_n-1024x768.jpg\" alt=\"\" data-id=\"45388\" data-full-url=\"https:\/\/fedai.az\/wp-content\/uploads\/2021\/08\/217392438_1196196664197611_7024587566412384856_n.jpg\" data-link=\"https:\/\/fedai.az\/?attachment_id=45388\" class=\"wp-image-45388\" srcset=\"https:\/\/fedai.az\/wp-content\/uploads\/2021\/08\/217392438_1196196664197611_7024587566412384856_n-1024x768.jpg 1024w, https:\/\/fedai.az\/wp-content\/uploads\/2021\/08\/217392438_1196196664197611_7024587566412384856_n-300x225.jpg 300w, https:\/\/fedai.az\/wp-content\/uploads\/2021\/08\/217392438_1196196664197611_7024587566412384856_n-150x113.jpg 150w, https:\/\/fedai.az\/wp-content\/uploads\/2021\/08\/217392438_1196196664197611_7024587566412384856_n-768x576.jpg 768w, https:\/\/fedai.az\/wp-content\/uploads\/2021\/08\/217392438_1196196664197611_7024587566412384856_n.jpg 1032w\" sizes=\"auto, (max-width: 1024px) 100vw, 1024px\" \/><\/figure><\/li><\/ul><\/figure>\n\n\n\n<p>\u00a0\u00a0\u00a0\u00a0O, 1999- 2001-ci ill\u0259rd\u0259\u00a0 Silahl\u0131 Q\u00fcvv\u0259l\u0259r v\u0259 H\u00fcquq M\u00fchafiz\u0259 Orqanlar\u0131\u00a0 (MN,D\u0130N, \u018fN, MTN, XDMX v\u0259\u00a0 SQ) \u0259m\u0259kda\u015flar\u0131 v\u0259 h\u0259rbi qulluq\u00e7ular\u0131 aras\u0131nda ke\u00e7iril\u0259n &#171;At\u0131c\u0131q&#187;\u00a0 \u00fczr\u0259 idman yar\u0131\u015flar\u0131nda 12\u00a0 (oniki) komanda\u00a0 arasinda y\u00fcks\u0259k n\u0259tic\u0259l\u0259r g\u00f6st\u0259r\u0259r\u0259k\u00a0 1- ci\u00a0 v\u0259 2- ci yerl\u0259r\u0259 layiq g\u00f6r\u00fclm\u00fc\u015f\u00a0 Daxili \u0130\u015fl\u0259r nazirliyinin\u00a0 y\u0131\u011fma komandas\u0131nin t\u0259rkibind\u0259\u00a0 \u00c7.Da\u015fd\u0259mirov\u00a0 D\u0130N-in\u00a0 y\u0131\u011fma komandas\u0131n\u0131n q\u0259l\u0259b\u0259sin\u0259 \u00f6z lay\u0131ql\u0131 t\u00f6vh\u0259sini vermi\u015fdir.<\/p>\n\n\n\n<p>\u00a0\u00a0\u00a0\u00a0Polkovnik \u00c7ingiz Da\u015fd\u0259mirov pe\u015f\u0259karl\u0131\u011f\u0131 v\u0259 humanistliyi il\u0259 secil\u0259n \u0259n m\u0259nal\u0131 h\u0259yat\u0131n\u0131n\u00a0\u00a0 35 ild\u0259n coxunu h\u0259rbi xidm\u0259t\u0259 h\u0259sr ed\u0259r\u0259k V\u0259t\u0259n\u0259 v\u0259 xalqa s\u0259daq\u0259tl\u0259 xidm\u0259t etmi\u015fdir.<\/p>\n\n\n\n<p>\u00a0\u00a0\u00a0\u00a0Az\u0259rbaycan Respublikas\u0131nda ictimai qaydan\u0131n v\u0259 ictimai t\u0259hl\u00fck\u0259sizliyin qorunmasnda, m\u00fct\u0259\u015f\u0259kil cinay\u0259tkarl\u0131\u011fa qar\u015f\u0131 m\u00fcbariz\u0259d\u0259, qanunsuz\u00a0 silahl\u0131 d\u0259st\u0259nin z\u0259r\u0259rl\u0259\u015fdirilm\u0259sind\u0259 x\u00fcsusi f\u0259riql\u0259ndiyin\u0259 g\u00f6r\u0259 Az\u0259rbaycan Respublikas\u0131n\u0131n Prez\u0131dent\u0131n\u0131n\u00a0 30 \u0131yun 2002ci il tarixli f\u0259rman\u0131 il\u0259 Daxili Qo\u015funlar\u0131n\u0131n Ba\u015f idar\u0259sinin \u0130nispeksiyasinda inspektor v\u0259zif\u0259sind\u0259 xidm\u0259t etdiyi m\u00fcdd\u0259td\u0259 polkovnik Da\u015fd\u0259mirov Cingiz \u018fli \u00f6\u011flu\u00a0 &#171;V\u0259t\u0259n u\u011frunda &#187; medal\u0131 il\u0259 t\u0259ltif olunub.<\/p>\n\n\n\n<figure class=\"wp-block-gallery columns-2 is-cropped wp-block-gallery-4 is-layout-flex wp-block-gallery-is-layout-flex\"><ul class=\"blocks-gallery-grid\"><li class=\"blocks-gallery-item\"><figure><img loading=\"lazy\" decoding=\"async\" width=\"851\" height=\"851\" src=\"https:\/\/fedai.az\/wp-content\/uploads\/2021\/08\/83134497_477855109469009_4860450305168375808_n.jpg\" alt=\"\" data-id=\"45389\" data-link=\"https:\/\/fedai.az\/?attachment_id=45389\" class=\"wp-image-45389\" srcset=\"https:\/\/fedai.az\/wp-content\/uploads\/2021\/08\/83134497_477855109469009_4860450305168375808_n.jpg 851w, https:\/\/fedai.az\/wp-content\/uploads\/2021\/08\/83134497_477855109469009_4860450305168375808_n-300x300.jpg 300w, https:\/\/fedai.az\/wp-content\/uploads\/2021\/08\/83134497_477855109469009_4860450305168375808_n-150x150.jpg 150w, https:\/\/fedai.az\/wp-content\/uploads\/2021\/08\/83134497_477855109469009_4860450305168375808_n-768x768.jpg 768w, https:\/\/fedai.az\/wp-content\/uploads\/2021\/08\/83134497_477855109469009_4860450305168375808_n-215x215.jpg 215w\" sizes=\"auto, (max-width: 851px) 100vw, 851px\" \/><\/figure><\/li><li class=\"blocks-gallery-item\"><figure><img loading=\"lazy\" decoding=\"async\" width=\"959\" height=\"960\" src=\"https:\/\/fedai.az\/wp-content\/uploads\/2021\/08\/106279954_571318446789341_482305008651793197_n.jpg\" alt=\"\" data-id=\"45390\" data-full-url=\"https:\/\/fedai.az\/wp-content\/uploads\/2021\/08\/106279954_571318446789341_482305008651793197_n.jpg\" data-link=\"https:\/\/fedai.az\/?attachment_id=45390\" class=\"wp-image-45390\" srcset=\"https:\/\/fedai.az\/wp-content\/uploads\/2021\/08\/106279954_571318446789341_482305008651793197_n.jpg 959w, https:\/\/fedai.az\/wp-content\/uploads\/2021\/08\/106279954_571318446789341_482305008651793197_n-300x300.jpg 300w, https:\/\/fedai.az\/wp-content\/uploads\/2021\/08\/106279954_571318446789341_482305008651793197_n-150x150.jpg 150w, https:\/\/fedai.az\/wp-content\/uploads\/2021\/08\/106279954_571318446789341_482305008651793197_n-768x769.jpg 768w, https:\/\/fedai.az\/wp-content\/uploads\/2021\/08\/106279954_571318446789341_482305008651793197_n-215x215.jpg 215w\" sizes=\"auto, (max-width: 959px) 100vw, 959px\" \/><\/figure><\/li><\/ul><\/figure>\n\n\n\n<p>\u00a0Xidm\u0259td\u0259 f\u0259rql\u0259nm\u0259y\u0259 g\u00f6r\u0259 polkovnik \u00c7ingiz Da\u015fd\u0259mirov SSR\u0130 v\u0259 Az\u0259rbaycan Respublikas\u0131n\u0131n Daxili \u0130\u015fl\u0259r Nazirinin,Daxili Qo\u015funlar Komandan\u0131n, Daxili Qo\u015funlar Komandan\u0131n m\u00fcavinl\u0259rinin, Daxili Qo\u015funlar\u0131n Bas \u0130dar\u0259sinin \u0130nispeksiya r\u0259isinin, t\u0259hsil ald\u0131\u011f\u0131 ali h\u0259rbi m\u0259kt\u0259b r\u0259isinin v\u0259 xidm\u0259t etdiyi\u00a0 Diviziya\u00a0\u00a0 v\u0259 h\u0259rbi hiss\u0259 komandirl\u0259rinin m\u00fcvafiq \u0259mrl\u0259ri il\u0259 bir sira medalarla, d\u00f6\u015f nisanlarla, f\u0259xri f\u0259rmanlarla, pul m\u00fckafatlar\u0131 il\u0259, qiym\u0259tli h\u0259diyy\u0259l\u0259rl\u0259\u00a0 m\u00fckafatland\u0131r\u0131lm\u0131\u015fd\u0131r \u00a0v\u0259zif\u0259 borclar\u0131n\u0131n layiqinc\u0259\u00a0 yerin\u0259 yetirilm\u0259sin\u0259\u00a0 g\u00f6r\u0259 is\u0259 ona\u00a0 bir \u00e7ox t\u0259\u015f\u0259kk\u00fcr elan\u00a0 edilmi\u015fdir.<\/p>\n\n\n\n<p>\u00a0 Hal -hazirda ehtiyyatda olan Polkovnik \u00c7ingiz Da\u015fd\u0259mirov\u00a0 Daxili Qo\u015funlar\u0131n Vetiranlar \u015furas\u0131n\u0131n s\u0259dri kimi ictimai v\u0259ziv\u0259ni yerin\u0259 yetirir.<\/p>\n\n\n\n<p><strong>DO\u011eUM G\u00dcN\u00dcN M\u00dcBAR\u018fK OLSUN! <\/strong><\/p>\n\n\n\n<p><strong>ALLAH H\u018fR ZAMAN Q\u018fLB\u0130N\u0130 SIXINTIDAN, B\u018fDB\u0130NL\u0130KD\u018fN QORUSUN!<\/strong><\/p>\n\n\n\n<p><strong>100 YA\u015eA, ALLAH S\u018fN\u0130 QORUSUN ! AM\u0130N .<\/strong><\/p>\n\n\n\n<p><strong>D\u0259rin h\u00f6rm\u0259tl\u0259, Az\u0259rbaycan V\u0259t\u0259n M\u00fcharib\u0259si Veteranlar\u0131 \u0130ctimai Birliyinin s\u0259dr m\u00fcavini polkovnik Salman Musayev<\/strong><\/p>\n\n\n\n<figure class=\"wp-block-gallery columns-2 is-cropped wp-block-gallery-5 is-layout-flex wp-block-gallery-is-layout-flex\"><ul class=\"blocks-gallery-grid\"><li class=\"blocks-gallery-item\"><figure><img loading=\"lazy\" decoding=\"async\" width=\"960\" height=\"720\" src=\"https:\/\/fedai.az\/wp-content\/uploads\/2021\/08\/236591524_1502464243449825_2990131851415299950_n.jpg\" alt=\"\" data-id=\"45391\" data-link=\"https:\/\/fedai.az\/?attachment_id=45391\" class=\"wp-image-45391\" srcset=\"https:\/\/fedai.az\/wp-content\/uploads\/2021\/08\/236591524_1502464243449825_2990131851415299950_n.jpg 960w, https:\/\/fedai.az\/wp-content\/uploads\/2021\/08\/236591524_1502464243449825_2990131851415299950_n-300x225.jpg 300w, https:\/\/fedai.az\/wp-content\/uploads\/2021\/08\/236591524_1502464243449825_2990131851415299950_n-150x113.jpg 150w, https:\/\/fedai.az\/wp-content\/uploads\/2021\/08\/236591524_1502464243449825_2990131851415299950_n-768x576.jpg 768w\" sizes=\"auto, (max-width: 960px) 100vw, 960px\" \/><\/figure><\/li><li class=\"blocks-gallery-item\"><figure><img loading=\"lazy\" decoding=\"async\" width=\"600\" height=\"600\" src=\"https:\/\/fedai.az\/wp-content\/uploads\/2021\/08\/8265a327389da9fe4fdc2714b309120e-2-10.jpg\" alt=\"\" data-id=\"45392\" data-full-url=\"https:\/\/fedai.az\/wp-content\/uploads\/2021\/08\/8265a327389da9fe4fdc2714b309120e-2-10.jpg\" data-link=\"https:\/\/fedai.az\/?attachment_id=45392\" class=\"wp-image-45392\" srcset=\"https:\/\/fedai.az\/wp-content\/uploads\/2021\/08\/8265a327389da9fe4fdc2714b309120e-2-10.jpg 600w, https:\/\/fedai.az\/wp-content\/uploads\/2021\/08\/8265a327389da9fe4fdc2714b309120e-2-10-300x300.jpg 300w, https:\/\/fedai.az\/wp-content\/uploads\/2021\/08\/8265a327389da9fe4fdc2714b309120e-2-10-150x150.jpg 150w, https:\/\/fedai.az\/wp-content\/uploads\/2021\/08\/8265a327389da9fe4fdc2714b309120e-2-10-215x215.jpg 215w\" sizes=\"auto, (max-width: 600px) 100vw, 600px\" \/><\/figure><\/li><\/ul><\/figure>\n","protected":false},"excerpt":{"rendered":"<p>\u00a0 Az\u0259rbaycan V\u0259t\u0259n m\u00fcharib\u0259si Veteranlar\u0131 \u0130ctimai Birliyinin r\u0259hb\u0259rliyi, F\u0259dai, az kolektivi v\u0259 Az\u0259rbaycan V\u0259t\u0259n M\u00fcharib\u0259si Veteranlar\u0131 \u0130ctimai Birliyinin s\u0259dr m\u00fcavini polkovnik Salman Musayev M\u00fcharib\u0259<\/p>\n","protected":false},"author":2,"featured_media":45394,"comment_status":"closed","ping_status":"closed","sticky":false,"template":"","format":"standard","meta":{"footnotes":""},"categories":[5],"tags":[],"class_list":["post-45383","post","type-post","status-publish","format-standard","has-post-thumbnail","hentry","category-veteran"],"aioseo_notices":[],"_links":{"self":[{"href":"https:\/\/fedai.az\/index.php?rest_route=\/wp\/v2\/posts\/45383","targetHints":{"allow":["GET"]}}],"collection":[{"href":"https:\/\/fedai.az\/index.php?rest_route=\/wp\/v2\/posts"}],"about":[{"href":"https:\/\/fedai.az\/index.php?rest_route=\/wp\/v2\/types\/post"}],"author":[{"embeddable":true,"href":"https:\/\/fedai.az\/index.php?rest_route=\/wp\/v2\/users\/2"}],"replies":[{"embeddable":true,"href":"https:\/\/fedai.az\/index.php?rest_route=%2Fwp%2Fv2%2Fcomments&post=45383"}],"version-history":[{"count":1,"href":"https:\/\/fedai.az\/index.php?rest_route=\/wp\/v2\/posts\/45383\/revisions"}],"predecessor-version":[{"id":45395,"href":"https:\/\/fedai.az\/index.php?rest_route=\/wp\/v2\/posts\/45383\/revisions\/45395"}],"wp:featuredmedia":[{"embeddable":true,"href":"https:\/\/fedai.az\/index.php?rest_route=\/wp\/v2\/media\/45394"}],"wp:attachment":[{"href":"https:\/\/fedai.az\/index.php?rest_route=%2Fwp%2Fv2%2Fmedia&parent=45383"}],"wp:term":[{"taxonomy":"category","embeddable":true,"href":"https:\/\/fedai.az\/index.php?rest_route=%2Fwp%2Fv2%2Fcategories&post=45383"},{"taxonomy":"post_tag","embeddable":true,"href":"https:\/\/fedai.az\/index.php?rest_route=%2Fwp%2Fv2%2Ftags&post=45383"}],"curies":[{"name":"wp","href":"https:\/\/api.w.org\/{rel}","templated":true}]}}