{"id":45396,"date":"2021-08-15T02:25:23","date_gmt":"2021-08-14T22:25:23","guid":{"rendered":"https:\/\/fedai.az\/?p=45396"},"modified":"2021-08-15T02:25:28","modified_gmt":"2021-08-14T22:25:28","slug":"guney-az%c9%99rbaycan-ucun-ana-dili-d%c9%99rsliyi-hazirlandi","status":"publish","type":"post","link":"https:\/\/fedai.az\/?p=45396","title":{"rendered":"G\u00fcney Az\u0259rbaycan \u00fc\u00e7\u00fcn Ana Dili d\u0259rsliyi haz\u0131rland\u0131"},"content":{"rendered":"\n<p><strong>Bu bar\u0259d\u0259 \u0130ran\u0131n r\u0259smi saytlar\u0131 v\u0259 d\u00fcnyan\u0131n ayr\u0131-ayr\u0131 \u00f6lk\u0259l\u0259rind\u0259 f\u0259aliyy\u0259t g\u00f6st\u0259r\u0259n G\u00fcney Az\u0259rbaycan saytlar\u0131 m\u0259lumat verib, \u015f\u0259rhl\u0259r yaz\u0131b. \u00a0<\/strong><\/p>\n\n\n\n<p>&nbsp; 1945-1946-c\u0131 ill\u0259rd\u0259n \u2013 Az\u0259rbaycan Demokratik Firq\u0259sind\u0259n sonra ilk d\u0259f\u0259dir ki, m\u00f6vcud hakimiyy\u0259t \u0130randak\u0131 t\u00fcrkl\u0259rin milli irad\u0259si qar\u015f\u0131s\u0131nda Az\u0259rbaycan t\u00fcrkc\u0259sind\u0259 d\u0259rs ke\u00e7ilm\u0259sin\u0259 raz\u0131l\u0131q verib. Bu n\u0259tic\u0259ni almaq \u00fc\u00e7\u00fcn \u0130randak\u0131 Az\u0259rbaycan t\u00fcrkl\u0259rinin dir\u0259ni\u015fi n\u0259 az, n\u0259 \u00e7ox &#8212; d\u00fcz 70 il s\u00fcr\u00fcb.<\/p>\n\n\n\n<p>\u00a0 T\u0259dris olunacaq Az\u0259rbaycan t\u00fcrkc\u0259sind\u0259 ibtidai t\u0259hsil d\u0259rsliyi Ana Dili adlan\u0131r.<\/p>\n\n\n\n<figure class=\"wp-block-image size-large\"><img loading=\"lazy\" decoding=\"async\" width=\"389\" height=\"536\" src=\"https:\/\/fedai.az\/wp-content\/uploads\/2021\/08\/586cbccc4cfe2.jpg\" alt=\"\" class=\"wp-image-45397\" srcset=\"https:\/\/fedai.az\/wp-content\/uploads\/2021\/08\/586cbccc4cfe2.jpg 389w, https:\/\/fedai.az\/wp-content\/uploads\/2021\/08\/586cbccc4cfe2-218x300.jpg 218w, https:\/\/fedai.az\/wp-content\/uploads\/2021\/08\/586cbccc4cfe2-109x150.jpg 109w\" sizes=\"auto, (max-width: 389px) 100vw, 389px\" \/><\/figure>\n\n\n\n<p>&nbsp; Art\u0131q ilk olaraq \u0130ran Milli T\u0259hsil Nazirliyi Z\u0259ncan \u018fyal\u0259ti M\u00fcdirliyinin \u201cT\u00fcrkc\u0259nin ibtidai m\u0259kt\u0259bl\u0259rd\u0259 \u00f6yr\u0259dilm\u0259si\u201d \u00e7\u0259r\u00e7iv\u0259sind\u0259 haz\u0131rlad\u0131\u011f\u0131 Ana Dili d\u0259rsliyi yay\u0131nlan\u0131b. Yeni t\u0259dris-t\u0259lim ilind\u0259n (2017-2018) etibar\u0259n m\u0259kt\u0259bl\u0259r\u0259 paylanacaq d\u0259rslik Az\u0259rbaycan t\u00fcrkl\u0259ri ya\u015fayan b\u00fct\u00fcn ibtidai sinifl\u0259rd\u0259 ke\u00e7il\u0259c\u0259k.<\/p>\n\n\n\n<p>&nbsp; \u0130randa \u0259r\u0259b \u0259lifbas\u0131nda T\u0259briz \u015fiv\u0259si \u0259sas\u0131nda Az\u0259rbaycan t\u00fcrkc\u0259sind\u0259 \u00e7\u0131xan bu Ana Dili d\u0259rsliyi 100 s\u0259hif\u0259d\u0259n ibar\u0259tdir. M\u0259lumata g\u00f6r\u0259, kitabda T\u00fcrkiy\u0259 Dil Qurumunun m\u0259sl\u0259h\u0259t g\u00f6rd\u00fcy\u00fc \u00fcmumt\u00fcrk s\u00f6zl\u0259rinin i\u015fl\u0259nilm\u0259si \u0259sas g\u00f6t\u00fcr\u00fcl\u00fcb. D\u0259rslikd\u0259 m\u0259zh\u0259b f\u0259rqi olmadan \u018fmir Teymur, N\u0259simi, M\u00f6vlana, Fizuli, Bab\u0259k, Bulut Kara\u00e7\u00f6rl\u00fc (S\u0259h\u0259nd) v\u0259 dig\u0259r t\u00fcrk soylu b\u00f6y\u00fck \u015f\u0259xsiyy\u0259tl\u0259r\u0259 yer veril\u0259c\u0259k.<\/p>\n\n\n\n<p>&nbsp; Bunu da qeyd ed\u0259k ki, Ana Dili d\u0259srliyin\u0259 ist\u0259r Az\u0259rbaycan Respublikas\u0131, ist\u0259rs\u0259 d\u0259 \u0130randak\u0131 Az\u0259rbaycan \u0259yal\u0259tl\u0259rind\u0259 m\u00fcnasib\u0259t birm\u0259nal\u0131 deyil. Bir qisim \u015eimali Az\u0259rbaycan m\u0259tbuat oqranlar\u0131 v\u0259 sosial media \u015f\u0259b\u0259k\u0259l\u0259ri: \u201c\u0130ll\u0259rdir Az\u0259rbaycan t\u00fcrkc\u0259si lat\u0131n \u0259lifbas\u0131 v\u0259 b\u0259lli dil qanunlar\u0131 (qrammatika) il\u0259 \u00f6yr\u0259dilir. Dil bir oldu\u011fu \u00fc\u00e7\u00fcn \u0259lifbas\u0131 v\u0259 qrammatikas\u0131 da bir olmal\u0131d\u0131r\u201d dey\u0259 yaz\u0131r.<\/p>\n\n\n\n<p>\u00a0 Bir qrup G\u00fcney Az\u0259rbaycan ziyal\u0131s\u0131 is\u0259 Quzey Az\u0259rbaycan t\u00fcrkc\u0259sin\u0259 rus v\u0259 Avropa m\u0259n\u015f\u0259li s\u00f6zl\u0259rin qar\u0131\u015fd\u0131\u011f\u0131n\u0131, \u0259r\u0259b v\u0259 fars m\u0259n\u015f\u0259li s\u00f6zl\u0259rin is\u0259 m\u0259nas\u0131na g\u00f6r\u0259 i\u015fl\u0259nm\u0259diyini s\u0259b\u0259b g\u0259tir\u0259r\u0259k T\u0259briz \u015fiv\u0259sini etalon kimi se\u00e7dikl\u0259rini bildirir, eyni zamanda, uzun ill\u0259rd\u0259n sonra \u0130ran h\u00f6kum\u0259tinin, \u0259r\u0259b \u0259lifbas\u0131nda olsa bel\u0259, Az\u0259rbaycan t\u00fcrkc\u0259sind\u0259 t\u0259hsil verm\u0259 t\u0259\u015f\u0259bb\u00fcs\u00fcn\u00fc t\u0259qdir olunan q\u0259bul etdikl\u0259rini s\u00f6yl\u0259yir. \u00a0\u00a0\u00a0\u00a0\u00a0<\/p>\n\n\n\n<p>M\u0259nb\u0259: TRT Azerbaycan<\/p>\n","protected":false},"excerpt":{"rendered":"<p>Bu bar\u0259d\u0259 \u0130ran\u0131n r\u0259smi saytlar\u0131 v\u0259 d\u00fcnyan\u0131n ayr\u0131-ayr\u0131 \u00f6lk\u0259l\u0259rind\u0259 f\u0259aliyy\u0259t g\u00f6st\u0259r\u0259n G\u00fcney Az\u0259rbaycan saytlar\u0131 m\u0259lumat verib, \u015f\u0259rhl\u0259r yaz\u0131b. \u00a0 &nbsp; 1945-1946-c\u0131 ill\u0259rd\u0259n \u2013 Az\u0259rbaycan<\/p>\n","protected":false},"author":2,"featured_media":45398,"comment_status":"closed","ping_status":"closed","sticky":false,"template":"","format":"standard","meta":{"footnotes":""},"categories":[3],"tags":[],"class_list":["post-45396","post","type-post","status-publish","format-standard","has-post-thumbnail","hentry","category-gundm"],"aioseo_notices":[],"_links":{"self":[{"href":"https:\/\/fedai.az\/index.php?rest_route=\/wp\/v2\/posts\/45396","targetHints":{"allow":["GET"]}}],"collection":[{"href":"https:\/\/fedai.az\/index.php?rest_route=\/wp\/v2\/posts"}],"about":[{"href":"https:\/\/fedai.az\/index.php?rest_route=\/wp\/v2\/types\/post"}],"author":[{"embeddable":true,"href":"https:\/\/fedai.az\/index.php?rest_route=\/wp\/v2\/users\/2"}],"replies":[{"embeddable":true,"href":"https:\/\/fedai.az\/index.php?rest_route=%2Fwp%2Fv2%2Fcomments&post=45396"}],"version-history":[{"count":1,"href":"https:\/\/fedai.az\/index.php?rest_route=\/wp\/v2\/posts\/45396\/revisions"}],"predecessor-version":[{"id":45399,"href":"https:\/\/fedai.az\/index.php?rest_route=\/wp\/v2\/posts\/45396\/revisions\/45399"}],"wp:featuredmedia":[{"embeddable":true,"href":"https:\/\/fedai.az\/index.php?rest_route=\/wp\/v2\/media\/45398"}],"wp:attachment":[{"href":"https:\/\/fedai.az\/index.php?rest_route=%2Fwp%2Fv2%2Fmedia&parent=45396"}],"wp:term":[{"taxonomy":"category","embeddable":true,"href":"https:\/\/fedai.az\/index.php?rest_route=%2Fwp%2Fv2%2Fcategories&post=45396"},{"taxonomy":"post_tag","embeddable":true,"href":"https:\/\/fedai.az\/index.php?rest_route=%2Fwp%2Fv2%2Ftags&post=45396"}],"curies":[{"name":"wp","href":"https:\/\/api.w.org\/{rel}","templated":true}]}}