{"id":45484,"date":"2021-08-16T03:07:30","date_gmt":"2021-08-15T23:07:30","guid":{"rendered":"https:\/\/fedai.az\/?p=45484"},"modified":"2021-08-16T14:07:56","modified_gmt":"2021-08-16T10:07:56","slug":"%c9%99sr%c9%99f-qani-qacdi-abdul-qani-g%c9%99ldi-n%c9%99l%c9%99r-d%c9%99yis%c9%99c%c9%99k","status":"publish","type":"post","link":"https:\/\/fedai.az\/?p=45484","title":{"rendered":"\u018f\u015fr\u0259f Qani qa\u00e7d\u0131, Abdul Qani g\u0259ldi &#8212; N\u0259l\u0259r d\u0259yi\u015f\u0259c\u0259k?"},"content":{"rendered":"\n<p><strong>Taliban\u0131n paytaxt Kabula daxil olmaqla b\u00fct\u00fcn b\u00f6y\u00fck \u0259yal\u0259t m\u0259rk\u0259zl\u0259rini \u0259l\u0259 ke\u00e7irm\u0259sind\u0259n sonra \u018f\u015fr\u0259f Qani Tacikistana s\u0131\u011f\u0131n\u0131b.<\/strong><\/p>\n\n\n\n<p><br>\u018f\u015fr\u0259f Qani hadis\u0259yl\u0259 ba\u011fl\u0131 ilk a\u00e7\u0131qlama verib: &#171;D\u00fczg\u00fcn q\u0259rar q\u0259bul etdim. &#171;Taliban&#187; m\u0259ni hakimiyy\u0259td\u0259n devirm\u0259k \u00fc\u00e7\u00fcn Kabil\u0259 v\u0259 onun sakinl\u0259rin\u0259 qar\u015f\u0131 qanl\u0131 h\u00fccum etm\u0259y\u0259 haz\u0131r oldu\u011funu a\u00e7\u0131q \u015f\u0259kild\u0259 b\u0259yan etdi. Qan t\u00f6k\u00fclm\u0259sinin qar\u015f\u0131s\u0131n\u0131 almaq \u00fc\u00e7\u00fcn v\u0259zif\u0259md\u0259n istefa verm\u0259k q\u0259rar\u0131na g\u0259ldim&#187;.<\/p>\n\n\n\n<figure class=\"wp-block-gallery columns-3 is-cropped wp-block-gallery-1 is-layout-flex wp-block-gallery-is-layout-flex\"><ul class=\"blocks-gallery-grid\"><li class=\"blocks-gallery-item\"><figure><img loading=\"lazy\" decoding=\"async\" width=\"800\" height=\"452\" src=\"https:\/\/fedai.az\/wp-content\/uploads\/2021\/08\/photo20210815191139.jpg\" alt=\"\" data-id=\"45494\" data-full-url=\"https:\/\/fedai.az\/wp-content\/uploads\/2021\/08\/photo20210815191139.jpg\" data-link=\"https:\/\/fedai.az\/?attachment_id=45494\" class=\"wp-image-45494\" srcset=\"https:\/\/fedai.az\/wp-content\/uploads\/2021\/08\/photo20210815191139.jpg 800w, https:\/\/fedai.az\/wp-content\/uploads\/2021\/08\/photo20210815191139-300x170.jpg 300w, https:\/\/fedai.az\/wp-content\/uploads\/2021\/08\/photo20210815191139-150x85.jpg 150w, https:\/\/fedai.az\/wp-content\/uploads\/2021\/08\/photo20210815191139-768x434.jpg 768w\" sizes=\"auto, (max-width: 800px) 100vw, 800px\" \/><\/figure><\/li><li class=\"blocks-gallery-item\"><figure><img loading=\"lazy\" decoding=\"async\" width=\"960\" height=\"640\" src=\"https:\/\/fedai.az\/wp-content\/uploads\/2021\/08\/1629041994_fb_img_1629041848242-1.jpg\" alt=\"\" data-id=\"45489\" data-link=\"https:\/\/fedai.az\/?attachment_id=45489\" class=\"wp-image-45489\" srcset=\"https:\/\/fedai.az\/wp-content\/uploads\/2021\/08\/1629041994_fb_img_1629041848242-1.jpg 960w, https:\/\/fedai.az\/wp-content\/uploads\/2021\/08\/1629041994_fb_img_1629041848242-1-300x200.jpg 300w, https:\/\/fedai.az\/wp-content\/uploads\/2021\/08\/1629041994_fb_img_1629041848242-1-150x100.jpg 150w, https:\/\/fedai.az\/wp-content\/uploads\/2021\/08\/1629041994_fb_img_1629041848242-1-768x512.jpg 768w\" sizes=\"auto, (max-width: 960px) 100vw, 960px\" \/><\/figure><\/li><li class=\"blocks-gallery-item\"><figure><img loading=\"lazy\" decoding=\"async\" width=\"750\" height=\"421\" src=\"https:\/\/fedai.az\/wp-content\/uploads\/2021\/08\/1629049315-750-450.jpg\" alt=\"\" data-id=\"45493\" data-link=\"https:\/\/fedai.az\/?attachment_id=45493\" class=\"wp-image-45493\" srcset=\"https:\/\/fedai.az\/wp-content\/uploads\/2021\/08\/1629049315-750-450.jpg 750w, https:\/\/fedai.az\/wp-content\/uploads\/2021\/08\/1629049315-750-450-300x168.jpg 300w, https:\/\/fedai.az\/wp-content\/uploads\/2021\/08\/1629049315-750-450-150x84.jpg 150w, https:\/\/fedai.az\/wp-content\/uploads\/2021\/08\/1629049315-750-450-715x400.jpg 715w\" sizes=\"auto, (max-width: 750px) 100vw, 750px\" \/><\/figure><\/li><\/ul><\/figure>\n\n\n\n<p><br>Qeyd ed\u0259k ki, bu g\u00fcn radikal &#171;Taliban&#187; silahl\u0131lar\u0131 paytaxt Kabil\u0259 d\u00f6y\u00fc\u015fs\u00fcz daxil olublar. \u018ffqan\u0131stan prezidenti \u018f\u015fr\u0259f Qani h\u0259yat yolda\u015f\u0131, \u00f6vladlar\u0131 v\u0259 iki k\u00f6m\u0259k\u00e7isi il\u0259 birg\u0259 Kabild\u0259n Tacikistana u\u00e7ub v\u0259 oradan Omana gedib.<\/p>\n\n\n\n<p><br>Bu bar\u0259d\u0259 \u018ffqan\u0131stan\u0131n &#171;TOLO News&#187; agentliyi m\u0259lumat yay\u0131b.<br><\/p>\n\n\n\n<p>Radikal &#171;Taliban&#187; h\u0259r\u0259kat\u0131 tezlikl\u0259 Kabild\u0259ki Prezident Saray\u0131ndan \u018ffqan\u0131stan \u0130slam \u018fmirliyinin yarad\u0131ld\u0131\u011f\u0131n\u0131 elan ed\u0259c\u0259k.<\/p>\n\n\n\n<p><br>&#171;Associated Press&#187; h\u0259r\u0259kat\u0131n s\u00f6z\u00e7\u00fcs\u00fc bu bar\u0259d\u0259 m\u0259lumat yay\u0131b.<\/p>\n\n\n\n<p><br>\u018ffqan\u0131standa v\u0259ziyy\u0259t son h\u0259ft\u0259l\u0259rd\u0259 &#171;Taliban&#187;\u0131n \u00f6lk\u0259nin b\u00f6y\u00fck \u015f\u0259h\u0259rl\u0259rin\u0259 h\u00fccumu il\u0259 g\u0259rginl\u0259\u015fdi.<\/p>\n\n\n\n<p><br>Bazar g\u00fcn\u00fc media v\u0259 m\u0259nb\u0259l\u0259r \u018ffqan\u0131standak\u0131 b\u00fct\u00fcn s\u0259rh\u0259d ke\u00e7idl\u0259rinin &#171;Taliban&#187; t\u0259r\u0259find\u0259n n\u0259zar\u0259t edildiyini bildirdi.<\/p>\n\n\n\n<p>\u018ffqan\u0131stan d\u00fcnya g\u00fccl\u0259ri v\u0259 regionda maraqlar\u0131 olan d\u00f6vl\u0259tl\u0259rin haqq-hesab meydan\u0131na \u00e7evrilib. Ba\u015f oyun\u00e7u AB\u015e \u00e7al\u0131\u015f\u0131r ki, \u00c7in \u0259traf\u0131nda, &#171;Bir k\u0259m\u0259r \u2013 bir yol\u201d mar\u015frutu \u00fcz\u0259rind\u0259 qeyri-sabitlik \u015f\u0259raiti yarad\u0131ls\u0131n v\u0259 r\u0259qab\u0259t apard\u0131\u011f\u0131 \u00c7in\u0259 radikal islam ad\u0131 alt\u0131nda Do\u011fu T\u00fcrk\u00fcstana t\u0259sir r\u0131\u00e7aqlar\u0131 \u0259ld\u0259 ed\u0259 bilsin.<\/p>\n\n\n\n<p><br><strong>\u00c7inin \u00f6z ist\u0259kl\u0259ri var. \u00d6nc\u0259 AB\u015e &#171;mandatl\u0131&#187; Suriyadak\u0131 T\u00fcrk\u00fcstan \u0130slam Partiyas\u0131 d\u00f6y\u00fc\u015f\u00e7\u00fcl\u0259rinin \u018ffqan\u0131stana g\u0259lib, orada m\u00f6vqe tutmas\u0131n\u0131 \u0259ng\u0259ll\u0259sin, \u00f6z s\u0259rh\u0259dl\u0259rinin, o c\u00fcml\u0259d\u0259n strateji \u0259h\u0259miyy\u0259tli Vahan d\u0259hlizinin v\u0259 infrastruktur proyektl\u0259rinin t\u0259hl\u00fck\u0259sizliyini t\u0259min etsin. Xat\u0131rladaq ki, Taliban\u0131n Q\u0259t\u0259r Siyasi B\u00fcrosunun r\u0259hb\u0259ri Molla \u018fbd\u00fcl Qani Biraderin r\u0259hb\u0259rlik etdiyi n\u00fcmay\u0259nd\u0259 hey\u0259ti \u00c7in\u0259 s\u0259f\u0259r ed\u0259r\u0259k \u00c7inin xarici i\u015fl\u0259r naziri Vang Yi \u00c7inin Tianjin \u015f\u0259h\u0259rind\u0259 g\u00f6r\u00fc\u015fd\u00fcy\u00fc m\u0259lumdur.<\/strong><\/p>\n\n\n\n<figure class=\"wp-block-gallery columns-3 is-cropped wp-block-gallery-2 is-layout-flex wp-block-gallery-is-layout-flex\"><ul class=\"blocks-gallery-grid\"><li class=\"blocks-gallery-item\"><figure><img loading=\"lazy\" decoding=\"async\" width=\"600\" height=\"400\" src=\"https:\/\/fedai.az\/wp-content\/uploads\/2021\/08\/232262767_10208404579188918_8578306651827948488_n.jpg\" alt=\"\" data-id=\"45495\" data-link=\"https:\/\/fedai.az\/?attachment_id=45495\" class=\"wp-image-45495\" srcset=\"https:\/\/fedai.az\/wp-content\/uploads\/2021\/08\/232262767_10208404579188918_8578306651827948488_n.jpg 600w, https:\/\/fedai.az\/wp-content\/uploads\/2021\/08\/232262767_10208404579188918_8578306651827948488_n-300x200.jpg 300w, https:\/\/fedai.az\/wp-content\/uploads\/2021\/08\/232262767_10208404579188918_8578306651827948488_n-150x100.jpg 150w\" sizes=\"auto, (max-width: 600px) 100vw, 600px\" \/><\/figure><\/li><li class=\"blocks-gallery-item\"><figure><img loading=\"lazy\" decoding=\"async\" width=\"750\" height=\"422\" src=\"https:\/\/fedai.az\/wp-content\/uploads\/2021\/08\/6118c3b486b24532dc8e3d96.jpg\" alt=\"\" data-id=\"45496\" data-link=\"https:\/\/fedai.az\/?attachment_id=45496\" class=\"wp-image-45496\" srcset=\"https:\/\/fedai.az\/wp-content\/uploads\/2021\/08\/6118c3b486b24532dc8e3d96.jpg 750w, https:\/\/fedai.az\/wp-content\/uploads\/2021\/08\/6118c3b486b24532dc8e3d96-300x169.jpg 300w, https:\/\/fedai.az\/wp-content\/uploads\/2021\/08\/6118c3b486b24532dc8e3d96-150x84.jpg 150w\" sizes=\"auto, (max-width: 750px) 100vw, 750px\" \/><\/figure><\/li><li class=\"blocks-gallery-item\"><figure><img loading=\"lazy\" decoding=\"async\" width=\"770\" height=\"512\" src=\"https:\/\/fedai.az\/wp-content\/uploads\/2021\/08\/akak_1-1.jpg\" alt=\"\" data-id=\"45497\" data-full-url=\"https:\/\/fedai.az\/wp-content\/uploads\/2021\/08\/akak_1-1.jpg\" data-link=\"https:\/\/fedai.az\/?attachment_id=45497\" class=\"wp-image-45497\" srcset=\"https:\/\/fedai.az\/wp-content\/uploads\/2021\/08\/akak_1-1.jpg 770w, https:\/\/fedai.az\/wp-content\/uploads\/2021\/08\/akak_1-1-300x199.jpg 300w, https:\/\/fedai.az\/wp-content\/uploads\/2021\/08\/akak_1-1-150x100.jpg 150w, https:\/\/fedai.az\/wp-content\/uploads\/2021\/08\/akak_1-1-768x511.jpg 768w\" sizes=\"auto, (max-width: 770px) 100vw, 770px\" \/><\/figure><\/li><\/ul><\/figure>\n\n\n\n<p><br>Vang Yi, Va\u015finqton r\u0259hb\u0259rliyinin \u018ffqan\u0131stan siyas\u0259tinin iflasa u\u011frad\u0131\u011f\u0131n\u0131 v\u0259 \u00f6lk\u0259d\u0259ki b\u00fct\u00fcn t\u0259r\u0259fl\u0259rin &#171;\u018ffqan\u0131stan \u0259fqanlar t\u0259r\u0259find\u0259n idar\u0259 edilm\u0259lidir&#187; prinsipi \u0259sas\u0131nda \u0259n q\u0131sa zamanda s\u00fclh qurmas\u0131 laz\u0131m oldu\u011funu bildirmi\u015fdi.<\/p>\n\n\n\n<p><br>G\u00f6r\u00fc\u015fd\u0259n h\u0259m\u0259n sonra Taliban s\u00f6z\u00e7\u00fcs\u00fc Suheyl \u015eahin, South China Morning Post -a verdiyi a\u00e7\u0131qlamada \u00c7ini &#171;dost \u00f6lk\u0259&#187; olaraq xarakteriz\u0259 etmi\u015fdi v\u0259 &#171;\u00c7ini alq\u0131\u015flay\u0131r\u0131q. \u018fg\u0259r s\u0259rmay\u0259 qoyacaqlarsa, t\u0259bii olaraq onlar\u0131n t\u0259hl\u00fck\u0259sizliyini t\u0259min edirik. Onlar\u0131n t\u0259hl\u00fck\u0259sizliyi bizim \u00fc\u00e7\u00fcn \u00e7ox d\u0259y\u0259rlidir \u201d- demi\u015fdi.<\/p>\n\n\n\n<p><br>Pekin r\u0259hb\u0259rliyi il\u0259 yax\u015f\u0131 \u0259laq\u0259l\u0259ri oldu\u011funu qeyd ed\u0259n \u015eahin, \u201c\u00c7ind\u0259 d\u0259f\u0259l\u0259rl\u0259 olmu\u015fuq v\u0259 yax\u015f\u0131 \u0259laq\u0259l\u0259rimiz var. \u00c7in, \u018ffqan\u0131stan\u0131n in\u015fas\u0131 v\u0259 inki\u015faf\u0131 \u00fc\u00e7\u00fcn alq\u0131\u015flad\u0131\u011f\u0131m\u0131z dost bir \u00f6lk\u0259dir.&#187; s\u00f6zl\u0259rind\u0259n istifad\u0259 etmi\u015fdi.<\/p>\n\n\n\n<p><br><strong>Rusiya \u00e7al\u0131\u015fmaqdad\u0131r ki, KTMT v\u0259 Avrasiya \u0130ttifaq\u0131 s\u0259rh\u0259dl\u0259rind\u0259 \u0130\u015e\u0130D, &#171;\u018fl-Kaida\u201d kimi terror qrupla\u015fmalar\u0131 g\u00fcc toplamas\u0131n v\u0259 Orta Asiyaya vasit\u0259siyl\u0259 \u00f6z s\u0259rh\u0259dl\u0259rin\u0259 radikal islam\u0131n siray\u0259t etm\u0259sini \u0259ng\u0259ll\u0259m\u0259k ist\u0259yir. Amma reall\u0131q tam \u0259ks m\u0259crada inki\u015faf etm\u0259kd\u0259dir. Tacikistanda 1300 km-lik \u018ffqan\u0131stanla s\u0259rh\u0259dl\u0259rin qorunmas\u0131 bir ba\u015fa Rusiyan\u0131n s\u0259lahiyy\u0259tl\u0259rin\u0259 aiddir. 7 minlik rus ordu birliyi Tacikistanda dislokasiya edilib. Amma ilkin m\u0259lumatlara g\u00f6r\u0259 5 milyon qa\u00e7q\u0131n dal\u011fas\u0131 \u00d6zb\u0259kistan, Qazaxstan, Tacikistan v\u0259 dig\u0259r \u00f6lk\u0259l\u0259r istiqam\u0259tind\u0259 g\u0259l\u0259c\u0259yi \u015f\u0259ksizdir.<\/strong><\/p>\n\n\n\n<figure class=\"wp-block-gallery columns-3 is-cropped wp-block-gallery-3 is-layout-flex wp-block-gallery-is-layout-flex\"><ul class=\"blocks-gallery-grid\"><li class=\"blocks-gallery-item\"><figure><img loading=\"lazy\" decoding=\"async\" width=\"720\" height=\"465\" src=\"https:\/\/fedai.az\/wp-content\/uploads\/2021\/08\/237569911_188090269979425_1288998080881741128_n.jpg\" alt=\"\" data-id=\"45498\" data-link=\"https:\/\/fedai.az\/?attachment_id=45498\" class=\"wp-image-45498\" srcset=\"https:\/\/fedai.az\/wp-content\/uploads\/2021\/08\/237569911_188090269979425_1288998080881741128_n.jpg 720w, https:\/\/fedai.az\/wp-content\/uploads\/2021\/08\/237569911_188090269979425_1288998080881741128_n-300x194.jpg 300w, https:\/\/fedai.az\/wp-content\/uploads\/2021\/08\/237569911_188090269979425_1288998080881741128_n-150x97.jpg 150w, https:\/\/fedai.az\/wp-content\/uploads\/2021\/08\/237569911_188090269979425_1288998080881741128_n-115x73.jpg 115w\" sizes=\"auto, (max-width: 720px) 100vw, 720px\" \/><\/figure><\/li><li class=\"blocks-gallery-item\"><figure><img loading=\"lazy\" decoding=\"async\" width=\"720\" height=\"481\" src=\"https:\/\/fedai.az\/wp-content\/uploads\/2021\/08\/238114920_829275137761522_8317775815135841052_n.jpg\" alt=\"\" data-id=\"45499\" data-link=\"https:\/\/fedai.az\/?attachment_id=45499\" class=\"wp-image-45499\" srcset=\"https:\/\/fedai.az\/wp-content\/uploads\/2021\/08\/238114920_829275137761522_8317775815135841052_n.jpg 720w, https:\/\/fedai.az\/wp-content\/uploads\/2021\/08\/238114920_829275137761522_8317775815135841052_n-300x200.jpg 300w, https:\/\/fedai.az\/wp-content\/uploads\/2021\/08\/238114920_829275137761522_8317775815135841052_n-150x100.jpg 150w\" sizes=\"auto, (max-width: 720px) 100vw, 720px\" \/><\/figure><\/li><li class=\"blocks-gallery-item\"><figure><img loading=\"lazy\" decoding=\"async\" width=\"720\" height=\"357\" src=\"https:\/\/fedai.az\/wp-content\/uploads\/2021\/08\/238626003_207571004719820_6828620381498830963_n.jpg\" alt=\"\" data-id=\"45500\" data-full-url=\"https:\/\/fedai.az\/wp-content\/uploads\/2021\/08\/238626003_207571004719820_6828620381498830963_n.jpg\" data-link=\"https:\/\/fedai.az\/?attachment_id=45500\" class=\"wp-image-45500\" srcset=\"https:\/\/fedai.az\/wp-content\/uploads\/2021\/08\/238626003_207571004719820_6828620381498830963_n.jpg 720w, https:\/\/fedai.az\/wp-content\/uploads\/2021\/08\/238626003_207571004719820_6828620381498830963_n-300x149.jpg 300w, https:\/\/fedai.az\/wp-content\/uploads\/2021\/08\/238626003_207571004719820_6828620381498830963_n-150x74.jpg 150w\" sizes=\"auto, (max-width: 720px) 100vw, 720px\" \/><\/figure><\/li><\/ul><\/figure>\n\n\n\n<p><br>Rusiya \u00e7ox narahatd\u0131r. Putinin T\u0259hl\u00fck\u0259sizlik \u015euras\u0131n\u0131 t\u0259cili \u00e7a\u011f\u0131rmas\u0131 da bununla ba\u011fl\u0131d\u0131r. \u0130nternetd\u0259, AB\u015e h\u00f6kum\u0259tind\u0259 i\u015fl\u0259y\u0259n \u0259fqanlar\u0131n m\u00fcv\u0259qq\u0259ti olaraq q\u0259bul edilm\u0259sin\u0259 dair Qazax\u0131stanla raz\u0131l\u0131q \u0259ld\u0259 edildiyi bar\u0259d\u0259 m\u0259lumat yay\u0131l\u0131r. Zakon.kz x\u0259b\u0259r verir ki, Xarici \u0130\u015fl\u0259r Nazirliyi bu a\u00e7\u0131qlaman\u0131 t\u0259kzib edir.<\/p>\n\n\n\n<p><br>Qa\u00e7q\u0131n d\u00fc\u015f\u0259rg\u0259sinin Qazax\u0131stan\u0131n c\u0259nubunda yerl\u0259\u015f\u0259c\u0259yi, ancaq Almat\u0131 v\u0259 T\u00fcrk\u00fcstan b\u00f6lg\u0259l\u0259rind\u0259 olmayaca\u011f\u0131 m\u0259lumdur. \u018fsas raz\u0131la\u015fma 2000 \u0259fqan\u0131stanl\u0131 \u00fc\u00e7\u00fcn n\u0259z\u0259rd\u0259 tutulub, b\u00fcdc\u0259 ayr\u0131l\u0131b. Saxta mesajda deyilir ki, qa\u00e7q\u0131nlar art\u0131q viza alma prosesini ba\u015fa \u00e7atd\u0131r\u0131rlar.<\/p>\n\n\n\n<p><br>O, h\u0259m\u00e7inin qeyd edir ki, AB\u015e d\u00f6vl\u0259t katibi Entoni Blinken Qazax\u0131stan Respublikas\u0131n\u0131n xarici i\u015fl\u0259r naziri Tleuberdi Muxtarla telefon dan\u0131\u015f\u0131\u011f\u0131nda qa\u00e7q\u0131nlara s\u0131\u011f\u0131nma prosesinin son detallar\u0131n\u0131 m\u00fczakir\u0259 edib. Ba\u015fqa bir Orta Asiyaya m\u0259xsus m\u0259nb\u0259 bildirib ki, AB\u015e Tacikistan, Qazax\u0131stan v\u0259 \u00d6zb\u0259kistana amerikal\u0131lara k\u00f6m\u0259k ed\u0259n 9 min\u0259 yax\u0131n \u0259fqan\u0131stanl\u0131n\u0131 m\u00fcv\u0259qq\u0259ti olaraq yerl\u0259\u015fdirm\u0259yi xahi\u015f edir. Rusiya arzulamad\u0131\u011f\u0131 g\u00fcnl\u0259rini ya\u015fay\u0131r.<\/p>\n\n\n\n<figure class=\"wp-block-gallery columns-3 is-cropped wp-block-gallery-4 is-layout-flex wp-block-gallery-is-layout-flex\"><ul class=\"blocks-gallery-grid\"><li class=\"blocks-gallery-item\"><figure><img loading=\"lazy\" decoding=\"async\" width=\"720\" height=\"379\" src=\"https:\/\/fedai.az\/wp-content\/uploads\/2021\/08\/238868479_4115414391888708_2393964405431019124_n.jpg\" alt=\"\" data-id=\"45501\" data-link=\"https:\/\/fedai.az\/?attachment_id=45501\" class=\"wp-image-45501\" srcset=\"https:\/\/fedai.az\/wp-content\/uploads\/2021\/08\/238868479_4115414391888708_2393964405431019124_n.jpg 720w, https:\/\/fedai.az\/wp-content\/uploads\/2021\/08\/238868479_4115414391888708_2393964405431019124_n-300x158.jpg 300w, https:\/\/fedai.az\/wp-content\/uploads\/2021\/08\/238868479_4115414391888708_2393964405431019124_n-150x79.jpg 150w\" sizes=\"auto, (max-width: 720px) 100vw, 720px\" \/><\/figure><\/li><li class=\"blocks-gallery-item\"><figure><img loading=\"lazy\" decoding=\"async\" width=\"1024\" height=\"576\" src=\"https:\/\/fedai.az\/wp-content\/uploads\/2021\/08\/2021081514105065860_children-63175_1280-1024x576.jpg\" alt=\"\" data-id=\"45502\" data-link=\"https:\/\/fedai.az\/?attachment_id=45502\" class=\"wp-image-45502\" srcset=\"https:\/\/fedai.az\/wp-content\/uploads\/2021\/08\/2021081514105065860_children-63175_1280-1024x576.jpg 1024w, https:\/\/fedai.az\/wp-content\/uploads\/2021\/08\/2021081514105065860_children-63175_1280-300x169.jpg 300w, https:\/\/fedai.az\/wp-content\/uploads\/2021\/08\/2021081514105065860_children-63175_1280-150x84.jpg 150w, https:\/\/fedai.az\/wp-content\/uploads\/2021\/08\/2021081514105065860_children-63175_1280-768x432.jpg 768w, https:\/\/fedai.az\/wp-content\/uploads\/2021\/08\/2021081514105065860_children-63175_1280.jpg 1280w\" sizes=\"auto, (max-width: 1024px) 100vw, 1024px\" \/><\/figure><\/li><li class=\"blocks-gallery-item\"><figure><img loading=\"lazy\" decoding=\"async\" width=\"288\" height=\"175\" src=\"https:\/\/fedai.az\/wp-content\/uploads\/2021\/08\/\u0411\u0435\u0437-\u043d\u0430\u0437\u0432\u0430\u043d\u0438\u044f-8-1.jpg\" alt=\"\" data-id=\"45503\" data-full-url=\"https:\/\/fedai.az\/wp-content\/uploads\/2021\/08\/\u0411\u0435\u0437-\u043d\u0430\u0437\u0432\u0430\u043d\u0438\u044f-8-1.jpg\" data-link=\"https:\/\/fedai.az\/?attachment_id=45503\" class=\"wp-image-45503\" srcset=\"https:\/\/fedai.az\/wp-content\/uploads\/2021\/08\/\u0411\u0435\u0437-\u043d\u0430\u0437\u0432\u0430\u043d\u0438\u044f-8-1.jpg 288w, https:\/\/fedai.az\/wp-content\/uploads\/2021\/08\/\u0411\u0435\u0437-\u043d\u0430\u0437\u0432\u0430\u043d\u0438\u044f-8-1-150x91.jpg 150w\" sizes=\"auto, (max-width: 288px) 100vw, 288px\" \/><\/figure><\/li><\/ul><\/figure>\n\n\n\n<p><br><strong>\u0130ran \u00e7al\u0131\u015f\u0131r ki, S\u0259udiyy\u0259 \u018fr\u0259bistan\u0131 liderliyind\u0259 s\u00fcnni \u0259r\u0259b d\u00fcnyas\u0131n\u0131n Talibanla \u0259laq\u0259l\u0259rind\u0259n \u00e7\u0259kinir, m\u0259zh\u0259b f\u0259rqin\u0259 baxmayaraq, Talibanla praqmatik \u0259sasda stabil m\u00fcnasib\u0259tl\u0259r qursun. Taliban\u0131n ke\u00e7mi\u015fd\u0259 t\u0259yyar\u0259l\u0259ri vurmaq \u00fc\u00e7\u00fcn silah texnologiyas\u0131n\u0131 \u0259ld\u0259 etm\u0259si, zaman-zaman \u0130ran-Taliban m\u00fcnasib\u0259tl\u0259rini g\u00fcnd\u0259m\u0259 g\u0259tirmi\u015f v\u0259 \u0130ran\u0131n bu texnologiyan\u0131 Talibana \u00f6t\u00fcrd\u00fcy\u00fc iddialar\u0131n\u0131 ortaya atm\u0131\u015fd\u0131.<\/strong><\/p>\n\n\n\n<p><br>\u0130ddialar, Taliban q\u00fcvv\u0259l\u0259rinin \u00f6lk\u0259d\u0259ki AB\u015e q\u00fcvv\u0259l\u0259rin\u0259 a\u011f\u0131r z\u0259rb\u0259l\u0259r endirdiyi vaxtlara gedib \u00e7\u0131x\u0131r. 2009 -cu ild\u0259 n\u0259\u015fr olunan CFR hesabat\u0131nda istifad\u0259 olunan silah v\u0259 partlay\u0131c\u0131 madd\u0259l\u0259rin \u0130ran m\u0259n\u015f\u0259li oldu\u011fu iddialar\u0131 vard\u0131. \u018f\u015fr\u0259f Qaninin AB\u015e -la imzalad\u0131\u011f\u0131 &#171;Strateji T\u0259r\u0259fda\u015fl\u0131q&#187; m\u00fcqavil\u0259sind\u0259n sonra \u0130ran, Taliban \u00fc\u00e7\u00fcn \u00f6z \u00f6lk\u0259sind\u0259 bir &#171;Ofis&#187; a\u00e7mas\u0131na icaz\u0259 verdi v\u0259 mediada Taliban\u0131n Zahedan v\u0259 M\u0259\u015fh\u0259dd\u0259 ofisl\u0259rinin oldu\u011fu a\u00e7\u0131qlanm\u0131\u015fd\u0131. \u0130ngilis m\u0259tbuat\u0131n\u0131n o vaxtlar yazd\u0131\u011f\u0131na g\u00f6r\u0259, AB\u015e k\u0259\u015ffiyyat\u0131 il\u0259 DM Quds Ordusu r\u0259smil\u0259ri aras\u0131ndak\u0131 \u00fcnsiyy\u0259td\u0259 &#171;yer &#8212; hava&#187; raketl\u0259rinin \u018ffqan\u0131stana \u00f6t\u00fcr\u00fclm\u0259sind\u0259n dan\u0131\u015f\u0131lm\u0131\u015fd\u0131.<\/p>\n\n\n\n<p><br>Qas\u0131m S\u00fcleymani \u00f6ld\u00fcr\u00fcld\u00fckd\u0259n sonra onun yerin\u0259 ke\u00e7\u0259n \u0130smay\u0131l Kaani, \u018ffqan\u0131stan DM Quds Ordusu \u00fc\u00e7\u00fcn m\u0259sul idi. X\u00fcsusil\u0259, raketl\u0259rin \u0130randan Talibl\u0259r\u0259 \u00e7atd\u0131r\u0131ld\u0131\u011f\u0131 iddialar\u0131 h\u0259l\u0259 d\u0259 qalmaqdad\u0131r. Bunlar iddia olaraq qalmaqdad\u0131r. H\u0259l\u0259lik konkret m\u0259lumatlar yoxdur.<\/p>\n\n\n\n<p><br><strong>Hadis\u0259l\u0259rd\u0259 mara\u011f\u0131 olan d\u00f6vl\u0259tl\u0259rd\u0259n biri d\u0259 Hindistand\u0131r. Hindistan \u0130ran\u0131n \u00c7abahar liman\u0131 vasit\u0259sil\u0259 Pakistandan yan ke\u00e7m\u0259kl\u0259 \u018ffqan\u0131stana v\u0259 Orta Asiyaya \u00e7\u0131xan n\u0259qliyyat koridoru yaratm\u0131\u015fd\u0131 v\u0259 \u0130ranla bu layih\u0259y\u0259 500 milyon dollar investisiya yat\u0131rma\u011f\u0131 n\u0259z\u0259rd\u0259 tutan anla\u015fma imzalam\u0131\u015fd\u0131. \u0130ndi bu koridorun taleyi h\u0259l\u0259lik bilinmir. Hindistan\u0131n narahat\u00e7\u0131l\u0131\u011f\u0131n\u0131n ciddi \u0259saslar\u0131 m\u00f6vcuddur. AB\u015e prezidenti Donald Tramp\u0131n Talibanla dan\u0131\u015f\u0131qlar\u0131 dayand\u0131rma q\u0259rar\u0131 Hindistan siyasi ictimaiyy\u0259tind\u0259 m\u00fcsb\u0259t qar\u015f\u0131lanm\u0131\u015fd\u0131. 2014-c\u00fc ild\u0259 Taliban Herat\u0131n \u00fc\u00e7\u00fcnc\u00fc b\u00f6lg\u0259sind\u0259ki Hindistan Konsullu\u011funa h\u00fccum etmi\u015fdi v\u0259 t\u0259hl\u00fck\u0259sizlik q\u00fcvv\u0259l\u0259ri il\u0259 toqqu\u015fdu\u011fu bildirilmi\u015fdi. \u00c7ox g\u00fcman ki, Taliban, Hindistan\u0131n anti Taliban t\u00f6vr\u00fcn\u00fc unutmay\u0131b v\u0259 bu da \u0130ran-Hindistan-Orta Asiya-Rusiya alternativ n\u0259qliyyat koridoru da sual alt\u0131na d\u00fc\u015f\u00fcr.<\/strong><\/p>\n\n\n\n<figure class=\"wp-block-gallery columns-3 is-cropped wp-block-gallery-5 is-layout-flex wp-block-gallery-is-layout-flex\"><ul class=\"blocks-gallery-grid\"><li class=\"blocks-gallery-item\"><figure><img loading=\"lazy\" decoding=\"async\" width=\"300\" height=\"168\" src=\"https:\/\/fedai.az\/wp-content\/uploads\/2021\/08\/\u0411\u0435\u0437-\u043d\u0430\u0437\u0432\u0430\u043d\u0438\u044f-6-1.jpg\" alt=\"\" data-id=\"45486\" data-link=\"https:\/\/fedai.az\/?attachment_id=45486\" class=\"wp-image-45486\" srcset=\"https:\/\/fedai.az\/wp-content\/uploads\/2021\/08\/\u0411\u0435\u0437-\u043d\u0430\u0437\u0432\u0430\u043d\u0438\u044f-6-1.jpg 300w, https:\/\/fedai.az\/wp-content\/uploads\/2021\/08\/\u0411\u0435\u0437-\u043d\u0430\u0437\u0432\u0430\u043d\u0438\u044f-6-1-150x84.jpg 150w\" sizes=\"auto, (max-width: 300px) 100vw, 300px\" \/><\/figure><\/li><li class=\"blocks-gallery-item\"><figure><img loading=\"lazy\" decoding=\"async\" width=\"300\" height=\"168\" src=\"https:\/\/fedai.az\/wp-content\/uploads\/2021\/08\/\u0411\u0435\u0437-\u043d\u0430\u0437\u0432\u0430\u043d\u0438\u044f-5-3.jpg\" alt=\"\" data-id=\"45487\" data-link=\"https:\/\/fedai.az\/?attachment_id=45487\" class=\"wp-image-45487\" srcset=\"https:\/\/fedai.az\/wp-content\/uploads\/2021\/08\/\u0411\u0435\u0437-\u043d\u0430\u0437\u0432\u0430\u043d\u0438\u044f-5-3.jpg 300w, https:\/\/fedai.az\/wp-content\/uploads\/2021\/08\/\u0411\u0435\u0437-\u043d\u0430\u0437\u0432\u0430\u043d\u0438\u044f-5-3-150x84.jpg 150w\" sizes=\"auto, (max-width: 300px) 100vw, 300px\" \/><\/figure><\/li><li class=\"blocks-gallery-item\"><figure><img loading=\"lazy\" decoding=\"async\" width=\"960\" height=\"640\" src=\"https:\/\/fedai.az\/wp-content\/uploads\/2021\/08\/1629041994_fb_img_1629041848242.jpg\" alt=\"\" data-id=\"45488\" data-full-url=\"https:\/\/fedai.az\/wp-content\/uploads\/2021\/08\/1629041994_fb_img_1629041848242.jpg\" data-link=\"https:\/\/fedai.az\/?attachment_id=45488\" class=\"wp-image-45488\" srcset=\"https:\/\/fedai.az\/wp-content\/uploads\/2021\/08\/1629041994_fb_img_1629041848242.jpg 960w, https:\/\/fedai.az\/wp-content\/uploads\/2021\/08\/1629041994_fb_img_1629041848242-300x200.jpg 300w, https:\/\/fedai.az\/wp-content\/uploads\/2021\/08\/1629041994_fb_img_1629041848242-150x100.jpg 150w, https:\/\/fedai.az\/wp-content\/uploads\/2021\/08\/1629041994_fb_img_1629041848242-768x512.jpg 768w\" sizes=\"auto, (max-width: 960px) 100vw, 960px\" \/><\/figure><\/li><\/ul><\/figure>\n\n\n\n<p><br><strong>Xat\u0131rladaq ki, h\u00fccum \u00f6nc\u0259si \u00c7in, \u018ffqan\u0131stan v\u0259 Pakistan birg\u0259 b\u0259yanat ver\u0259r\u0259k (04.06.2021-ci il) &#171;Taliban&#187; h\u0259r\u0259kat\u0131n\u0131n d\u00f6n\u00fc\u015f\u00fcn\u00fc g\u00f6zl\u0259yirik v\u0259 alq\u0131\u015flay\u0131r\u0131q&#187; &#8212; demi\u015fdi. Birg\u0259 b\u0259yanatda qeyd edilirdi ki, &#171;t\u0259r\u0259fl\u0259r, \u018ffqan\u0131standak\u0131 t\u0259hl\u00fck\u0259sizliyin qorunmas\u0131, v\u0259ziyy\u0259tin pisl\u0259\u015fm\u0259sinin qar\u015f\u0131s\u0131n\u0131 almaq v\u0259 terror\u00e7u q\u00fcvv\u0259l\u0259rin f\u00fcrs\u0259td\u0259n istifad\u0259 etm\u0259sin\u0259 imkan verm\u0259m\u0259k \u00fc\u00e7\u00fcn xarici qo\u015funlar\u0131n \u018ffqan\u0131standan \u00e7\u0131xar\u0131lmas\u0131 prosesin\u0259 m\u0259suliyy\u0259tli v\u0259 nizaml\u0131 yana\u015fma\u011fa \u00e7a\u011f\u0131r\u0131rlar&#187;. &#171;B\u00fct\u00fcn maraql\u0131 t\u0259r\u0259fl\u0259r terrorizml\u0259 m\u00fcbariz\u0259 \u00fczr\u0259 \u00f6hd\u0259likl\u0259rini vicdanla yerin\u0259 yetirm\u0259li v\u0259 h\u0259r hans\u0131 bir terror\u00e7u q\u00fcvv\u0259nin \u00f6z \u0259razil\u0259rind\u0259n istifad\u0259 ed\u0259r\u0259k dig\u0259r \u00f6lk\u0259l\u0259rin maraqlar\u0131na x\u0259l\u0259l g\u0259tirm\u0259sinin qar\u015f\u0131s\u0131n\u0131 almal\u0131d\u0131r&#187;.<\/strong><\/p>\n\n\n\n<p>Bu kritik g\u00fcnd\u0259 T\u00fcrkiy\u0259 prezidenti R\u0259c\u0259b Tayyib \u018frdo\u011fanla pakistanl\u0131 h\u0259mkar\u0131 Arif Alvi aras\u0131nda g\u00f6r\u00fc\u015f ba\u015f tutub.<\/p>\n\n\n\n<p><br>Bu bar\u0259d\u0259 &#171;TRT Haber&#187; m\u0259lumat yay\u0131b.<\/p>\n\n\n\n<p><br>Qeyd edilib ki, g\u00f6r\u00fc\u015f T\u00fcrkiy\u0259 d\u00f6vl\u0259t ba\u015f\u00e7\u0131s\u0131n\u0131n V\u0259hd\u0259ddin iqam\u0259tgah\u0131nda t\u0259\u015fkil olunub.<\/p>\n\n\n\n<p><br>H\u0259m\u00e7inin, g\u00f6r\u00fc\u015f\u00fcn m\u0259tbuata qapal\u0131 \u015f\u0259kild\u0259 ke\u00e7irildiyi bildirilib v\u0259 g\u00f6r\u00fc\u015fd\u0259 hans\u0131 m\u0259s\u0259l\u0259l\u0259rin m\u00fczakir\u0259 edilm\u0259si bar\u0259d\u0259 m\u0259tbuata m\u0259lumat s\u0131zd\u0131r\u0131lmay\u0131b.<\/p>\n\n\n\n<p><br>Eyni g\u00fcnd\u0259 \u018ffqan\u0131standa hakimiyy\u0259tini b\u0259rq\u0259rar ed\u0259n Taliban h\u0259r\u0259kat\u0131n\u0131n s\u00f6z\u00e7\u00fcs\u00fc Zabilhullah M\u00fccahid T\u00fcrkiy\u0259ni d\u00fc\u015fm\u0259n yox, m\u00fctt\u0259fiq olaraq g\u00f6rd\u00fckl\u0259rini bildirib. Kabul r\u0259hb\u0259rliyi il\u0259 dan\u0131\u015f\u0131qlar\u0131n ba\u015flad\u0131\u011f\u0131n\u0131 ifad\u0259 ed\u0259n M\u00fccahidl\u0259r, &#171;Kabili s\u00fclh yolu il\u0259 \u0259l\u0259 ke\u00e7ir\u0259c\u0259kl\u0259rini, kims\u0259nin can\u0131na v\u0259 mal\u0131na z\u0259r\u0259r verm\u0259k ist\u0259m\u0259dikl\u0259rini v\u0259 Kabil \u0259halisinin bundan narahat olmamalar\u0131n\u0131&#187; deyib.<\/p>\n\n\n\n<figure class=\"wp-block-gallery columns-3 is-cropped wp-block-gallery-6 is-layout-flex wp-block-gallery-is-layout-flex\"><ul class=\"blocks-gallery-grid\"><li class=\"blocks-gallery-item\"><figure><img loading=\"lazy\" decoding=\"async\" width=\"720\" height=\"400\" src=\"https:\/\/fedai.az\/wp-content\/uploads\/2021\/08\/taliban-cin-in-destegini-aldi-903854-5.jpg\" alt=\"\" data-id=\"45492\" data-full-url=\"https:\/\/fedai.az\/wp-content\/uploads\/2021\/08\/taliban-cin-in-destegini-aldi-903854-5.jpg\" data-link=\"https:\/\/fedai.az\/?attachment_id=45492\" class=\"wp-image-45492\" srcset=\"https:\/\/fedai.az\/wp-content\/uploads\/2021\/08\/taliban-cin-in-destegini-aldi-903854-5.jpg 720w, https:\/\/fedai.az\/wp-content\/uploads\/2021\/08\/taliban-cin-in-destegini-aldi-903854-5-300x167.jpg 300w, https:\/\/fedai.az\/wp-content\/uploads\/2021\/08\/taliban-cin-in-destegini-aldi-903854-5-150x83.jpg 150w\" sizes=\"auto, (max-width: 720px) 100vw, 720px\" \/><\/figure><\/li><li class=\"blocks-gallery-item\"><figure><img loading=\"lazy\" decoding=\"async\" width=\"740\" height=\"400\" src=\"https:\/\/fedai.az\/wp-content\/uploads\/2021\/08\/photo_473449.jpg\" alt=\"\" data-id=\"45490\" data-link=\"https:\/\/fedai.az\/?attachment_id=45490\" class=\"wp-image-45490\" srcset=\"https:\/\/fedai.az\/wp-content\/uploads\/2021\/08\/photo_473449.jpg 740w, https:\/\/fedai.az\/wp-content\/uploads\/2021\/08\/photo_473449-300x162.jpg 300w, https:\/\/fedai.az\/wp-content\/uploads\/2021\/08\/photo_473449-150x81.jpg 150w\" sizes=\"auto, (max-width: 740px) 100vw, 740px\" \/><\/figure><\/li><li class=\"blocks-gallery-item\"><figure><img loading=\"lazy\" decoding=\"async\" width=\"800\" height=\"450\" src=\"https:\/\/fedai.az\/wp-content\/uploads\/2021\/08\/cebb1b88854a429fe228f40ecccf5de16958y6.jpg\" alt=\"\" data-id=\"45491\" data-link=\"https:\/\/fedai.az\/?attachment_id=45491\" class=\"wp-image-45491\" srcset=\"https:\/\/fedai.az\/wp-content\/uploads\/2021\/08\/cebb1b88854a429fe228f40ecccf5de16958y6.jpg 800w, https:\/\/fedai.az\/wp-content\/uploads\/2021\/08\/cebb1b88854a429fe228f40ecccf5de16958y6-300x169.jpg 300w, https:\/\/fedai.az\/wp-content\/uploads\/2021\/08\/cebb1b88854a429fe228f40ecccf5de16958y6-150x84.jpg 150w, https:\/\/fedai.az\/wp-content\/uploads\/2021\/08\/cebb1b88854a429fe228f40ecccf5de16958y6-768x432.jpg 768w\" sizes=\"auto, (max-width: 800px) 100vw, 800px\" \/><\/figure><\/li><\/ul><\/figure>\n\n\n\n<p><br>Taliban he\u00e7 kimd\u0259n qisas almaq fikrind\u0259 olmad\u0131\u011f\u0131n\u0131 ifad\u0259 ed\u0259n M\u00fccahid, \u018ffqan\u0131stan h\u00f6kum\u0259tind\u0259 \u00e7al\u0131\u015fan b\u00fct\u00fcn \u0259sg\u0259rl\u0259ri v\u0259 m\u00fclki insanlar\u0131 ba\u011f\u0131\u015flad\u0131qlar\u0131n\u0131 deyib: &#171;Biz h\u0259r k\u0259sin \u00f6z\u00fcn\u00fc tapa bil\u0259c\u0259yi b\u00fct\u00fcn \u0259fqanlara xidm\u0259t ed\u0259c\u0259k v\u0259 ham\u0131 t\u0259r\u0259find\u0259n q\u0259bul edil\u0259c\u0259k bir \u0130slam h\u00f6kum\u0259ti quraca\u011f\u0131q&#187; deyib: &#171;Kabul \u00e7ox q\u0131sa m\u00fcdd\u0259td\u0259 n\u0259zar\u0259timiz\u0259 ke\u00e7\u0259c\u0259k. B\u00fct\u00fcn d\u00fcnya \u018ffqan\u0131stan \u0130slam \u018fmirliyinin z\u0259f\u0259rini q\u0259bul etm\u0259lidir. Bizi tan\u0131yan \u00f6lk\u0259l\u0259rl\u0259 s\u0131x \u0259laq\u0259l\u0259r qurma\u011fa haz\u0131r\u0131q. Biz he\u00e7 bir \u00f6lk\u0259nin \u018ffqan\u0131stan \u0259razisind\u0259 olmas\u0131na icaz\u0259 verm\u0259y\u0259c\u0259yik. Hans\u0131 \u00f6lk\u0259 olursa olsun, q\u0131sa m\u00fcdd\u0259td\u0259 xarici q\u00fcvv\u0259l\u0259ri \u018ffqan\u0131stan \u0130slam \u018fmirliyi \u0259razisind\u0259 i\u015f\u011fal\u00e7\u0131 olaraq g\u00f6r\u0259c\u0259yik v\u0259 laz\u0131m olan\u0131 ed\u0259c\u0259yik. &#187; T\u00fcrkiy\u0259 haqq\u0131nda dan\u0131\u015fan Taliban r\u0259smisi Molla M\u0259h\u0259mm\u0259d Yaqub is\u0259 &#171;T\u00fcrkiy\u0259 yax\u0131n \u0259laq\u0259l\u0259r qurmaq ist\u0259diyimiz bir \u00f6lk\u0259dir&#187; b\u0259yanat\u0131 il\u0259 \u00e7\u0131x\u0131\u015f edib: &#171;\u018frdo\u011fandan biz\u0259 h\u00f6rm\u0259tl\u0259 yana\u015fmas\u0131n\u0131 xahi\u015f edirik. T\u00fcrkiy\u0259 \u00e7oxlu \u0259fqanlara ev sahibliyi ed\u0259n bir \u00f6lk\u0259dir v\u0259 yax\u0131n \u0259laq\u0259l\u0259r qurmaq ist\u0259yirik. Biz T\u00fcrkiy\u0259ni d\u00fc\u015fm\u0259n yox, m\u00fctt\u0259fiq olaraq g\u00f6r\u00fcr\u00fck&#187;.<\/p>\n\n\n\n<figure class=\"wp-block-gallery columns-2 is-cropped wp-block-gallery-7 is-layout-flex wp-block-gallery-is-layout-flex\"><ul class=\"blocks-gallery-grid\"><li class=\"blocks-gallery-item\"><figure><img loading=\"lazy\" decoding=\"async\" width=\"756\" height=\"502\" src=\"https:\/\/fedai.az\/wp-content\/uploads\/2021\/08\/fedi-1.jpg\" alt=\"\" data-id=\"45506\" data-link=\"https:\/\/fedai.az\/?attachment_id=45506\" class=\"wp-image-45506\" srcset=\"https:\/\/fedai.az\/wp-content\/uploads\/2021\/08\/fedi-1.jpg 756w, https:\/\/fedai.az\/wp-content\/uploads\/2021\/08\/fedi-1-300x199.jpg 300w, https:\/\/fedai.az\/wp-content\/uploads\/2021\/08\/fedi-1-150x100.jpg 150w\" sizes=\"auto, (max-width: 756px) 100vw, 756px\" \/><figcaption class=\"blocks-gallery-item__caption\">Mar\u015fal Dustum<\/figcaption><\/figure><\/li><li class=\"blocks-gallery-item\"><figure><img loading=\"lazy\" decoding=\"async\" width=\"975\" height=\"640\" src=\"https:\/\/fedai.az\/wp-content\/uploads\/2021\/08\/29c5c3cb-5014-3420-add4-650f09a1dca2.jpg\" alt=\"\" data-id=\"45539\" data-full-url=\"https:\/\/fedai.az\/wp-content\/uploads\/2021\/08\/29c5c3cb-5014-3420-add4-650f09a1dca2.jpg\" data-link=\"https:\/\/fedai.az\/?attachment_id=45539\" class=\"wp-image-45539\" srcset=\"https:\/\/fedai.az\/wp-content\/uploads\/2021\/08\/29c5c3cb-5014-3420-add4-650f09a1dca2.jpg 975w, https:\/\/fedai.az\/wp-content\/uploads\/2021\/08\/29c5c3cb-5014-3420-add4-650f09a1dca2-300x197.jpg 300w, https:\/\/fedai.az\/wp-content\/uploads\/2021\/08\/29c5c3cb-5014-3420-add4-650f09a1dca2-150x98.jpg 150w, https:\/\/fedai.az\/wp-content\/uploads\/2021\/08\/29c5c3cb-5014-3420-add4-650f09a1dca2-768x504.jpg 768w\" sizes=\"auto, (max-width: 975px) 100vw, 975px\" \/><\/figure><\/li><\/ul><\/figure>\n\n\n\n<p><strong>T\u00fcrkiy\u0259 prezidenti R. T. \u018frdo\u011fan bu g\u00fcn verdiyi a\u00e7\u0131qlama bir \u00e7ox m\u0259qamlar\u0131 g\u00fcn \u00fcz\u00fcn\u0259 \u00e7\u0131xar\u0131b: &#171;Pakistan iki milyarddan \u00e7ox \u0259halisi il\u0259 vacib bir b\u00f6lg\u0259 olan C\u0259nubi Asiyada s\u00fclh\u00fcn b\u0259rq\u0259rar olunmas\u0131, rifah\u0131n art\u0131r\u0131lmas\u0131 istiqam\u0259tind\u0259 kritik bir v\u0259zif\u0259ni \u00fcz\u0259rin\u0259 g\u00f6t\u00fcr\u00fcb. B\u00f6lg\u0259nin \u00fczl\u0259\u015fdiyi probleml\u0259r\u0259 tap\u0131lacaq h\u0259ll yollar\u0131 ancaq Pakistan\u0131n d\u0259st\u0259yi il\u0259 h\u0259yata ke\u00e7iril\u0259 bil\u0259r&#187;. Y\u0259ni \u018ffqan\u0131standa stabilliyin \u0259ld\u0259 edilm\u0259sinin bu g\u00fcn t\u0259k variant\u0131 daha m\u00fct\u0259\u015f\u0259kkil olan Taliban olmas\u0131n\u0131 T\u00fcrkiy\u0259 v\u0259 Pakistan vaxt\u0131nda v\u0259 do\u011fru qiym\u0259tl\u0259ndirib&#8230;<\/strong><\/p>\n\n\n\n<p><strong>&#171;\u018fli V\u0259li m\u0259s\u0259l\u0259sin\u0259 b\u0259nz\u0259r \u015f\u0259kild\u0259&#187; \u018f\u015fr\u0259f Qani qa\u00e7d\u0131, Abdul Qani g\u0259ldi. G\u00f6r\u00fcn\u0259n h\u0259l\u0259lik budur\u2026<\/strong><\/p>\n\n\n\n<figure class=\"wp-block-image size-large is-resized\"><img loading=\"lazy\" decoding=\"async\" src=\"https:\/\/fedai.az\/wp-content\/uploads\/2021\/08\/yun.jpg\" alt=\"\" class=\"wp-image-45485\" width=\"296\" height=\"370\" srcset=\"https:\/\/fedai.az\/wp-content\/uploads\/2021\/08\/yun.jpg 540w, https:\/\/fedai.az\/wp-content\/uploads\/2021\/08\/yun-240x300.jpg 240w, https:\/\/fedai.az\/wp-content\/uploads\/2021\/08\/yun-120x150.jpg 120w\" sizes=\"auto, (max-width: 296px) 100vw, 296px\" \/><\/figure>\n\n\n\n<p><strong><span class=\"has-inline-color has-vivid-red-color\">\u018fli N\u0259sib Z\u0259rdabi<br>Fedai.az Ara\u015fd\u0131rma Qrupunun \u00fczv\u00fc<\/span><\/strong><\/p>\n\n\n\n<p><strong>P.S. Taliban \u0259fqan m\u0259murun qoyub qa\u00e7d\u0131\u011f\u0131 villaya daxil olur&#8230;<\/strong><\/p>\n\n\n\n<figure class=\"wp-block-embed is-type-video is-provider-youtube wp-block-embed-youtube wp-embed-aspect-16-9 wp-has-aspect-ratio\"><div class=\"wp-block-embed__wrapper\">\n<iframe loading=\"lazy\" title=\"Taliban \u018ffqan\u0131standa m\u0259murlar\u0131n villas\u0131na bel\u0259 girdil\u0259r. M\u0259mur villan\u0131 qoyub qa\u00e7d\u0131. Villadan g\u00f6r\u00fcnt\u00fc\" width=\"715\" height=\"402\" src=\"https:\/\/www.youtube.com\/embed\/pl7ADBPmQkY?feature=oembed\" frameborder=\"0\" allow=\"accelerometer; autoplay; clipboard-write; encrypted-media; gyroscope; picture-in-picture\" allowfullscreen><\/iframe>\n<\/div><\/figure>\n","protected":false},"excerpt":{"rendered":"<p>Taliban\u0131n paytaxt Kabula daxil olmaqla b\u00fct\u00fcn b\u00f6y\u00fck \u0259yal\u0259t m\u0259rk\u0259zl\u0259rini \u0259l\u0259 ke\u00e7irm\u0259sind\u0259n sonra \u018f\u015fr\u0259f Qani Tacikistana s\u0131\u011f\u0131n\u0131b. \u018f\u015fr\u0259f Qani hadis\u0259yl\u0259 ba\u011fl\u0131 ilk a\u00e7\u0131qlama verib: &#171;D\u00fczg\u00fcn<\/p>\n","protected":false},"author":2,"featured_media":45504,"comment_status":"closed","ping_status":"closed","sticky":false,"template":"","format":"standard","meta":{"footnotes":""},"categories":[6],"tags":[],"class_list":["post-45484","post","type-post","status-publish","format-standard","has-post-thumbnail","hentry","category-arasdirma"],"aioseo_notices":[],"_links":{"self":[{"href":"https:\/\/fedai.az\/index.php?rest_route=\/wp\/v2\/posts\/45484","targetHints":{"allow":["GET"]}}],"collection":[{"href":"https:\/\/fedai.az\/index.php?rest_route=\/wp\/v2\/posts"}],"about":[{"href":"https:\/\/fedai.az\/index.php?rest_route=\/wp\/v2\/types\/post"}],"author":[{"embeddable":true,"href":"https:\/\/fedai.az\/index.php?rest_route=\/wp\/v2\/users\/2"}],"replies":[{"embeddable":true,"href":"https:\/\/fedai.az\/index.php?rest_route=%2Fwp%2Fv2%2Fcomments&post=45484"}],"version-history":[{"count":6,"href":"https:\/\/fedai.az\/index.php?rest_route=\/wp\/v2\/posts\/45484\/revisions"}],"predecessor-version":[{"id":45573,"href":"https:\/\/fedai.az\/index.php?rest_route=\/wp\/v2\/posts\/45484\/revisions\/45573"}],"wp:featuredmedia":[{"embeddable":true,"href":"https:\/\/fedai.az\/index.php?rest_route=\/wp\/v2\/media\/45504"}],"wp:attachment":[{"href":"https:\/\/fedai.az\/index.php?rest_route=%2Fwp%2Fv2%2Fmedia&parent=45484"}],"wp:term":[{"taxonomy":"category","embeddable":true,"href":"https:\/\/fedai.az\/index.php?rest_route=%2Fwp%2Fv2%2Fcategories&post=45484"},{"taxonomy":"post_tag","embeddable":true,"href":"https:\/\/fedai.az\/index.php?rest_route=%2Fwp%2Fv2%2Ftags&post=45484"}],"curies":[{"name":"wp","href":"https:\/\/api.w.org\/{rel}","templated":true}]}}