{"id":45511,"date":"2021-08-16T03:22:20","date_gmt":"2021-08-15T23:22:20","guid":{"rendered":"https:\/\/fedai.az\/?p=45511"},"modified":"2021-08-16T03:22:25","modified_gmt":"2021-08-15T23:22:25","slug":"%c9%99rdogandan-pakistana-cagiris-etdi","status":"publish","type":"post","link":"https:\/\/fedai.az\/?p=45511","title":{"rendered":"\u018frdo\u011fandan Pakistana \u00e7a\u011f\u0131r\u0131\u015f etdi"},"content":{"rendered":"\n<p><strong>Pakistan iki milyarddan \u00e7ox \u0259halisi il\u0259 vacib bir b\u00f6lg\u0259 olan C\u0259nubi Asiyada s\u00fclh\u00fcn b\u0259rq\u0259rar olunmas\u0131, rifah\u0131n art\u0131r\u0131lmas\u0131 istiqam\u0259tind\u0259 kritik bir v\u0259zif\u0259ni \u00fcz\u0259rin\u0259 g\u00f6t\u00fcr\u00fcb. B\u00f6lg\u0259nin \u00fczl\u0259\u015fdiyi probleml\u0259r\u0259 tap\u0131lacaq h\u0259ll yollar\u0131 ancaq Pakistan\u0131n d\u0259st\u0259yi il\u0259 h\u0259yata ke\u00e7iril\u0259 bil\u0259r.<\/strong><\/p>\n\n\n\n<p>Bu s\u00f6zl\u0259ri T\u00fcrkiy\u0259 prezidenti R\u0259c\u0259b Tayyib \u018frdo\u011fan deyib.<\/p>\n\n\n\n<p>O bildirib ki, m\u00fcnaqi\u015f\u0259nin ba\u015f verdiyi \u018ffqan\u0131standa s\u00fclh\u00fcn v\u0259 rifah\u0131n b\u0259rq\u0259ar olunmas\u0131 m\u00f6vzusunda da Pakistan\u0131n \u00fcz\u0259rin\u0259 b\u00f6y\u00fck m\u0259suliyy\u0259t d\u00fc\u015f\u00fcr.<\/p>\n\n\n\n<p>T\u00fcrkiy\u0259 lideri qeyd edib ki, b\u00f6lg\u0259d\u0259, x\u00fcsusil\u0259 d\u0259 \u018ffqan\u0131standa tez bir zamanda sabitliyin b\u0259rpa olunmas\u0131 \u00fc\u00e7\u00fcn \u0259limizd\u0259n g\u0259l\u0259ni ed\u0259c\u0259yik.<\/p>\n\n\n\n<p>M\u0259nb\u0259: Teleqraf.com<\/p>\n","protected":false},"excerpt":{"rendered":"<p>Pakistan iki milyarddan \u00e7ox \u0259halisi il\u0259 vacib bir b\u00f6lg\u0259 olan C\u0259nubi Asiyada s\u00fclh\u00fcn b\u0259rq\u0259rar olunmas\u0131, rifah\u0131n art\u0131r\u0131lmas\u0131 istiqam\u0259tind\u0259 kritik bir v\u0259zif\u0259ni \u00fcz\u0259rin\u0259 g\u00f6t\u00fcr\u00fcb. B\u00f6lg\u0259nin<\/p>\n","protected":false},"author":2,"featured_media":45512,"comment_status":"closed","ping_status":"closed","sticky":false,"template":"","format":"standard","meta":{"footnotes":""},"categories":[1],"tags":[],"class_list":["post-45511","post","type-post","status-publish","format-standard","has-post-thumbnail","hentry","category-siyast"],"aioseo_notices":[],"_links":{"self":[{"href":"https:\/\/fedai.az\/index.php?rest_route=\/wp\/v2\/posts\/45511","targetHints":{"allow":["GET"]}}],"collection":[{"href":"https:\/\/fedai.az\/index.php?rest_route=\/wp\/v2\/posts"}],"about":[{"href":"https:\/\/fedai.az\/index.php?rest_route=\/wp\/v2\/types\/post"}],"author":[{"embeddable":true,"href":"https:\/\/fedai.az\/index.php?rest_route=\/wp\/v2\/users\/2"}],"replies":[{"embeddable":true,"href":"https:\/\/fedai.az\/index.php?rest_route=%2Fwp%2Fv2%2Fcomments&post=45511"}],"version-history":[{"count":1,"href":"https:\/\/fedai.az\/index.php?rest_route=\/wp\/v2\/posts\/45511\/revisions"}],"predecessor-version":[{"id":45513,"href":"https:\/\/fedai.az\/index.php?rest_route=\/wp\/v2\/posts\/45511\/revisions\/45513"}],"wp:featuredmedia":[{"embeddable":true,"href":"https:\/\/fedai.az\/index.php?rest_route=\/wp\/v2\/media\/45512"}],"wp:attachment":[{"href":"https:\/\/fedai.az\/index.php?rest_route=%2Fwp%2Fv2%2Fmedia&parent=45511"}],"wp:term":[{"taxonomy":"category","embeddable":true,"href":"https:\/\/fedai.az\/index.php?rest_route=%2Fwp%2Fv2%2Fcategories&post=45511"},{"taxonomy":"post_tag","embeddable":true,"href":"https:\/\/fedai.az\/index.php?rest_route=%2Fwp%2Fv2%2Ftags&post=45511"}],"curies":[{"name":"wp","href":"https:\/\/api.w.org\/{rel}","templated":true}]}}