{"id":45517,"date":"2021-08-16T03:30:31","date_gmt":"2021-08-15T23:30:31","guid":{"rendered":"https:\/\/fedai.az\/?p=45517"},"modified":"2021-08-16T03:30:35","modified_gmt":"2021-08-15T23:30:35","slug":"taliban-amerika-h%c9%99rbi-bazasini-%c9%99l%c9%99-kecirib","status":"publish","type":"post","link":"https:\/\/fedai.az\/?p=45517","title":{"rendered":"TAL\u0130BAN Amerika h\u0259rbi bazas\u0131n\u0131 \u0259l\u0259 ke\u00e7irib"},"content":{"rendered":"\n<p>\u00a0<strong>Taliban AB\u015e h\u0259rbi bazas\u0131n\u0131 \u0259l\u0259 ke\u00e7irib.<\/strong> <strong>Baqram \u015f\u0259h\u0259rind\u0259 silahl\u0131lar\u0131n t\u0259r\u0259fdarlar\u0131 da daxil olmaqla 5 min\u0259 yax\u0131n m\u0259hkumun azad edildiyi Baqram \u015f\u0259h\u0259rind\u0259 h\u0259bsxana da \u0259l\u0259 ke\u00e7irilib.<\/strong><\/p>\n\n\n\n<p>Taliban s\u00f6z\u00e7\u00fcs\u00fcn\u00fcn s\u00f6zl\u0259rin\u0259 g\u00f6r\u0259, haz\u0131rda \u018ffqan\u0131stan\u0131n b\u00fct\u00fcn \u0259razisin\u0259 n\u0259zar\u0259t edirl\u0259r. \u00d6lk\u0259nin paytaxt\u0131nda d\u00f6y\u00fc\u015f yoxdur, h\u0259r\u0259kat b\u00fct\u00fcn \u018ffqan\u0131stan \u00fcz\u0259rind\u0259 n\u0259zar\u0259ti qurdu, \u2013 dey\u0259 \u0259n son b\u0259yanatda deyilib.<\/p>\n","protected":false},"excerpt":{"rendered":"<p>\u00a0Taliban AB\u015e h\u0259rbi bazas\u0131n\u0131 \u0259l\u0259 ke\u00e7irib. Baqram \u015f\u0259h\u0259rind\u0259 silahl\u0131lar\u0131n t\u0259r\u0259fdarlar\u0131 da daxil olmaqla 5 min\u0259 yax\u0131n m\u0259hkumun azad edildiyi Baqram \u015f\u0259h\u0259rind\u0259 h\u0259bsxana da \u0259l\u0259<\/p>\n","protected":false},"author":2,"featured_media":45518,"comment_status":"closed","ping_status":"closed","sticky":false,"template":"","format":"standard","meta":{"footnotes":""},"categories":[3],"tags":[],"class_list":["post-45517","post","type-post","status-publish","format-standard","has-post-thumbnail","hentry","category-gundm"],"aioseo_notices":[],"_links":{"self":[{"href":"https:\/\/fedai.az\/index.php?rest_route=\/wp\/v2\/posts\/45517","targetHints":{"allow":["GET"]}}],"collection":[{"href":"https:\/\/fedai.az\/index.php?rest_route=\/wp\/v2\/posts"}],"about":[{"href":"https:\/\/fedai.az\/index.php?rest_route=\/wp\/v2\/types\/post"}],"author":[{"embeddable":true,"href":"https:\/\/fedai.az\/index.php?rest_route=\/wp\/v2\/users\/2"}],"replies":[{"embeddable":true,"href":"https:\/\/fedai.az\/index.php?rest_route=%2Fwp%2Fv2%2Fcomments&post=45517"}],"version-history":[{"count":1,"href":"https:\/\/fedai.az\/index.php?rest_route=\/wp\/v2\/posts\/45517\/revisions"}],"predecessor-version":[{"id":45519,"href":"https:\/\/fedai.az\/index.php?rest_route=\/wp\/v2\/posts\/45517\/revisions\/45519"}],"wp:featuredmedia":[{"embeddable":true,"href":"https:\/\/fedai.az\/index.php?rest_route=\/wp\/v2\/media\/45518"}],"wp:attachment":[{"href":"https:\/\/fedai.az\/index.php?rest_route=%2Fwp%2Fv2%2Fmedia&parent=45517"}],"wp:term":[{"taxonomy":"category","embeddable":true,"href":"https:\/\/fedai.az\/index.php?rest_route=%2Fwp%2Fv2%2Fcategories&post=45517"},{"taxonomy":"post_tag","embeddable":true,"href":"https:\/\/fedai.az\/index.php?rest_route=%2Fwp%2Fv2%2Ftags&post=45517"}],"curies":[{"name":"wp","href":"https:\/\/api.w.org\/{rel}","templated":true}]}}