{"id":45620,"date":"2021-08-17T03:31:48","date_gmt":"2021-08-16T23:31:48","guid":{"rendered":"https:\/\/fedai.az\/?p=45620"},"modified":"2021-08-17T03:31:55","modified_gmt":"2021-08-16T23:31:55","slug":"ktmt-nin-%c9%99fqanistanla-s%c9%99rh%c9%99dd%c9%99-h%c9%99rbi-t%c9%99liml%c9%99r%c9%99-hazirlasir","status":"publish","type":"post","link":"https:\/\/fedai.az\/?p=45620","title":{"rendered":"KTMT -nin \u018ffqan\u0131stanla s\u0259rh\u0259dd\u0259 h\u0259rbi t\u0259liml\u0259r\u0259 haz\u0131rla\u015f\u0131r"},"content":{"rendered":"\n<p><strong>Stanislav Zas \u018ffqan\u0131standan t\u0259hl\u00fck\u0259 yaranaca\u011f\u0131 t\u0259qdird\u0259 Tacikistana yard\u0131m g\u00f6st\u0259r\u0259c\u0259kl\u0259rin\u0259 s\u00f6z verib.<\/strong><\/p>\n\n\n\n<p>Teleqraf.com x\u0259b\u0259r verir ki, bu bar\u0259d\u0259 blokun sayt\u0131nda m\u0259lumat yay\u0131l\u0131b.<\/p>\n\n\n\n<p>Zas bildirib ki, \u018ffqan\u0131stan \u0259razisinin Taliban h\u0259r\u0259kat\u0131n\u0131n n\u0259zar\u0259tin\u0259 ke\u00e7m\u0259si v\u0259 \u00f6lk\u0259d\u0259ki faktiki hakimiyy\u0259t d\u0259yi\u015fikliyi b\u00f6lg\u0259d\u0259ki v\u0259ziyy\u0259t\u0259 \u0259h\u0259miyy\u0259tli d\u0259r\u0259c\u0259d\u0259 t\u0259sir edir v\u0259 d\u0259rin narahatl\u0131q yarad\u0131r.<\/p>\n\n\n\n<p>Onun s\u00f6zl\u0259rin\u0259 g\u00f6r\u0259, KTMT-nin \u0259sas m\u0259qs\u0259di \u00fczv d\u00f6vl\u0259tl\u0259rin t\u0259hl\u00fck\u0259sizliyini t\u0259min etm\u0259kdir:<\/p>\n\n\n\n<p><br>\u201cEyni zamanda, t\u0259\u015fkilat\u0131n f\u0259aliyy\u0259tind\u0259 prioritet yen\u0259 d\u0259 siyasi v\u0259 diplomatik vasit\u0259l\u0259r\u0259 verilir. V\u0259ziyy\u0259tin a\u011f\u0131rla\u015fmas\u0131 v\u0259 Tacikistan Respublikas\u0131n\u0131n t\u0259hl\u00fck\u0259sizliyin\u0259 t\u0259hl\u00fck\u0259 yarand\u0131\u011f\u0131 t\u0259qdird\u0259 m\u00fctt\u0259fiq\u0259 yard\u0131m g\u00f6st\u0259rm\u0259k \u00fc\u00e7\u00fcn b\u00fct\u00fcn laz\u0131mi kollektiv t\u0259dbirl\u0259r g\u00f6r\u00fcl\u0259c\u0259k\u201d.<\/p>\n\n\n\n<p>Bundan \u0259vv\u0259l o, KTMT -nin \u018ffqan\u0131stanla s\u0259rh\u0259dd\u0259 h\u0259rbi t\u0259liml\u0259r\u0259 haz\u0131rla\u015fd\u0131\u011f\u0131n\u0131 bildirib.<\/p>\n","protected":false},"excerpt":{"rendered":"<p>Stanislav Zas \u018ffqan\u0131standan t\u0259hl\u00fck\u0259 yaranaca\u011f\u0131 t\u0259qdird\u0259 Tacikistana yard\u0131m g\u00f6st\u0259r\u0259c\u0259kl\u0259rin\u0259 s\u00f6z verib. Teleqraf.com x\u0259b\u0259r verir ki, bu bar\u0259d\u0259 blokun sayt\u0131nda m\u0259lumat yay\u0131l\u0131b. Zas bildirib ki,<\/p>\n","protected":false},"author":2,"featured_media":45621,"comment_status":"closed","ping_status":"closed","sticky":false,"template":"","format":"standard","meta":{"footnotes":""},"categories":[1],"tags":[],"class_list":["post-45620","post","type-post","status-publish","format-standard","has-post-thumbnail","hentry","category-siyast"],"aioseo_notices":[],"_links":{"self":[{"href":"https:\/\/fedai.az\/index.php?rest_route=\/wp\/v2\/posts\/45620","targetHints":{"allow":["GET"]}}],"collection":[{"href":"https:\/\/fedai.az\/index.php?rest_route=\/wp\/v2\/posts"}],"about":[{"href":"https:\/\/fedai.az\/index.php?rest_route=\/wp\/v2\/types\/post"}],"author":[{"embeddable":true,"href":"https:\/\/fedai.az\/index.php?rest_route=\/wp\/v2\/users\/2"}],"replies":[{"embeddable":true,"href":"https:\/\/fedai.az\/index.php?rest_route=%2Fwp%2Fv2%2Fcomments&post=45620"}],"version-history":[{"count":1,"href":"https:\/\/fedai.az\/index.php?rest_route=\/wp\/v2\/posts\/45620\/revisions"}],"predecessor-version":[{"id":45622,"href":"https:\/\/fedai.az\/index.php?rest_route=\/wp\/v2\/posts\/45620\/revisions\/45622"}],"wp:featuredmedia":[{"embeddable":true,"href":"https:\/\/fedai.az\/index.php?rest_route=\/wp\/v2\/media\/45621"}],"wp:attachment":[{"href":"https:\/\/fedai.az\/index.php?rest_route=%2Fwp%2Fv2%2Fmedia&parent=45620"}],"wp:term":[{"taxonomy":"category","embeddable":true,"href":"https:\/\/fedai.az\/index.php?rest_route=%2Fwp%2Fv2%2Fcategories&post=45620"},{"taxonomy":"post_tag","embeddable":true,"href":"https:\/\/fedai.az\/index.php?rest_route=%2Fwp%2Fv2%2Ftags&post=45620"}],"curies":[{"name":"wp","href":"https:\/\/api.w.org\/{rel}","templated":true}]}}