{"id":45658,"date":"2021-08-18T00:46:36","date_gmt":"2021-08-17T20:46:36","guid":{"rendered":"https:\/\/fedai.az\/?p=45658"},"modified":"2021-08-18T00:46:41","modified_gmt":"2021-08-17T20:46:41","slug":"erm%c9%99nil%c9%99r-mumkun-olan-h%c9%99r-seyi-m%c9%99hv-etdil%c9%99r-az%c9%99rbaycan-s%c9%99bir-etm%c9%99lidir-aleksandr-duqin","status":"publish","type":"post","link":"https:\/\/fedai.az\/?p=45658","title":{"rendered":"&#171;Erm\u0259nil\u0259r m\u00fcmk\u00fcn olan h\u0259r \u015feyi m\u0259hv etdil\u0259r, Az\u0259rbaycan s\u0259bir etm\u0259lidir&#187; &#8212; Aleksandr Duqin"},"content":{"rendered":"\n<p><strong>\u201cErm\u0259nil\u0259r h\u0259r \u015feyi bacard\u0131lar: Qaraba\u011fda m\u00fcmk\u00fcn olan h\u0259r \u015feyi m\u0259hv etdil\u0259r, Rusiya il\u0259 m\u00fcnasib\u0259tl\u0259ri korlad\u0131lar, Pa\u015finyan\u0131 se\u00e7dil\u0259r, r\u0259smi Bak\u0131n\u0131n b\u00fct\u00fcn t\u0259\u015f\u0259bb\u00fcsl\u0259rini bloklad\u0131lar\u201d<\/strong>.<\/p>\n\n\n\n<p>Sosial \u015f\u0259b\u0259k\u0259l\u0259rin rus seqmentin\u0259 istinad\u0259n x\u0259b\u0259r verir ki, bu fikirl\u0259ri tan\u0131nm\u0131\u015f politoloq Aleksandr Duqin bildirib.<\/p>\n\n\n\n<p><em><strong>O, daha sonra vur\u011fulay\u0131b:<\/strong><\/em>&nbsp;B\u00fct\u00fcn bunlardan sonra onlar h\u0259r \u015feyi itirdil\u0259r. \u0130ndi nec\u0259 d\u00fc\u015f\u00fcn\u00fcrs\u00fcn\u00fcz, eyni Erm\u0259nistan h\u00f6kum\u0259ti h\u0259r hans\u0131 qaydalara riay\u0259t ed\u0259c\u0259k? Haz\u0131rda Erm\u0259nistan hakimiyy\u0259tind\u0259 tam bir d\u0259lilik var. \u0130ndi erm\u0259nil\u0259rin a\u011f\u0131llanacaqlar\u0131n\u0131 v\u0259 normal bir xalq olaca\u011f\u0131n\u0131 g\u00f6zl\u0259m\u0259k real deyil. Ona g\u00f6r\u0259 d\u0259 Az\u0259rbaycan s\u0259birli olmal\u0131d\u0131r. H\u0259l\u0259lik Erm\u0259nistan t\u0259r\u0259find\u0259n he\u00e7 bir adekvat add\u0131m g\u00f6zl\u0259m\u0259k olmaz\u201d.<\/p>\n\n\n\n<p><em><strong>R\u0259smiyy\u0259 \u015e\u0259rifova<\/strong><\/em><\/p>\n\n\n\n<p>M\u0259nb\u0259: Konkret.az<\/p>\n","protected":false},"excerpt":{"rendered":"<p>\u201cErm\u0259nil\u0259r h\u0259r \u015feyi bacard\u0131lar: Qaraba\u011fda m\u00fcmk\u00fcn olan h\u0259r \u015feyi m\u0259hv etdil\u0259r, Rusiya il\u0259 m\u00fcnasib\u0259tl\u0259ri korlad\u0131lar, Pa\u015finyan\u0131 se\u00e7dil\u0259r, r\u0259smi Bak\u0131n\u0131n b\u00fct\u00fcn t\u0259\u015f\u0259bb\u00fcsl\u0259rini bloklad\u0131lar\u201d. Sosial \u015f\u0259b\u0259k\u0259l\u0259rin<\/p>\n","protected":false},"author":2,"featured_media":45659,"comment_status":"closed","ping_status":"closed","sticky":false,"template":"","format":"standard","meta":{"footnotes":""},"categories":[1],"tags":[],"class_list":["post-45658","post","type-post","status-publish","format-standard","has-post-thumbnail","hentry","category-siyast"],"aioseo_notices":[],"_links":{"self":[{"href":"https:\/\/fedai.az\/index.php?rest_route=\/wp\/v2\/posts\/45658","targetHints":{"allow":["GET"]}}],"collection":[{"href":"https:\/\/fedai.az\/index.php?rest_route=\/wp\/v2\/posts"}],"about":[{"href":"https:\/\/fedai.az\/index.php?rest_route=\/wp\/v2\/types\/post"}],"author":[{"embeddable":true,"href":"https:\/\/fedai.az\/index.php?rest_route=\/wp\/v2\/users\/2"}],"replies":[{"embeddable":true,"href":"https:\/\/fedai.az\/index.php?rest_route=%2Fwp%2Fv2%2Fcomments&post=45658"}],"version-history":[{"count":1,"href":"https:\/\/fedai.az\/index.php?rest_route=\/wp\/v2\/posts\/45658\/revisions"}],"predecessor-version":[{"id":45660,"href":"https:\/\/fedai.az\/index.php?rest_route=\/wp\/v2\/posts\/45658\/revisions\/45660"}],"wp:featuredmedia":[{"embeddable":true,"href":"https:\/\/fedai.az\/index.php?rest_route=\/wp\/v2\/media\/45659"}],"wp:attachment":[{"href":"https:\/\/fedai.az\/index.php?rest_route=%2Fwp%2Fv2%2Fmedia&parent=45658"}],"wp:term":[{"taxonomy":"category","embeddable":true,"href":"https:\/\/fedai.az\/index.php?rest_route=%2Fwp%2Fv2%2Fcategories&post=45658"},{"taxonomy":"post_tag","embeddable":true,"href":"https:\/\/fedai.az\/index.php?rest_route=%2Fwp%2Fv2%2Ftags&post=45658"}],"curies":[{"name":"wp","href":"https:\/\/api.w.org\/{rel}","templated":true}]}}