{"id":45661,"date":"2021-08-18T00:59:37","date_gmt":"2021-08-17T20:59:37","guid":{"rendered":"https:\/\/fedai.az\/?p=45661"},"modified":"2021-08-18T00:59:48","modified_gmt":"2021-08-17T20:59:48","slug":"lavrov-qarabagda-isl%c9%99tm%c9%99y%c9%99-adam-g%c9%99zir","status":"publish","type":"post","link":"https:\/\/fedai.az\/?p=45661","title":{"rendered":"Lavrov Qaraba\u011fda i\u015fl\u0259tm\u0259y\u0259 adam g\u0259zir"},"content":{"rendered":"\n<p><strong>Rusiyan\u0131n xarici i\u015fl\u0259r naziri Sergey Lavrov rusiyal\u0131\u00a0avtomobil\u00a0da\u015f\u0131y\u0131c\u0131lar\u0131na haz\u0131rda infrastrukturun b\u0259rpa olundu\u011fu Qaraba\u011fda i\u015fl\u0259m\u0259k imkanlar\u0131n\u0131 n\u0259z\u0259rd\u0259n ke\u00e7irm\u0259yi t\u0259klif edib.<\/strong><\/p>\n\n\n\n<p>Bu m\u0259lumat\u0131 TASS agentliyi yay\u0131b.<\/p>\n\n\n\n<p>&#171;\u0130ndi orada infrastrukturun v\u0259 magistral yollar\u0131n b\u0259rpas\u0131 il\u0259 ba\u011fl\u0131 aktiv i\u015fl\u0259r g\u00f6r\u00fcl\u00fcr. Buna g\u00f6r\u0259 d\u0259, bu perspektivli \u0259raziy\u0259 daha yax\u0131ndan n\u0259z\u0259r sal\u0131n. M\u0259nc\u0259, bunun a\u00e7\u0131q \u015f\u0259kild\u0259 iqtisadi faydalar\u0131 olacaq&#187;, &#8212; dey\u0259 S.Lavrov Beyn\u0259lxalq Avtomobil Da\u015f\u0131y\u0131c\u0131lar\u0131 Assosiasiyas\u0131 il\u0259 ke\u00e7iril\u0259n g\u00f6r\u00fc\u015fd\u0259 vur\u011fulay\u0131b.<\/p>\n\n\n\n<p>S. Lavrov \u0259lav\u0259 edib ki, onun \u00f6lk\u0259sinin qon\u015fulu\u011funda yerl\u0259\u015f\u0259n bu b\u00f6lg\u0259d\u0259 Rusiyan\u0131n f\u0259al i\u015ftirak\u0131 il\u0259 iqtisadi inki\u015faf\u0131n olmas\u0131 vacibdir.<\/p>\n","protected":false},"excerpt":{"rendered":"<p>Rusiyan\u0131n xarici i\u015fl\u0259r naziri Sergey Lavrov rusiyal\u0131\u00a0avtomobil\u00a0da\u015f\u0131y\u0131c\u0131lar\u0131na haz\u0131rda infrastrukturun b\u0259rpa olundu\u011fu Qaraba\u011fda i\u015fl\u0259m\u0259k imkanlar\u0131n\u0131 n\u0259z\u0259rd\u0259n ke\u00e7irm\u0259yi t\u0259klif edib. Bu m\u0259lumat\u0131 TASS agentliyi yay\u0131b. &#171;\u0130ndi<\/p>\n","protected":false},"author":2,"featured_media":45662,"comment_status":"closed","ping_status":"closed","sticky":false,"template":"","format":"standard","meta":{"footnotes":""},"categories":[4],"tags":[],"class_list":["post-45661","post","type-post","status-publish","format-standard","has-post-thumbnail","hentry","category-qarabag"],"aioseo_notices":[],"_links":{"self":[{"href":"https:\/\/fedai.az\/index.php?rest_route=\/wp\/v2\/posts\/45661","targetHints":{"allow":["GET"]}}],"collection":[{"href":"https:\/\/fedai.az\/index.php?rest_route=\/wp\/v2\/posts"}],"about":[{"href":"https:\/\/fedai.az\/index.php?rest_route=\/wp\/v2\/types\/post"}],"author":[{"embeddable":true,"href":"https:\/\/fedai.az\/index.php?rest_route=\/wp\/v2\/users\/2"}],"replies":[{"embeddable":true,"href":"https:\/\/fedai.az\/index.php?rest_route=%2Fwp%2Fv2%2Fcomments&post=45661"}],"version-history":[{"count":1,"href":"https:\/\/fedai.az\/index.php?rest_route=\/wp\/v2\/posts\/45661\/revisions"}],"predecessor-version":[{"id":45663,"href":"https:\/\/fedai.az\/index.php?rest_route=\/wp\/v2\/posts\/45661\/revisions\/45663"}],"wp:featuredmedia":[{"embeddable":true,"href":"https:\/\/fedai.az\/index.php?rest_route=\/wp\/v2\/media\/45662"}],"wp:attachment":[{"href":"https:\/\/fedai.az\/index.php?rest_route=%2Fwp%2Fv2%2Fmedia&parent=45661"}],"wp:term":[{"taxonomy":"category","embeddable":true,"href":"https:\/\/fedai.az\/index.php?rest_route=%2Fwp%2Fv2%2Fcategories&post=45661"},{"taxonomy":"post_tag","embeddable":true,"href":"https:\/\/fedai.az\/index.php?rest_route=%2Fwp%2Fv2%2Ftags&post=45661"}],"curies":[{"name":"wp","href":"https:\/\/api.w.org\/{rel}","templated":true}]}}