{"id":45668,"date":"2021-08-18T01:09:27","date_gmt":"2021-08-17T21:09:27","guid":{"rendered":"https:\/\/fedai.az\/?p=45668"},"modified":"2021-08-18T01:09:30","modified_gmt":"2021-08-17T21:09:30","slug":"az%c9%99rbaycanda-n%c9%99-q%c9%99d%c9%99r-pensiya-verilir","status":"publish","type":"post","link":"https:\/\/fedai.az\/?p=45668","title":{"rendered":"Az\u0259rbaycanda n\u0259 q\u0259d\u0259r pensiya verilir?"},"content":{"rendered":"\n<p><strong>\u018fm\u0259k v\u0259 \u018fhalinin Sosial M\u00fcdafi\u0259si Nazirliyinin ilkin m\u0259lumatlar\u0131na \u0259sas\u0259n, bu ilin yanvar-iyun aylar\u0131nda pensiya v\u0259 m\u00fcavin\u0259tl\u0259rin maliyy\u0259l\u0259\u015fdirilm\u0259sin\u0259 y\u00f6n\u0259ldilmi\u015f v\u0259saitin m\u0259bl\u0259\u011fi \u00f6t\u0259n ilin m\u00fcvafiq d\u00f6vr\u00fcn\u0259 nisb\u0259t\u0259n 4,7 faiz art\u0131r\u0131laraq 2 milyard 405,3 milyon manata \u00e7atd\u0131r\u0131l\u0131b.<\/strong><br><br>D\u00f6vl\u0259t Statistika Komit\u0259sind\u0259n veril\u0259n m\u0259lumata g\u00f6r\u0259, v\u0259saitin 97,4 faizini pensiya x\u0259rcl\u0259ri t\u0259\u015fkil edib. Bu il iyulun 1-i v\u0259ziyy\u0259tin\u0259 D\u00f6vl\u0259t Sosial M\u00fcdafi\u0259 Fondunda 1 milyard 214,1 min n\u0259f\u0259r pensiya\u00e7\u0131 qeydiyyatda olub ki, bu da \u00f6lk\u0259 \u0259halisinin 12,1 faizini t\u0259\u015fkil edir. Onlar\u0131n 58,8 faizi ya\u015fa, 29,5 faizi \u0259lilliy\u0259, 11,7 faizi is\u0259 ail\u0259 ba\u015f\u00e7\u0131s\u0131n\u0131 itirm\u0259y\u0259 g\u00f6r\u0259 pensiya al\u0131r.<\/p>\n\n\n\n<p>T\u0259yin olunmu\u015f ayl\u0131q pensiyalar\u0131n orta m\u0259bl\u0259\u011fi \u00f6t\u0259n ilin m\u00fcvafiq d\u00f6vr\u00fc il\u0259 m\u00fcqayis\u0259d\u0259 10,4 faiz, cari ilin \u0259vv\u0259li il\u0259 m\u00fcqayis\u0259d\u0259 is\u0259 8,8 faiz artaraq 328,8 manat t\u0259\u015fkil etmi\u015f v\u0259 orta ayl\u0131q \u0259m\u0259k haqq\u0131n\u0131n 45,4 faizin\u0259 b\u0259rab\u0259r olub.<\/p>\n","protected":false},"excerpt":{"rendered":"<p>\u018fm\u0259k v\u0259 \u018fhalinin Sosial M\u00fcdafi\u0259si Nazirliyinin ilkin m\u0259lumatlar\u0131na \u0259sas\u0259n, bu ilin yanvar-iyun aylar\u0131nda pensiya v\u0259 m\u00fcavin\u0259tl\u0259rin maliyy\u0259l\u0259\u015fdirilm\u0259sin\u0259 y\u00f6n\u0259ldilmi\u015f v\u0259saitin m\u0259bl\u0259\u011fi \u00f6t\u0259n ilin m\u00fcvafiq d\u00f6vr\u00fcn\u0259<\/p>\n","protected":false},"author":2,"featured_media":45670,"comment_status":"closed","ping_status":"closed","sticky":false,"template":"","format":"standard","meta":{"footnotes":""},"categories":[12],"tags":[],"class_list":["post-45668","post","type-post","status-publish","format-standard","has-post-thumbnail","hentry","category-sosial"],"aioseo_notices":[],"_links":{"self":[{"href":"https:\/\/fedai.az\/index.php?rest_route=\/wp\/v2\/posts\/45668","targetHints":{"allow":["GET"]}}],"collection":[{"href":"https:\/\/fedai.az\/index.php?rest_route=\/wp\/v2\/posts"}],"about":[{"href":"https:\/\/fedai.az\/index.php?rest_route=\/wp\/v2\/types\/post"}],"author":[{"embeddable":true,"href":"https:\/\/fedai.az\/index.php?rest_route=\/wp\/v2\/users\/2"}],"replies":[{"embeddable":true,"href":"https:\/\/fedai.az\/index.php?rest_route=%2Fwp%2Fv2%2Fcomments&post=45668"}],"version-history":[{"count":1,"href":"https:\/\/fedai.az\/index.php?rest_route=\/wp\/v2\/posts\/45668\/revisions"}],"predecessor-version":[{"id":45671,"href":"https:\/\/fedai.az\/index.php?rest_route=\/wp\/v2\/posts\/45668\/revisions\/45671"}],"wp:featuredmedia":[{"embeddable":true,"href":"https:\/\/fedai.az\/index.php?rest_route=\/wp\/v2\/media\/45670"}],"wp:attachment":[{"href":"https:\/\/fedai.az\/index.php?rest_route=%2Fwp%2Fv2%2Fmedia&parent=45668"}],"wp:term":[{"taxonomy":"category","embeddable":true,"href":"https:\/\/fedai.az\/index.php?rest_route=%2Fwp%2Fv2%2Fcategories&post=45668"},{"taxonomy":"post_tag","embeddable":true,"href":"https:\/\/fedai.az\/index.php?rest_route=%2Fwp%2Fv2%2Ftags&post=45668"}],"curies":[{"name":"wp","href":"https:\/\/api.w.org\/{rel}","templated":true}]}}