{"id":45672,"date":"2021-08-18T01:13:19","date_gmt":"2021-08-17T21:13:19","guid":{"rendered":"https:\/\/fedai.az\/?p=45672"},"modified":"2021-08-18T01:13:36","modified_gmt":"2021-08-17T21:13:36","slug":"%c9%99lillik-d%c9%99r%c9%99c%c9%99l%c9%99ri-l%c9%99gv-edildi-prezident-t%c9%99sdiql%c9%99di","status":"publish","type":"post","link":"https:\/\/fedai.az\/?p=45672","title":{"rendered":"\u018flillik d\u0259r\u0259c\u0259l\u0259ri l\u0259\u011fv edildi \u2013 Prezident t\u0259sdiql\u0259di"},"content":{"rendered":"\n<p><strong>Prezident \u0130lham \u018fliyev &#171;\u018flilliyi olan \u015f\u0259xsl\u0259rin h\u00fcquqlar\u0131 haqq\u0131nda\u201d qanuna d\u0259yi\u015fiklik edilm\u0259si bar\u0259d\u0259 qanunu t\u0259sdiql\u0259yib.<\/strong><\/p>\n\n\n\n<p><br>Sfera.az verir ki, qanunda olan d\u0259yi\u015fiklikl\u0259r\u0259 \u0259sas\u0259n &#171;\u0259lillik d\u0259r\u0259c\u0259si\u201d s\u00f6zl\u0259rinin &#171;insan orqanizminin funksiyalar\u0131n\u0131n itirilm\u0259si faizi\u201d s\u00f6zl\u0259ri il\u0259, &#171;I v\u0259 II d\u0259r\u0259c\u0259 \u0259lilliyi olan\u201d s\u00f6zl\u0259ri &#171;orqanizmin funksiyalar\u0131n\u0131n 61-100 faiz pozulmas\u0131na g\u00f6r\u0259 \u0259lilliyi m\u00fc\u0259yy\u0259n edilmi\u015f\u201d s\u00f6zl\u0259ri il\u0259 \u0259v\u0259z edilib.<\/p>\n\n\n\n<p><br>Qanuna d\u0259yi\u015fikliy\u0259 \u0259sas\u0259n, \u0259lillik d\u0259r\u0259c\u0259sinin t\u0259yin edilm\u0259si yeni qaydalar \u0259sas\u0131nda ke\u00e7iril\u0259c\u0259k. Bel\u0259 ki, art\u0131q I, II v\u0259 III qrup kimi \u0259lillik g\u00f6st\u0259ricisi olmayacaq.<\/p>\n\n\n\n<p><br>\u018flillik d\u0259r\u0259c\u0259si orqanizmin funksiyas\u0131n\u0131 itirm\u0259 d\u0259r\u0259c\u0259sin\u0259 g\u00f6r\u0259, y\u0259ni faizl\u0259 m\u00fc\u0259yy\u0259n edil\u0259c\u0259k.<\/p>\n\n\n\n<p><br>Qeyd ed\u0259k ki, \u0259vv\u0259lki anlay\u0131\u015fla m\u00fcqayis\u0259d\u0259 orqanizmin funksiyas\u0131n\u0131n 30-60 faiz itirilm\u0259si III qrup, 60-80 faiz itirilm\u0259si II qrup, 80-100 faiz itirilm\u0259si is\u0259 I qrup hesab olunacaq.<\/p>\n","protected":false},"excerpt":{"rendered":"<p>Prezident \u0130lham \u018fliyev &#171;\u018flilliyi olan \u015f\u0259xsl\u0259rin h\u00fcquqlar\u0131 haqq\u0131nda\u201d qanuna d\u0259yi\u015fiklik edilm\u0259si bar\u0259d\u0259 qanunu t\u0259sdiql\u0259yib. Sfera.az verir ki, qanunda olan d\u0259yi\u015fiklikl\u0259r\u0259 \u0259sas\u0259n &#171;\u0259lillik d\u0259r\u0259c\u0259si\u201d s\u00f6zl\u0259rinin<\/p>\n","protected":false},"author":2,"featured_media":45673,"comment_status":"closed","ping_status":"closed","sticky":false,"template":"","format":"standard","meta":{"footnotes":""},"categories":[12],"tags":[],"class_list":["post-45672","post","type-post","status-publish","format-standard","has-post-thumbnail","hentry","category-sosial"],"aioseo_notices":[],"_links":{"self":[{"href":"https:\/\/fedai.az\/index.php?rest_route=\/wp\/v2\/posts\/45672","targetHints":{"allow":["GET"]}}],"collection":[{"href":"https:\/\/fedai.az\/index.php?rest_route=\/wp\/v2\/posts"}],"about":[{"href":"https:\/\/fedai.az\/index.php?rest_route=\/wp\/v2\/types\/post"}],"author":[{"embeddable":true,"href":"https:\/\/fedai.az\/index.php?rest_route=\/wp\/v2\/users\/2"}],"replies":[{"embeddable":true,"href":"https:\/\/fedai.az\/index.php?rest_route=%2Fwp%2Fv2%2Fcomments&post=45672"}],"version-history":[{"count":2,"href":"https:\/\/fedai.az\/index.php?rest_route=\/wp\/v2\/posts\/45672\/revisions"}],"predecessor-version":[{"id":45675,"href":"https:\/\/fedai.az\/index.php?rest_route=\/wp\/v2\/posts\/45672\/revisions\/45675"}],"wp:featuredmedia":[{"embeddable":true,"href":"https:\/\/fedai.az\/index.php?rest_route=\/wp\/v2\/media\/45673"}],"wp:attachment":[{"href":"https:\/\/fedai.az\/index.php?rest_route=%2Fwp%2Fv2%2Fmedia&parent=45672"}],"wp:term":[{"taxonomy":"category","embeddable":true,"href":"https:\/\/fedai.az\/index.php?rest_route=%2Fwp%2Fv2%2Fcategories&post=45672"},{"taxonomy":"post_tag","embeddable":true,"href":"https:\/\/fedai.az\/index.php?rest_route=%2Fwp%2Fv2%2Ftags&post=45672"}],"curies":[{"name":"wp","href":"https:\/\/api.w.org\/{rel}","templated":true}]}}