{"id":45676,"date":"2021-08-18T01:29:45","date_gmt":"2021-08-17T21:29:45","guid":{"rendered":"https:\/\/fedai.az\/?p=45676"},"modified":"2021-08-18T11:32:46","modified_gmt":"2021-08-18T07:32:46","slug":"uct%c9%99r%c9%99fli-isci-qrupu-f%c9%99aliyy%c9%99tini-b%c9%99rpa-etdi","status":"publish","type":"post","link":"https:\/\/fedai.az\/?p=45676","title":{"rendered":"\u00dc\u00e7t\u0259r\u0259fli i\u015f\u00e7i qrupu f\u0259aliyy\u0259tini b\u0259rpa etdi"},"content":{"rendered":"\n<p><strong>Rusiya, Az\u0259rbaycan v\u0259 Erm\u0259nistan ba\u015f nazir m\u00fcavinl\u0259rind\u0259n ibar\u0259t \u00fc\u00e7t\u0259r\u0259fli i\u015f\u00e7i qrupu yenid\u0259n i\u015f\u0259 ba\u015flay\u0131b.<\/strong><\/p>\n\n\n\n<p>Bu bar\u0259d\u0259&nbsp;Rusiya informasiya agentlikl\u0259ri x\u0259b\u0259r verib.<\/p>\n\n\n\n<p>Moskvada ke\u00e7iril\u0259n n\u00f6vb\u0259ti g\u00f6r\u00fc\u015fd\u0259 Az\u0259rbaycan Ba\u015f nazirinin m\u00fcavini \u015eahin Mustafayev, onun erm\u0259nistanl\u0131 h\u0259mkar\u0131 Mqer Qriqoryan v\u0259 Rusiya Federasiyas\u0131 Ba\u015f nazirinin m\u00fcavini Aleksey Over\u00e7uk i\u015ftirak edibl\u0259r.<\/p>\n\n\n\n<figure class=\"wp-block-image size-large is-resized\"><img loading=\"lazy\" decoding=\"async\" src=\"https:\/\/fedai.az\/wp-content\/uploads\/2021\/08\/97485.jpg\" alt=\"\" class=\"wp-image-45730\" width=\"1090\" height=\"677\" srcset=\"https:\/\/fedai.az\/wp-content\/uploads\/2021\/08\/97485.jpg 567w, https:\/\/fedai.az\/wp-content\/uploads\/2021\/08\/97485-300x186.jpg 300w, https:\/\/fedai.az\/wp-content\/uploads\/2021\/08\/97485-150x93.jpg 150w\" sizes=\"auto, (max-width: 1090px) 100vw, 1090px\" \/><\/figure>\n\n\n\n<p>\u201cAvqustun 17-d\u0259 Moskvada ke\u00e7iril\u0259n g\u00f6r\u00fc\u015fd\u0259 t\u0259r\u0259fl\u0259r C\u0259nubi Qafqaz regionunda n\u0259qliyyat kommunikasiyalar\u0131n\u0131n b\u0259rpas\u0131n\u0131n perspektivl\u0259ri v\u0259 Az\u0259rbaycan Prezidenti, Erm\u0259nistan Ba\u015f naziri v\u0259 Rusiya Prezidentinin 2021-ci il yanvar\u0131n 11-d\u0259 imzalad\u0131qlar\u0131 B\u0259yanat\u0131n yerin\u0259 yetirilm\u0259si m\u0259s\u0259l\u0259l\u0259ri m\u00fczakir\u0259 olunub&#187;, &#8212; m\u0259lumatda deyilir.<\/p>\n\n\n\n<p>Qeyd ed\u0259k ki, Az\u0259rbaycan Ba\u015f nazirin m\u00fcavini \u015eahin Mustafayev iyunda bildirmi\u015fdi ki, Erm\u0259nistanda yeni h\u00f6kum\u0259t formala\u015fandan sonra i\u015f\u00e7i qrupu f\u0259aliyy\u0259tini davam etdir\u0259c\u0259k.<\/p>\n\n\n\n<p>Xat\u0131rladaq ki, bu ilin yanvar\u0131n 11-d\u0259 Moskvada Az\u0259rbaycan, Rusiya v\u0259 Erm\u0259nistan liderl\u0259rinin g\u00f6r\u00fc\u015f\u00fcn\u00fcn yekunlar\u0131 il\u0259 ba\u011fl\u0131 Ba\u015f nazirl\u0259rin m\u00fcavinl\u0259rind\u0259n ibar\u0259t \u00fc\u00e7t\u0259r\u0259fli i\u015f\u00e7i qrupun yarad\u0131lmas\u0131 q\u0259rara al\u0131n\u0131b.<\/p>\n","protected":false},"excerpt":{"rendered":"<p>Rusiya, Az\u0259rbaycan v\u0259 Erm\u0259nistan ba\u015f nazir m\u00fcavinl\u0259rind\u0259n ibar\u0259t \u00fc\u00e7t\u0259r\u0259fli i\u015f\u00e7i qrupu yenid\u0259n i\u015f\u0259 ba\u015flay\u0131b. Bu bar\u0259d\u0259&nbsp;Rusiya informasiya agentlikl\u0259ri x\u0259b\u0259r verib. Moskvada ke\u00e7iril\u0259n n\u00f6vb\u0259ti g\u00f6r\u00fc\u015fd\u0259<\/p>\n","protected":false},"author":2,"featured_media":45677,"comment_status":"closed","ping_status":"closed","sticky":false,"template":"","format":"standard","meta":{"footnotes":""},"categories":[3],"tags":[],"class_list":["post-45676","post","type-post","status-publish","format-standard","has-post-thumbnail","hentry","category-gundm"],"aioseo_notices":[],"_links":{"self":[{"href":"https:\/\/fedai.az\/index.php?rest_route=\/wp\/v2\/posts\/45676","targetHints":{"allow":["GET"]}}],"collection":[{"href":"https:\/\/fedai.az\/index.php?rest_route=\/wp\/v2\/posts"}],"about":[{"href":"https:\/\/fedai.az\/index.php?rest_route=\/wp\/v2\/types\/post"}],"author":[{"embeddable":true,"href":"https:\/\/fedai.az\/index.php?rest_route=\/wp\/v2\/users\/2"}],"replies":[{"embeddable":true,"href":"https:\/\/fedai.az\/index.php?rest_route=%2Fwp%2Fv2%2Fcomments&post=45676"}],"version-history":[{"count":2,"href":"https:\/\/fedai.az\/index.php?rest_route=\/wp\/v2\/posts\/45676\/revisions"}],"predecessor-version":[{"id":45731,"href":"https:\/\/fedai.az\/index.php?rest_route=\/wp\/v2\/posts\/45676\/revisions\/45731"}],"wp:featuredmedia":[{"embeddable":true,"href":"https:\/\/fedai.az\/index.php?rest_route=\/wp\/v2\/media\/45677"}],"wp:attachment":[{"href":"https:\/\/fedai.az\/index.php?rest_route=%2Fwp%2Fv2%2Fmedia&parent=45676"}],"wp:term":[{"taxonomy":"category","embeddable":true,"href":"https:\/\/fedai.az\/index.php?rest_route=%2Fwp%2Fv2%2Fcategories&post=45676"},{"taxonomy":"post_tag","embeddable":true,"href":"https:\/\/fedai.az\/index.php?rest_route=%2Fwp%2Fv2%2Ftags&post=45676"}],"curies":[{"name":"wp","href":"https:\/\/api.w.org\/{rel}","templated":true}]}}