{"id":45679,"date":"2021-08-18T01:56:12","date_gmt":"2021-08-17T21:56:12","guid":{"rendered":"https:\/\/fedai.az\/?p=45679"},"modified":"2021-08-22T14:53:22","modified_gmt":"2021-08-22T10:53:22","slug":"qht-r%c9%99hb%c9%99rl%c9%99ri-agdama-s%c9%99f%c9%99r-edibl%c9%99r","status":"publish","type":"post","link":"https:\/\/fedai.az\/?p=45679","title":{"rendered":"QHT r\u0259hb\u0259rl\u0259ri A\u011fdama s\u0259f\u0259r edibl\u0259r"},"content":{"rendered":"\n<p><strong>Avqustun 17-d\u0259 Az\u0259rbaycanda f\u0259aliyy\u0259t g\u00f6st\u0259r\u0259n qeyri-h\u00f6kum\u0259t t\u0259\u015fkilatlar\u0131n\u0131n (QHT) r\u0259hb\u0259rl\u0259ri i\u015f\u011faldan azad olunmu\u015f A\u011fdam \u015f\u0259h\u0259rin\u0259 s\u0259f\u0259r edibl\u0259r.<\/strong><\/p>\n\n\n\n<p><br><strong>S\u0259f\u0259r i\u015ftirak\u00e7\u0131lar\u0131n\u0131 Prezident Administrasiyas\u0131n\u0131n Qeyri-h\u00f6kum\u0259t t\u0259\u015fkilatlar\u0131 il\u0259 i\u015f v\u0259 kommunikasiya \u015f\u00f6b\u0259sinin Qeyri-h\u00f6kum\u0259t t\u0259\u015fkilatlar\u0131 il\u0259 i\u015f sektorunun b\u00f6y\u00fck m\u0259sl\u0259h\u0259t\u00e7isi, Agentliyin s\u0259dr m\u00fcavini V\u00fcsal Quliyev m\u00fc\u015fayi\u0259t edib.<\/strong><\/p>\n\n\n\n<p><br><strong>S\u0259f\u0259rd\u0259 i\u015ftirak ed\u0259n Az\u0259rbaycan V\u0259t\u0259n M\u00fcharib\u0259si Veteranlar\u0131 \u0130ctimai Birliyi (AVMV\u0130B) s\u0259dri F\u00fczuli Rzaquliyev bu bar\u0259d\u0259 m\u0259lumat verib.<\/strong><\/p>\n\n\n\n<figure class=\"wp-block-gallery columns-2 is-cropped wp-block-gallery-1 is-layout-flex wp-block-gallery-is-layout-flex\"><ul class=\"blocks-gallery-grid\"><li class=\"blocks-gallery-item\"><figure><img loading=\"lazy\" decoding=\"async\" width=\"1024\" height=\"576\" src=\"https:\/\/fedai.az\/wp-content\/uploads\/2021\/08\/238999723_321946566334477_966303152710537213_n-1-1024x576.jpg\" alt=\"\" data-id=\"45680\" data-link=\"https:\/\/fedai.az\/?attachment_id=45680\" class=\"wp-image-45680\" srcset=\"https:\/\/fedai.az\/wp-content\/uploads\/2021\/08\/238999723_321946566334477_966303152710537213_n-1-1024x576.jpg 1024w, https:\/\/fedai.az\/wp-content\/uploads\/2021\/08\/238999723_321946566334477_966303152710537213_n-1-300x169.jpg 300w, https:\/\/fedai.az\/wp-content\/uploads\/2021\/08\/238999723_321946566334477_966303152710537213_n-1-150x84.jpg 150w, https:\/\/fedai.az\/wp-content\/uploads\/2021\/08\/238999723_321946566334477_966303152710537213_n-1-768x432.jpg 768w, https:\/\/fedai.az\/wp-content\/uploads\/2021\/08\/238999723_321946566334477_966303152710537213_n-1.jpg 1280w\" sizes=\"auto, (max-width: 1024px) 100vw, 1024px\" \/><\/figure><\/li><li class=\"blocks-gallery-item\"><figure><img loading=\"lazy\" decoding=\"async\" width=\"1024\" height=\"768\" src=\"https:\/\/fedai.az\/wp-content\/uploads\/2021\/08\/239010813_567621731049679_2129414434478087150_n-1024x768.jpg\" alt=\"\" data-id=\"45681\" data-full-url=\"https:\/\/fedai.az\/wp-content\/uploads\/2021\/08\/239010813_567621731049679_2129414434478087150_n.jpg\" data-link=\"https:\/\/fedai.az\/?attachment_id=45681\" class=\"wp-image-45681\" srcset=\"https:\/\/fedai.az\/wp-content\/uploads\/2021\/08\/239010813_567621731049679_2129414434478087150_n-1024x768.jpg 1024w, https:\/\/fedai.az\/wp-content\/uploads\/2021\/08\/239010813_567621731049679_2129414434478087150_n-300x225.jpg 300w, https:\/\/fedai.az\/wp-content\/uploads\/2021\/08\/239010813_567621731049679_2129414434478087150_n-150x113.jpg 150w, https:\/\/fedai.az\/wp-content\/uploads\/2021\/08\/239010813_567621731049679_2129414434478087150_n-768x576.jpg 768w, https:\/\/fedai.az\/wp-content\/uploads\/2021\/08\/239010813_567621731049679_2129414434478087150_n.jpg 1280w\" sizes=\"auto, (max-width: 1024px) 100vw, 1024px\" \/><\/figure><\/li><\/ul><\/figure>\n\n\n\n<p>S\u0259f\u0259rd\u0259, h\u0259m\u00e7inin h\u0259rb y\u00f6nl\u00fc birlikl\u0259rd\u0259n &#8212; Qaraba\u011f Qazil\u0259r Birliyinin s\u0259dri As\u0259f \u018fliyev, \u201cT\u0259rxis Olunmu\u015f H\u0259rb\u00e7il\u0259rin G\u0259ncl\u0259ri Maarifl\u0259ndirm\u0259\u201d \u0130ctimai Birliyinin s\u0259dri&nbsp;Emin H\u0259s\u0259nli, &nbsp;Az\u0259rbaycan Qaraba\u011f M\u00fcharib\u0259si \u018flill\u0259ri, Veteranlar\u0131 v\u0259 \u015e\u0259hid Ail\u0259l\u0259ri \u0130ctimai Birliyinin s\u0259dri Mehdi Mehdiyev,&nbsp;M\u00fcharib\u0259 Veteran\u0131 Qad\u0131nlar\u0131na Sosial Yard\u0131m \u0130ctimai Birliyinin s\u0259dri Rad\u0259 Abbas v\u0259 s. i\u015ftirak edibl\u0259r.<br><\/p>\n\n\n\n<figure class=\"wp-block-gallery columns-2 is-cropped wp-block-gallery-2 is-layout-flex wp-block-gallery-is-layout-flex\"><ul class=\"blocks-gallery-grid\"><li class=\"blocks-gallery-item\"><figure><img loading=\"lazy\" decoding=\"async\" width=\"1024\" height=\"576\" src=\"https:\/\/fedai.az\/wp-content\/uploads\/2021\/08\/239551327_647949449529557_311554899855006500_n-1024x576.jpg\" alt=\"\" data-id=\"46167\" data-link=\"https:\/\/fedai.az\/?attachment_id=46167\" class=\"wp-image-46167\" srcset=\"https:\/\/fedai.az\/wp-content\/uploads\/2021\/08\/239551327_647949449529557_311554899855006500_n-1024x576.jpg 1024w, https:\/\/fedai.az\/wp-content\/uploads\/2021\/08\/239551327_647949449529557_311554899855006500_n-300x169.jpg 300w, https:\/\/fedai.az\/wp-content\/uploads\/2021\/08\/239551327_647949449529557_311554899855006500_n-150x84.jpg 150w, https:\/\/fedai.az\/wp-content\/uploads\/2021\/08\/239551327_647949449529557_311554899855006500_n-768x432.jpg 768w, https:\/\/fedai.az\/wp-content\/uploads\/2021\/08\/239551327_647949449529557_311554899855006500_n.jpg 1080w\" sizes=\"auto, (max-width: 1024px) 100vw, 1024px\" \/><\/figure><\/li><li class=\"blocks-gallery-item\"><figure><img loading=\"lazy\" decoding=\"async\" width=\"1024\" height=\"768\" src=\"https:\/\/fedai.az\/wp-content\/uploads\/2021\/08\/239313902_501902937892437_1050093865086597723_n-1024x768.jpg\" alt=\"\" data-id=\"46168\" data-full-url=\"https:\/\/fedai.az\/wp-content\/uploads\/2021\/08\/239313902_501902937892437_1050093865086597723_n.jpg\" data-link=\"https:\/\/fedai.az\/?attachment_id=46168\" class=\"wp-image-46168\" srcset=\"https:\/\/fedai.az\/wp-content\/uploads\/2021\/08\/239313902_501902937892437_1050093865086597723_n-1024x768.jpg 1024w, https:\/\/fedai.az\/wp-content\/uploads\/2021\/08\/239313902_501902937892437_1050093865086597723_n-300x225.jpg 300w, https:\/\/fedai.az\/wp-content\/uploads\/2021\/08\/239313902_501902937892437_1050093865086597723_n-150x113.jpg 150w, https:\/\/fedai.az\/wp-content\/uploads\/2021\/08\/239313902_501902937892437_1050093865086597723_n-768x576.jpg 768w, https:\/\/fedai.az\/wp-content\/uploads\/2021\/08\/239313902_501902937892437_1050093865086597723_n-1536x1152.jpg 1536w, https:\/\/fedai.az\/wp-content\/uploads\/2021\/08\/239313902_501902937892437_1050093865086597723_n.jpg 1600w\" sizes=\"auto, (max-width: 1024px) 100vw, 1024px\" \/><\/figure><\/li><\/ul><\/figure>\n\n\n\n<p>Sonra qonaqlar \u015f\u0259h\u0259r m\u0259rk\u0259zind\u0259 yerl\u0259\u015f\u0259n A\u011fdam C\u00fcm\u0259 m\u0259scidini ziyar\u0259t edibl\u0259r. Qeyd edilib ki, dig\u0259r tarixi abid\u0259l\u0259rimiz kimi, 1868-ci ilin yadigar\u0131 olan A\u011fdam m\u0259scidi d\u0259 Erm\u0259nistan silahl\u0131 q\u00fcvv\u0259l\u0259ri t\u0259r\u0259find\u0259n i\u015f\u011fal edildikd\u0259n sonra talan olunub, yand\u0131r\u0131l\u0131b. Binan\u0131n minar\u0259l\u0259rinin u\u00e7urulmamas\u0131na s\u0259b\u0259b is\u0259 erm\u0259ni i\u015f\u011fal\u00e7\u0131lar\u0131n\u0131n buradan m\u00fc\u015fahid\u0259 m\u0259nt\u0259q\u0259si kimi istifad\u0259 etm\u0259si olub. M\u0259hz C\u00fcm\u0259 m\u0259scidinin minar\u0259l\u0259rind\u0259n \u0259traf\u0131 asan m\u00fc\u015fahid\u0259 etm\u0259nin m\u00fcmk\u00fcnl\u00fcy\u00fc tarixi abid\u0259nin xilas\u0131na s\u0259b\u0259b olub. Buna baxmayaraq, b\u00fct\u00fcn m\u00fcq\u0259dd\u0259s m\u0259kanlar\u0131m\u0131z kimi, bu m\u0259scidin d\u0259 ibad\u0259t zal\u0131ndan erm\u0259ni vandallar\u0131 heyvan saxlamaq \u00fc\u00e7\u00fcn istifad\u0259 edibl\u0259r.<\/p>\n\n\n\n<p><br>Daha sonra s\u0259f\u0259r i\u015ftirak\u00e7\u0131lar\u0131 A\u011fdam\u0131n Qiyasl\u0131 k\u0259nd m\u0259scidin\u0259 g\u0259libl\u0259r. M\u0259lumat verilib ki, dini ad\u0259tl\u0259ri he\u00e7\u0259 sayan v\u0259 barbarl\u0131q n\u00fcmayi\u015f etdir\u0259n erm\u0259nil\u0259r Qiyasl\u0131 m\u0259scidind\u0259n d\u0259 t\u00f6vl\u0259 kimi istifad\u0259 edib.<\/p>\n\n\n\n<figure class=\"wp-block-image size-large\"><img loading=\"lazy\" decoding=\"async\" width=\"1024\" height=\"576\" src=\"https:\/\/fedai.az\/wp-content\/uploads\/2021\/08\/239632372_920597728495591_8218669671597240134_n-1024x576.jpg\" alt=\"\" class=\"wp-image-45694\" srcset=\"https:\/\/fedai.az\/wp-content\/uploads\/2021\/08\/239632372_920597728495591_8218669671597240134_n-1024x576.jpg 1024w, https:\/\/fedai.az\/wp-content\/uploads\/2021\/08\/239632372_920597728495591_8218669671597240134_n-300x169.jpg 300w, https:\/\/fedai.az\/wp-content\/uploads\/2021\/08\/239632372_920597728495591_8218669671597240134_n-150x84.jpg 150w, https:\/\/fedai.az\/wp-content\/uploads\/2021\/08\/239632372_920597728495591_8218669671597240134_n-768x432.jpg 768w, https:\/\/fedai.az\/wp-content\/uploads\/2021\/08\/239632372_920597728495591_8218669671597240134_n.jpg 1280w\" sizes=\"auto, (max-width: 1024px) 100vw, 1024px\" \/><\/figure>\n\n\n\n<p><br>S\u0259f\u0259r plan\u0131na uy\u011fun olaraq, n\u00fcmay\u0259nd\u0259 hey\u0259ti \u015eahbulaq qalas\u0131na da ba\u015f \u00e7\u0259kibl\u0259r. Az\u0259rbaycan Respublikas\u0131 Prezidentinin x\u00fcsusi n\u00fcmay\u0259nd\u0259si Emin H\u00fcseynov bildirib ki, XVIII \u0259sr\u0259 aid bu qala Qaraba\u011f \u0259razisind\u0259ki \u0259n m\u0259\u015fhur abid\u0259l\u0259rd\u0259n biridir. A\u011fdam \u015f\u0259h\u0259rinin 10 kilometrliyind\u0259, \u015eahbulaq k\u0259ndi yax\u0131nl\u0131\u011f\u0131nda yerl\u0259\u015f\u0259n qala 1751-1752-ci ill\u0259rd\u0259 Qaraba\u011f xanl\u0131\u011f\u0131n\u0131n banisi P\u0259nah\u0259li xan t\u0259r\u0259find\u0259n in\u015fa edilib. Elmi \u0259d\u0259biyyatda \u201c\u015eahbulaq q\u0259sri\u201d ad\u0131 il\u0259 tan\u0131nan abid\u0259, \u0259slind\u0259, iri q\u0259sr kompleksinin i\u00e7 qalas\u0131 olub. Kompleks ya\u015fay\u0131\u015f evl\u0259rind\u0259n, bazar, hamam v\u0259 m\u0259scidd\u0259n ibar\u0259t idi. P\u0259nah\u0259li xan \u015eu\u015fa qalas\u0131n\u0131 in\u015fa ed\u0259n\u0259d\u0259k \u015eahbulaq qalas\u0131 Qaraba\u011f xanl\u0131\u011f\u0131n\u0131n inzibati m\u0259rk\u0259zi olub. Erm\u0259nil\u0259r A\u011fdam\u0131 i\u015f\u011fal etdikd\u0259n sonra bir s\u0131ra abid\u0259l\u0259rimiz kimi, \u015eahbulaq qalas\u0131n\u0131 da erm\u0259nil\u0259\u015fdirm\u0259y\u0259 \u00e7al\u0131\u015f\u0131b, yax\u0131nl\u0131qdak\u0131 m\u0259scidi is\u0259 kils\u0259 kimi t\u0259qdim edibl\u0259r.<\/p>\n\n\n\n<figure class=\"wp-block-gallery columns-3 is-cropped wp-block-gallery-3 is-layout-flex wp-block-gallery-is-layout-flex\"><ul class=\"blocks-gallery-grid\"><li class=\"blocks-gallery-item\"><figure><img loading=\"lazy\" decoding=\"async\" width=\"1024\" height=\"768\" src=\"https:\/\/fedai.az\/wp-content\/uploads\/2021\/08\/239216715_525234611872698_211982317125293969_n-1024x768.jpg\" alt=\"\" data-id=\"45682\" data-link=\"https:\/\/fedai.az\/?attachment_id=45682\" class=\"wp-image-45682\" srcset=\"https:\/\/fedai.az\/wp-content\/uploads\/2021\/08\/239216715_525234611872698_211982317125293969_n-1024x768.jpg 1024w, https:\/\/fedai.az\/wp-content\/uploads\/2021\/08\/239216715_525234611872698_211982317125293969_n-300x225.jpg 300w, https:\/\/fedai.az\/wp-content\/uploads\/2021\/08\/239216715_525234611872698_211982317125293969_n-150x113.jpg 150w, https:\/\/fedai.az\/wp-content\/uploads\/2021\/08\/239216715_525234611872698_211982317125293969_n-768x576.jpg 768w, https:\/\/fedai.az\/wp-content\/uploads\/2021\/08\/239216715_525234611872698_211982317125293969_n.jpg 1280w\" sizes=\"auto, (max-width: 1024px) 100vw, 1024px\" \/><\/figure><\/li><li class=\"blocks-gallery-item\"><figure><img loading=\"lazy\" decoding=\"async\" width=\"576\" height=\"1024\" src=\"https:\/\/fedai.az\/wp-content\/uploads\/2021\/08\/238948069_163587452552098_3707829601822019996_n-576x1024.jpg\" alt=\"\" data-id=\"45683\" data-link=\"https:\/\/fedai.az\/?attachment_id=45683\" class=\"wp-image-45683\" srcset=\"https:\/\/fedai.az\/wp-content\/uploads\/2021\/08\/238948069_163587452552098_3707829601822019996_n-576x1024.jpg 576w, https:\/\/fedai.az\/wp-content\/uploads\/2021\/08\/238948069_163587452552098_3707829601822019996_n-169x300.jpg 169w, https:\/\/fedai.az\/wp-content\/uploads\/2021\/08\/238948069_163587452552098_3707829601822019996_n-84x150.jpg 84w, https:\/\/fedai.az\/wp-content\/uploads\/2021\/08\/238948069_163587452552098_3707829601822019996_n.jpg 720w\" sizes=\"auto, (max-width: 576px) 100vw, 576px\" \/><\/figure><\/li><li class=\"blocks-gallery-item\"><figure><img loading=\"lazy\" decoding=\"async\" width=\"526\" height=\"935\" src=\"https:\/\/fedai.az\/wp-content\/uploads\/2021\/08\/239806805_4487881411288249_3714835441008514507_n.jpg\" alt=\"\" data-id=\"45739\" data-full-url=\"https:\/\/fedai.az\/wp-content\/uploads\/2021\/08\/239806805_4487881411288249_3714835441008514507_n.jpg\" data-link=\"https:\/\/fedai.az\/?attachment_id=45739\" class=\"wp-image-45739\" srcset=\"https:\/\/fedai.az\/wp-content\/uploads\/2021\/08\/239806805_4487881411288249_3714835441008514507_n.jpg 526w, https:\/\/fedai.az\/wp-content\/uploads\/2021\/08\/239806805_4487881411288249_3714835441008514507_n-169x300.jpg 169w, https:\/\/fedai.az\/wp-content\/uploads\/2021\/08\/239806805_4487881411288249_3714835441008514507_n-84x150.jpg 84w\" sizes=\"auto, (max-width: 526px) 100vw, 526px\" \/><\/figure><\/li><\/ul><\/figure>\n\n\n\n<p>A\u011fdam \u015f\u0259h\u0259rinin Ba\u015f plan\u0131 \u00e7\u0259r\u00e7iv\u0259sind\u0259 h\u0259yata ke\u00e7iril\u0259c\u0259k quruculuq i\u015fl\u0259ri bar\u0259d\u0259 \u0259trafl\u0131 m\u0259lumat verilib. Bildirilib ki, Prezident \u0130lham \u018fliyev may\u0131n 28-d\u0259 A\u011fdama s\u0259f\u0259ri zaman\u0131 avtomobil yolunun, ya\u015fay\u0131\u015f binas\u0131n\u0131n, S\u0259naye Park\u0131n\u0131n, 1 sayl\u0131 m\u0259kt\u0259bin yeni binas\u0131n\u0131n t\u0259m\u0259lini qoyub, park-me\u015f\u0259d\u0259 a\u011fac \u0259kib. Ba\u015f plana \u0259sas\u0259n A\u011fdam \u015f\u0259h\u0259rinin \u0259razisi 1750 hektar, \u015f\u0259h\u0259r\u0259traf\u0131 ba\u011flar 2450 hektar olacaq. Burada a\u011f\u0131ll\u0131 v\u0259 dayan\u0131ql\u0131 sosial infrastruktur yarad\u0131lacaq. \u015e\u0259h\u0259rd\u0259 15 m\u0259kt\u0259b v\u0259 u\u015faq ba\u011f\u00e7as\u0131n\u0131n in\u015fas\u0131 n\u0259z\u0259rd\u0259 tutulub. M\u0259kt\u0259b v\u0259 u\u015faq ba\u011f\u00e7alar\u0131n\u0131n \u0259hat\u0259 dair\u0259si 500 metr t\u0259\u015fkil edir.<\/p>\n\n\n\n<figure class=\"wp-block-gallery columns-2 is-cropped wp-block-gallery-4 is-layout-flex wp-block-gallery-is-layout-flex\"><ul class=\"blocks-gallery-grid\"><li class=\"blocks-gallery-item\"><figure><img loading=\"lazy\" decoding=\"async\" width=\"1024\" height=\"576\" src=\"https:\/\/fedai.az\/wp-content\/uploads\/2021\/08\/239216715_157553209752107_2818438600865425307_n-1024x576.jpg\" alt=\"\" data-id=\"45684\" data-link=\"https:\/\/fedai.az\/?attachment_id=45684\" class=\"wp-image-45684\" srcset=\"https:\/\/fedai.az\/wp-content\/uploads\/2021\/08\/239216715_157553209752107_2818438600865425307_n-1024x576.jpg 1024w, https:\/\/fedai.az\/wp-content\/uploads\/2021\/08\/239216715_157553209752107_2818438600865425307_n-300x169.jpg 300w, https:\/\/fedai.az\/wp-content\/uploads\/2021\/08\/239216715_157553209752107_2818438600865425307_n-150x84.jpg 150w, https:\/\/fedai.az\/wp-content\/uploads\/2021\/08\/239216715_157553209752107_2818438600865425307_n-768x432.jpg 768w, https:\/\/fedai.az\/wp-content\/uploads\/2021\/08\/239216715_157553209752107_2818438600865425307_n.jpg 1280w\" sizes=\"auto, (max-width: 1024px) 100vw, 1024px\" \/><\/figure><\/li><li class=\"blocks-gallery-item\"><figure><img loading=\"lazy\" decoding=\"async\" width=\"450\" height=\"300\" src=\"https:\/\/fedai.az\/wp-content\/uploads\/2021\/08\/d6a9233d22d85ee43f3433d54c6e0c55.jpg\" alt=\"\" data-id=\"45687\" data-full-url=\"https:\/\/fedai.az\/wp-content\/uploads\/2021\/08\/d6a9233d22d85ee43f3433d54c6e0c55.jpg\" data-link=\"https:\/\/fedai.az\/?attachment_id=45687\" class=\"wp-image-45687\" srcset=\"https:\/\/fedai.az\/wp-content\/uploads\/2021\/08\/d6a9233d22d85ee43f3433d54c6e0c55.jpg 450w, https:\/\/fedai.az\/wp-content\/uploads\/2021\/08\/d6a9233d22d85ee43f3433d54c6e0c55-300x200.jpg 300w, https:\/\/fedai.az\/wp-content\/uploads\/2021\/08\/d6a9233d22d85ee43f3433d54c6e0c55-150x100.jpg 150w\" sizes=\"auto, (max-width: 450px) 100vw, 450px\" \/><\/figure><\/li><\/ul><\/figure>\n\n\n\n<p><br>A\u011fdamda ilkin olaraq \u015f\u0259h\u0259r sakinl\u0259ri v\u0259 qonaqlar \u00fc\u00e7\u00fcn 125 hektarl\u0131q b\u00f6y\u00fck me\u015f\u0259 park\u0131 sal\u0131nacaq. B\u0259rpa olunacaq A\u011fdam kanal\u0131 \u015f\u0259h\u0259rin i\u00e7ind\u0259n ke\u00e7\u0259c\u0259k v\u0259 onun suyu burada yarad\u0131lacaq g\u00f6l\u0259 t\u00f6k\u00fcl\u0259c\u0259k. H\u0259m\u00e7inin A\u011fdamda S\u0259naye Park\u0131 da yarad\u0131lacaq. Park qida s\u0259nayesi, ki\u00e7ik s\u0259naye v\u0259 xidm\u0259t, iri s\u0259naye m\u00fc\u0259ssis\u0259l\u0259ri, sosial v\u0259 texniki zonalar, TIR park\u0131, tikinti materiallar\u0131n\u0131n sat\u0131\u015f\u0131 bazas\u0131 hiss\u0259l\u0259rin\u0259 b\u00f6l\u00fcn\u0259c\u0259k.<\/p>\n\n\n\n<figure class=\"wp-block-gallery columns-2 is-cropped wp-block-gallery-5 is-layout-flex wp-block-gallery-is-layout-flex\"><ul class=\"blocks-gallery-grid\"><li class=\"blocks-gallery-item\"><figure><img loading=\"lazy\" decoding=\"async\" width=\"700\" height=\"525\" src=\"https:\/\/fedai.az\/wp-content\/uploads\/2021\/08\/0f813d23352c.jpg\" alt=\"\" data-id=\"45685\" data-link=\"https:\/\/fedai.az\/?attachment_id=45685\" class=\"wp-image-45685\" srcset=\"https:\/\/fedai.az\/wp-content\/uploads\/2021\/08\/0f813d23352c.jpg 700w, https:\/\/fedai.az\/wp-content\/uploads\/2021\/08\/0f813d23352c-300x225.jpg 300w, https:\/\/fedai.az\/wp-content\/uploads\/2021\/08\/0f813d23352c-150x113.jpg 150w\" sizes=\"auto, (max-width: 700px) 100vw, 700px\" \/><\/figure><\/li><li class=\"blocks-gallery-item\"><figure><img loading=\"lazy\" decoding=\"async\" width=\"1024\" height=\"576\" src=\"https:\/\/fedai.az\/wp-content\/uploads\/2021\/08\/239115726_4313432448754000_6530501651601457705_n-1024x576.jpg\" alt=\"\" data-id=\"45686\" data-full-url=\"https:\/\/fedai.az\/wp-content\/uploads\/2021\/08\/239115726_4313432448754000_6530501651601457705_n.jpg\" data-link=\"https:\/\/fedai.az\/?attachment_id=45686\" class=\"wp-image-45686\" srcset=\"https:\/\/fedai.az\/wp-content\/uploads\/2021\/08\/239115726_4313432448754000_6530501651601457705_n-1024x576.jpg 1024w, https:\/\/fedai.az\/wp-content\/uploads\/2021\/08\/239115726_4313432448754000_6530501651601457705_n-300x169.jpg 300w, https:\/\/fedai.az\/wp-content\/uploads\/2021\/08\/239115726_4313432448754000_6530501651601457705_n-150x84.jpg 150w, https:\/\/fedai.az\/wp-content\/uploads\/2021\/08\/239115726_4313432448754000_6530501651601457705_n-768x432.jpg 768w, https:\/\/fedai.az\/wp-content\/uploads\/2021\/08\/239115726_4313432448754000_6530501651601457705_n-1536x864.jpg 1536w, https:\/\/fedai.az\/wp-content\/uploads\/2021\/08\/239115726_4313432448754000_6530501651601457705_n.jpg 1599w\" sizes=\"auto, (max-width: 1024px) 100vw, 1024px\" \/><\/figure><\/li><\/ul><\/figure>\n\n\n\n<p><br>QHT r\u0259hb\u0259rl\u0259ri A\u011fdam \u015f\u0259h\u0259ri \u00fc\u00e7\u00fcn yeni m\u0259scid n\u00fcmun\u0259l\u0259ri, bina tipologiyalar\u0131 v\u0259 \u015f\u0259h\u0259r\u0259traf\u0131 obyektl\u0259r, yol-n\u0259qliyyat infrastrukturu il\u0259 tan\u0131\u015f olublar. Diqq\u0259t\u0259 \u00e7atd\u0131r\u0131l\u0131b ki, Qafqaz\u0131n Xirosimas\u0131 kimi tan\u0131nan A\u011fdam Az\u0259rbaycan Prezidentinin v\u0259 h\u00f6kum\u0259tinin t\u0259\u015f\u0259bb\u00fcs\u00fc il\u0259 regionun \u0259n g\u00f6z\u0259l \u015f\u0259h\u0259rl\u0259rind\u0259n birin\u0259 \u00e7evril\u0259c\u0259k, do\u011fma yurdlar\u0131ndan 30 il ayr\u0131 qalm\u0131\u015f insanlar\u0131n bu torpaqlara t\u0259hl\u00fck\u0259siz \u015f\u0259raitd\u0259 qay\u0131d\u0131\u015f\u0131 t\u0259min edil\u0259c\u0259k.<\/p>\n\n\n\n<p><strong>Elnur S\u0259lim<\/strong><\/p>\n\n\n\n<figure class=\"wp-block-gallery columns-2 is-cropped wp-block-gallery-6 is-layout-flex wp-block-gallery-is-layout-flex\"><ul class=\"blocks-gallery-grid\"><li class=\"blocks-gallery-item\"><figure><img loading=\"lazy\" decoding=\"async\" width=\"700\" height=\"525\" src=\"https:\/\/fedai.az\/wp-content\/uploads\/2021\/08\/8eef2dd80c8f.jpg\" alt=\"\" data-id=\"45689\" data-link=\"https:\/\/fedai.az\/?attachment_id=45689\" class=\"wp-image-45689\" srcset=\"https:\/\/fedai.az\/wp-content\/uploads\/2021\/08\/8eef2dd80c8f.jpg 700w, https:\/\/fedai.az\/wp-content\/uploads\/2021\/08\/8eef2dd80c8f-300x225.jpg 300w, https:\/\/fedai.az\/wp-content\/uploads\/2021\/08\/8eef2dd80c8f-150x113.jpg 150w\" sizes=\"auto, (max-width: 700px) 100vw, 700px\" \/><\/figure><\/li><li class=\"blocks-gallery-item\"><figure><img loading=\"lazy\" decoding=\"async\" width=\"1000\" height=\"461\" src=\"https:\/\/fedai.az\/wp-content\/uploads\/2021\/08\/16291945035450445005_1000x669.jpg\" alt=\"\" data-id=\"45690\" data-full-url=\"https:\/\/fedai.az\/wp-content\/uploads\/2021\/08\/16291945035450445005_1000x669.jpg\" data-link=\"https:\/\/fedai.az\/?attachment_id=45690\" class=\"wp-image-45690\" srcset=\"https:\/\/fedai.az\/wp-content\/uploads\/2021\/08\/16291945035450445005_1000x669.jpg 1000w, https:\/\/fedai.az\/wp-content\/uploads\/2021\/08\/16291945035450445005_1000x669-300x138.jpg 300w, https:\/\/fedai.az\/wp-content\/uploads\/2021\/08\/16291945035450445005_1000x669-150x69.jpg 150w, https:\/\/fedai.az\/wp-content\/uploads\/2021\/08\/16291945035450445005_1000x669-768x354.jpg 768w\" sizes=\"auto, (max-width: 1000px) 100vw, 1000px\" \/><\/figure><\/li><\/ul><\/figure>\n","protected":false},"excerpt":{"rendered":"<p>Avqustun 17-d\u0259 Az\u0259rbaycanda f\u0259aliyy\u0259t g\u00f6st\u0259r\u0259n qeyri-h\u00f6kum\u0259t t\u0259\u015fkilatlar\u0131n\u0131n (QHT) r\u0259hb\u0259rl\u0259ri i\u015f\u011faldan azad olunmu\u015f A\u011fdam \u015f\u0259h\u0259rin\u0259 s\u0259f\u0259r edibl\u0259r. S\u0259f\u0259r i\u015ftirak\u00e7\u0131lar\u0131n\u0131 Prezident Administrasiyas\u0131n\u0131n Qeyri-h\u00f6kum\u0259t t\u0259\u015fkilatlar\u0131 il\u0259 i\u015f<\/p>\n","protected":false},"author":2,"featured_media":45692,"comment_status":"closed","ping_status":"closed","sticky":false,"template":"","format":"standard","meta":{"footnotes":""},"categories":[4],"tags":[],"class_list":["post-45679","post","type-post","status-publish","format-standard","has-post-thumbnail","hentry","category-qarabag"],"aioseo_notices":[],"_links":{"self":[{"href":"https:\/\/fedai.az\/index.php?rest_route=\/wp\/v2\/posts\/45679","targetHints":{"allow":["GET"]}}],"collection":[{"href":"https:\/\/fedai.az\/index.php?rest_route=\/wp\/v2\/posts"}],"about":[{"href":"https:\/\/fedai.az\/index.php?rest_route=\/wp\/v2\/types\/post"}],"author":[{"embeddable":true,"href":"https:\/\/fedai.az\/index.php?rest_route=\/wp\/v2\/users\/2"}],"replies":[{"embeddable":true,"href":"https:\/\/fedai.az\/index.php?rest_route=%2Fwp%2Fv2%2Fcomments&post=45679"}],"version-history":[{"count":5,"href":"https:\/\/fedai.az\/index.php?rest_route=\/wp\/v2\/posts\/45679\/revisions"}],"predecessor-version":[{"id":46169,"href":"https:\/\/fedai.az\/index.php?rest_route=\/wp\/v2\/posts\/45679\/revisions\/46169"}],"wp:featuredmedia":[{"embeddable":true,"href":"https:\/\/fedai.az\/index.php?rest_route=\/wp\/v2\/media\/45692"}],"wp:attachment":[{"href":"https:\/\/fedai.az\/index.php?rest_route=%2Fwp%2Fv2%2Fmedia&parent=45679"}],"wp:term":[{"taxonomy":"category","embeddable":true,"href":"https:\/\/fedai.az\/index.php?rest_route=%2Fwp%2Fv2%2Fcategories&post=45679"},{"taxonomy":"post_tag","embeddable":true,"href":"https:\/\/fedai.az\/index.php?rest_route=%2Fwp%2Fv2%2Ftags&post=45679"}],"curies":[{"name":"wp","href":"https:\/\/api.w.org\/{rel}","templated":true}]}}