{"id":45699,"date":"2021-08-18T02:08:45","date_gmt":"2021-08-17T22:08:45","guid":{"rendered":"https:\/\/fedai.az\/?p=45699"},"modified":"2021-08-18T02:08:48","modified_gmt":"2021-08-17T22:08:48","slug":"erm%c9%99nil%c9%99r-yeni-t%c9%99xribatlar-tor%c9%99tm%c9%99k-ist%c9%99yirl%c9%99r","status":"publish","type":"post","link":"https:\/\/fedai.az\/?p=45699","title":{"rendered":"ERM\u018fN\u0130L\u018fR YEN\u0130 T\u018fXR\u0130BATLAR T\u00d6R\u018fTM\u018fK \u0130ST\u018fY\u0130RL\u018fR"},"content":{"rendered":"\n<p><strong>Erm\u0259ni m\u0259tbuat\u0131n\u0131n verdiyi m\u0259lumata g\u00f6r\u0259, haz\u0131rda Erm\u0259nistan Az\u0259rbaycan s\u0259rh\u0259dinnd\u0259 qar\u015f\u0131l\u0131ql\u0131 at\u0131\u015fmalar gedir. <\/strong><\/p>\n\n\n\n<p>Erm\u0259ni t\u0259r\u0259fi art\u0131q 2 n\u0259f\u0259r itki verdiyi bar\u0259d\u0259 m\u0259lumat\u0131 t\u0259sdiql\u0259yib. <\/p>\n\n\n\n<p>Bunlardan biri 46 ya\u015fl\u0131 m\u00fcqavil\u0259 il\u0259 qulluq ed\u0259n gizir, o biri is\u0259 19 ya\u015fl\u0131 s\u0131ravi \u0259sg\u0259rdir. <\/p>\n\n\n\n<p>Bir t\u0259r\u0259fd\u0259n d\u0259 \u018ffqan\u0131standa Taliban t\u0259r\u0259fdarlar\u0131n\u0131n qalib g\u0259lm\u0259si erm\u0259nil\u0259ri b\u0259rk qorxuya sal\u0131b. Bir ne\u00e7\u0259 erm\u0259ni politoloqlar\u0131n m\u0259ntiqi \u015f\u0259rhl\u0259rin\u0259 g\u00f6r\u0259, art\u0131q yax\u0131n g\u00fcnl\u0259rd\u0259 Pakistan t\u0259r\u0259find\u0259n guya \u018ffqan &#171;terror\u00e7ular\u0131&#187; Z\u0259ng\u0259zura g\u0259tiril\u0259c\u0259k v\u0259 erm\u0259nil\u0259r\u0259 qar\u015f\u0131 vuru\u015facaqlar. Bu x\u0259b\u0259ri e\u015fid\u0259n s\u0259rh\u0259d b\u00f6lg\u0259l\u0259rind\u0259 ya\u015fayan erm\u0259nil\u0259r ist\u0259r-ist\u0259m\u0259z vaxt\u0131nda qa\u00e7ma\u011fa \u00fcst\u00fcl\u00fck verirl\u0259r.<\/p>\n\n\n\n<p> Bir s\u0131ra tan\u0131nm\u0131\u015f m\u00fcxalif\u0259t r\u0259smil\u0259ri v\u0259 aristl\u0259r is\u0259 m\u0259\u011flubiyy\u0259tl\u0259 raz\u0131la\u015fmayaraq ehtiyatda olan h\u0259rb\u00e7il\u0259ri birl\u0259\u015fm\u0259y\u0259 \u00e7a\u011f\u0131r\u0131rlar. <\/p>\n\n\n\n<p><strong>\u0130SMAYIL TANRIVERD\u0130<\/strong><\/p>\n","protected":false},"excerpt":{"rendered":"<p>Erm\u0259ni m\u0259tbuat\u0131n\u0131n verdiyi m\u0259lumata g\u00f6r\u0259, haz\u0131rda Erm\u0259nistan Az\u0259rbaycan s\u0259rh\u0259dinnd\u0259 qar\u015f\u0131l\u0131ql\u0131 at\u0131\u015fmalar gedir. Erm\u0259ni t\u0259r\u0259fi art\u0131q 2 n\u0259f\u0259r itki verdiyi bar\u0259d\u0259 m\u0259lumat\u0131 t\u0259sdiql\u0259yib. Bunlardan biri<\/p>\n","protected":false},"author":2,"featured_media":45700,"comment_status":"closed","ping_status":"closed","sticky":false,"template":"","format":"standard","meta":{"footnotes":""},"categories":[4],"tags":[],"class_list":["post-45699","post","type-post","status-publish","format-standard","has-post-thumbnail","hentry","category-qarabag"],"aioseo_notices":[],"_links":{"self":[{"href":"https:\/\/fedai.az\/index.php?rest_route=\/wp\/v2\/posts\/45699","targetHints":{"allow":["GET"]}}],"collection":[{"href":"https:\/\/fedai.az\/index.php?rest_route=\/wp\/v2\/posts"}],"about":[{"href":"https:\/\/fedai.az\/index.php?rest_route=\/wp\/v2\/types\/post"}],"author":[{"embeddable":true,"href":"https:\/\/fedai.az\/index.php?rest_route=\/wp\/v2\/users\/2"}],"replies":[{"embeddable":true,"href":"https:\/\/fedai.az\/index.php?rest_route=%2Fwp%2Fv2%2Fcomments&post=45699"}],"version-history":[{"count":1,"href":"https:\/\/fedai.az\/index.php?rest_route=\/wp\/v2\/posts\/45699\/revisions"}],"predecessor-version":[{"id":45701,"href":"https:\/\/fedai.az\/index.php?rest_route=\/wp\/v2\/posts\/45699\/revisions\/45701"}],"wp:featuredmedia":[{"embeddable":true,"href":"https:\/\/fedai.az\/index.php?rest_route=\/wp\/v2\/media\/45700"}],"wp:attachment":[{"href":"https:\/\/fedai.az\/index.php?rest_route=%2Fwp%2Fv2%2Fmedia&parent=45699"}],"wp:term":[{"taxonomy":"category","embeddable":true,"href":"https:\/\/fedai.az\/index.php?rest_route=%2Fwp%2Fv2%2Fcategories&post=45699"},{"taxonomy":"post_tag","embeddable":true,"href":"https:\/\/fedai.az\/index.php?rest_route=%2Fwp%2Fv2%2Ftags&post=45699"}],"curies":[{"name":"wp","href":"https:\/\/api.w.org\/{rel}","templated":true}]}}