{"id":45702,"date":"2021-08-18T02:21:58","date_gmt":"2021-08-17T22:21:58","guid":{"rendered":"https:\/\/fedai.az\/?p=45702"},"modified":"2021-08-18T02:41:51","modified_gmt":"2021-08-17T22:41:51","slug":"t%c9%99brik-ehtiyatda-olan-polkovnik-leytenant-namiq-seyd%c9%99liyev-51","status":"publish","type":"post","link":"https:\/\/fedai.az\/?p=45702","title":{"rendered":"T\u018fBR\u0130K: EHT\u0130YYATDA OLAN POLKOVN\u0130K-LEYTENANT  NAM\u0130Q SEYD\u018fL\u0130YEV &#8212; 51"},"content":{"rendered":"\n<p><strong><span class=\"has-inline-color has-vivid-red-color\">AVMV\u0130B\u00a0 r\u0259hb\u0259rliyi, Fedai. az kolektivi \u00a0v\u0259 \u00a0Az\u0259rbaycan \u00a0V\u0259t\u0259n \u00a0M\u00fcharib\u0259si Veteranlar\u0131 \u00a0\u0130ctimai\u00a0 Birliyinin s\u0259dr m\u00fcavini \u00a0polkovnik \u00a0Salman \u00a0Musayev \u00a0M\u00fcharib\u0259\u00a0 veteran\u0131\u00a0 ehtiyyatda\u00a0 olan\u00a0 polkovnik-leytenant \u00a0Namiq\u00a0 Seyd\u0259liyevi\u00a0 do\u011fum \u00a0g\u00fcn\u00fc \u00a0munasb\u0259til\u0259\u00a0 t\u0259brik edir, h\u0259yatda \u00a0insan \u00a0\u00fcc\u00fcn \u00a0\u0259n \u00a0\u015firin \u00a0nem\u0259t olan m\u00f6hk\u0259m cansa\u011fl\u0131\u011f\u0131 v\u0259 h\u0259yat yollar\u0131nda bitib &#8212; t\u00fck\u0259nm\u0259y\u0259n nailiyy\u0259tl\u0259r arzulay\u0131r.<\/span><\/strong><\/p>\n\n\n\n<p><strong>Qoy &nbsp;ya\u015f\u0131n\u0131n &nbsp;\u00fcst\u0259 &nbsp;g\u0259l\u0259n &nbsp;bu &nbsp;ya\u015f &nbsp;ona &nbsp;sevinc &nbsp;dolu &nbsp;g\u00fcnl\u0259r &nbsp;b\u0259x\u015f &nbsp;etsin, h\u0259r &nbsp;yeni g\u00fcn\u00fc is\u0259 \u00f6t\u0259n &nbsp;g\u00fcnl\u0259rd\u0259n &nbsp;daha &nbsp;g\u00f6z\u0259l ist\u0259kl\u0259rin\u0259 &nbsp;uy\u011fun,onu &nbsp;xo\u015fb\u0259xt &nbsp;&nbsp;ed\u0259c\u0259k &nbsp;\u015f\u0259kild\u0259 ke\u00e7sin.<\/strong><\/p>\n\n\n\n<figure class=\"wp-block-gallery columns-2 is-cropped wp-block-gallery-1 is-layout-flex wp-block-gallery-is-layout-flex\"><ul class=\"blocks-gallery-grid\"><li class=\"blocks-gallery-item\"><figure><img loading=\"lazy\" decoding=\"async\" width=\"540\" height=\"960\" src=\"https:\/\/fedai.az\/wp-content\/uploads\/2021\/08\/237788250_583139846042031_8584687283770051822_n.jpg\" alt=\"\" data-id=\"45703\" data-link=\"https:\/\/fedai.az\/?attachment_id=45703\" class=\"wp-image-45703\" srcset=\"https:\/\/fedai.az\/wp-content\/uploads\/2021\/08\/237788250_583139846042031_8584687283770051822_n.jpg 540w, https:\/\/fedai.az\/wp-content\/uploads\/2021\/08\/237788250_583139846042031_8584687283770051822_n-169x300.jpg 169w, https:\/\/fedai.az\/wp-content\/uploads\/2021\/08\/237788250_583139846042031_8584687283770051822_n-84x150.jpg 84w\" sizes=\"auto, (max-width: 540px) 100vw, 540px\" \/><\/figure><\/li><li class=\"blocks-gallery-item\"><figure><img loading=\"lazy\" decoding=\"async\" width=\"540\" height=\"960\" src=\"https:\/\/fedai.az\/wp-content\/uploads\/2021\/08\/237960439_1195357130983115_6594817691244934034_n.jpg\" alt=\"\" data-id=\"45704\" data-full-url=\"https:\/\/fedai.az\/wp-content\/uploads\/2021\/08\/237960439_1195357130983115_6594817691244934034_n.jpg\" data-link=\"https:\/\/fedai.az\/?attachment_id=45704\" class=\"wp-image-45704\" srcset=\"https:\/\/fedai.az\/wp-content\/uploads\/2021\/08\/237960439_1195357130983115_6594817691244934034_n.jpg 540w, https:\/\/fedai.az\/wp-content\/uploads\/2021\/08\/237960439_1195357130983115_6594817691244934034_n-169x300.jpg 169w, https:\/\/fedai.az\/wp-content\/uploads\/2021\/08\/237960439_1195357130983115_6594817691244934034_n-84x150.jpg 84w\" sizes=\"auto, (max-width: 540px) 100vw, 540px\" \/><\/figure><\/li><\/ul><\/figure>\n\n\n\n<p>&nbsp;&nbsp;&nbsp;&nbsp;&nbsp; Polkovniki&nbsp; leytenant&nbsp; &nbsp;Seyd\u0259liyev &nbsp;Namiq &nbsp;M\u0259h\u0259mm\u0259d&nbsp; o\u011flu 18 avqust 1970- ci ild\u0259 &nbsp;Sumqay\u0131t&nbsp; \u015f\u0259h\u0259rind\u0259&nbsp; anadan olub. O, 1993- c\u00fc ild\u0259 Daxili&nbsp; Qo\u015funlar\u0131n&nbsp; Vladikafkazda&nbsp;&nbsp; yerl\u0259\u015f\u0259n&nbsp; Ali&nbsp; h\u0259rbi&nbsp; m\u0259kt\u0259bini&nbsp; bitirib.O,1997- ci&nbsp; ild\u0259&nbsp; Az\u0259rbaycan Respublikas\u0131n\u0131n M\u00fcdafi\u0259 Nazirliyinin Qaraheyb\u0259td\u0259 yerl\u0259\u015f\u0259n&nbsp; tabor komandiri&nbsp; v\u0259 taborun&nbsp; q\u0259rargah&nbsp; r\u0259isi&nbsp; kursunu&nbsp; sonra&nbsp; is\u0259&nbsp; 2005-ci&nbsp; ild\u0259&nbsp; T\u00fcrkiy\u0259&nbsp; C\u00fcmhuriyy\u0259tinin&nbsp; Jandarma&nbsp; Q\u00fcvv\u0259l\u0259rinin&nbsp; h\u0259rbi&nbsp; m\u0259kt\u0259bind\u0259&nbsp; ba\u015f&nbsp; zabitl\u0259rin&nbsp; ixtisas&nbsp; art\u0131rma&nbsp; kursunu&nbsp; bitirib.<\/p>\n\n\n\n<p>&nbsp;&nbsp;&nbsp;&nbsp;&nbsp; M\u00fcharib\u0259&nbsp; veteran\u0131&nbsp; ehtiyatda&nbsp; olan&nbsp; polkovnik-leytenant &nbsp;Namiq&nbsp; Seyd\u0259liyev 1988- 1993-c\u00fc ill\u0259rd\u0259&nbsp;&nbsp; Daxili&nbsp; Qo\u015funlar\u0131n\u0131n&nbsp; ba\u015f&nbsp; idar\u0259sinin&nbsp; Vladikafkazda&nbsp;&nbsp; yerl\u0259\u015f\u0259n&nbsp; h\u0259rbi&nbsp; hiss\u0259d\u0259&nbsp;&nbsp; m\u00fcdd\u0259tli&nbsp;&nbsp; h\u0259qiqi&nbsp; h\u0259rbi&nbsp; xidm\u0259td\u0259&nbsp; olub.<\/p>\n\n\n\n<p>&nbsp;&nbsp;&nbsp;&nbsp;O, 10 may&nbsp; 1993-c\u00fc&nbsp; ild\u0259n&nbsp; 22 may&nbsp; 2009 \u2013 cu&nbsp; il\u0259&nbsp; kimi&nbsp; Daxili&nbsp; \u0130\u015fl\u0259r&nbsp; nazirliyinin&nbsp; Daxili&nbsp; Qo\u015funlar\u0131n\u0131n&nbsp; ba\u015f&nbsp; idar\u0259sinin&nbsp; Sumqay\u0131t \u015f\u0259h\u0259rind\u0259, Quba, Zaqatala, X\u0259z\u0259r, Bin\u0259q\u0259di&nbsp; v\u0259&nbsp; Hac\u0131qabul&nbsp; rayonlar\u0131nda&nbsp; yerl\u0259\u015f\u0259n&nbsp; h\u0259rbi&nbsp; hiss\u0259l\u0259rd\u0259&nbsp; taq\u0131m &nbsp;v\u0259&nbsp; b\u00f6l\u00fck komandiri, D\u00f6y\u00fc\u015f&nbsp; haz\u0131rl\u0131\u011f\u0131&nbsp; b\u00f6lm\u0259sinin&nbsp; r\u0259isi, tabor&nbsp; komandiri, Daxili&nbsp; Qo\u015funlar\u0131n &nbsp;Ba\u015f&nbsp; \u0130dar\u0259sinin&nbsp; Q\u0259rargah\u0131nda&nbsp; is\u0259&nbsp; \u018fm\u0259liyyat&nbsp; \u015f\u00f6b\u0259sinin&nbsp; ba\u015f&nbsp; zabit&nbsp; v\u0259zif\u0259l\u0259rind\u0259&nbsp; xidm\u0259t&nbsp; etmi\u015fdir.<\/p>\n\n\n\n<p>&nbsp;&nbsp;&nbsp;&nbsp;&nbsp; O, Daxili&nbsp; Qo\u015funlara,xidm\u0259t&nbsp; etdiyi&nbsp; h\u0259rbi&nbsp; hiss\u0259y\u0259&nbsp; h\u0259val\u0259&nbsp; edilmi\u015f&nbsp; v\u0259zif\u0259l\u0259rin&nbsp; v\u0259&nbsp; tap\u015f\u0131r\u0131qlar\u0131n&nbsp;&nbsp; yerin\u0259&nbsp; yetirilm\u0259sind\u0259, cinay\u0259tkarl\u0131\u011fa&nbsp; qar\u015f\u0131&nbsp; m\u00fcbariz\u0259d\u0259,ictimai&nbsp; t\u0259hl\u00fck\u0259sizliyin&nbsp;&nbsp; t\u0259min&nbsp; edilm\u0259sind\u0259&nbsp; \u00fcz\u0259rin\u0259&nbsp; d\u00fc\u015f\u0259n&nbsp; v\u0259zif\u0259l\u0259rin&nbsp; yerin\u0259&nbsp; yetirilm\u0259sin\u0259&nbsp; m\u0259suliyy\u0259tl\u0259&nbsp; yana\u015f\u0131b.<\/p>\n\n\n\n<figure class=\"wp-block-image size-large\"><img loading=\"lazy\" decoding=\"async\" width=\"903\" height=\"678\" src=\"https:\/\/fedai.az\/wp-content\/uploads\/2021\/08\/238326978_979547136218552_1663879785824704370_n.jpg\" alt=\"\" class=\"wp-image-45705\" srcset=\"https:\/\/fedai.az\/wp-content\/uploads\/2021\/08\/238326978_979547136218552_1663879785824704370_n.jpg 903w, https:\/\/fedai.az\/wp-content\/uploads\/2021\/08\/238326978_979547136218552_1663879785824704370_n-300x225.jpg 300w, https:\/\/fedai.az\/wp-content\/uploads\/2021\/08\/238326978_979547136218552_1663879785824704370_n-150x113.jpg 150w, https:\/\/fedai.az\/wp-content\/uploads\/2021\/08\/238326978_979547136218552_1663879785824704370_n-768x577.jpg 768w\" sizes=\"auto, (max-width: 903px) 100vw, 903px\" \/><\/figure>\n\n\n\n<p>&nbsp;&nbsp;&nbsp;&nbsp;&nbsp; Namiq&nbsp; Seyd\u0259liyev&nbsp; Az\u0259rbaycan&nbsp; Respublikas\u0131&nbsp; Konstitusiyas\u0131na&nbsp; v\u0259&nbsp; qanunlar\u0131na, h\u0259rbi&nbsp; and\u0131n,h\u0259rbi&nbsp; nizamnam\u0259l\u0259rin&nbsp; t\u0259l\u0259bl\u0259rin\u0259&nbsp;&nbsp; v\u0259&nbsp; v\u0259zif\u0259&nbsp; borcuna&nbsp; \u0259m\u0259l&nbsp; etm\u0259kd\u0259&nbsp; tabeliyind\u0259kil\u0259r&nbsp; \u00fc\u00e7\u00fcn&nbsp; n\u00fcmun\u0259&nbsp; olmu\u015f, Az\u0259rbaycan&nbsp; Respublikas\u0131n\u0131n&nbsp; \u0259razi&nbsp;&nbsp; b\u00fct\u00f6vl\u00fcy\u00fc&nbsp; u\u011frunda&nbsp; ged\u0259n&nbsp;&nbsp; d\u00f6y\u00fc\u015fl\u0259rd\u0259&nbsp;&nbsp; i\u015ftirak&nbsp; edib.<\/p>\n\n\n\n<p>&nbsp;&nbsp;&nbsp;&nbsp;&nbsp; M\u00fcharib\u0259&nbsp; veteran\u0131&nbsp; ehtiyatda&nbsp; olan&nbsp; polkovnik-leytenant &nbsp;Namiq&nbsp; Seyd\u0259liyev M\u0259h\u0259mm\u0259d&nbsp;o\u011flu&nbsp;pe\u015f\u0259karl\u0131\u011f\u0131&nbsp; v\u0259&nbsp; humanistliyi&nbsp; il\u0259&nbsp; se\u00e7il\u0259n&nbsp; \u0259n&nbsp; m\u0259suldar&nbsp; d\u00f6vr\u00fcn\u00fcn&nbsp; 21&nbsp; ild\u0259n&nbsp; cox&nbsp; \u015f\u0259r\u0259fli&nbsp; xidm\u0259ti&nbsp; yolunu&nbsp; Daxili&nbsp; \u0130\u015fl\u0259r&nbsp; Nazirliyinin&nbsp; Daxili&nbsp; Qo\u015funlar\u0131nda&nbsp; h\u0259rbi&nbsp; xidm\u0259td\u0259&nbsp; kecirib.<\/p>\n\n\n\n<p>&nbsp;&nbsp;&nbsp;&nbsp;&nbsp; Xidm\u0259td\u0259&nbsp; f\u0259rql\u0259ndiyin\u0259&nbsp;&nbsp; g\u00f6r\u0259&nbsp; ehtiyatda&nbsp; olan&nbsp; polkovnik-leytenant &nbsp;Namiq&nbsp; Seyd\u0259liyev&nbsp; Daxili&nbsp; \u0130\u015fl\u0259r&nbsp; Nazirin,Daxili&nbsp; Qo\u015funlar&nbsp; Komandan\u0131n,t\u0259hsil&nbsp; ald\u0131\u011f\u0131&nbsp; ali&nbsp; m\u0259kt\u0259b&nbsp; r\u0259isinin&nbsp; v\u0259&nbsp; xidm\u0259t&nbsp; etdiyi&nbsp; h\u0259rbi&nbsp; hiss\u0259l\u0259rin&nbsp; komandirl\u0259rinin&nbsp; m\u00fcvafiq&nbsp;&nbsp; \u0259mrl\u0259ri&nbsp; il\u0259&nbsp; bir&nbsp; s\u0131ra&nbsp; medallarla,d\u00f6\u015f&nbsp; ni\u015fanlarla,pul&nbsp; m\u00fckafatlar\u0131&nbsp; il\u0259,f\u0259xri&nbsp; f\u0259rmanlarla,qiym\u0259tli&nbsp; h\u0259diy\u0259l\u0259rl\u0259&nbsp; m\u00fckafatland\u0131r\u0131l\u0131b&nbsp; v\u0259&nbsp; ona&nbsp; t\u0259\u015f\u0259kk\u00fcr&nbsp; elan&nbsp; edilib.<\/p>\n\n\n\n<figure class=\"wp-block-gallery columns-2 is-cropped wp-block-gallery-2 is-layout-flex wp-block-gallery-is-layout-flex\"><ul class=\"blocks-gallery-grid\"><li class=\"blocks-gallery-item\"><figure><img loading=\"lazy\" decoding=\"async\" width=\"540\" height=\"960\" src=\"https:\/\/fedai.az\/wp-content\/uploads\/2021\/08\/236784860_853529431946909_3733053222121417212_n.jpg\" alt=\"\" data-id=\"45706\" data-link=\"https:\/\/fedai.az\/?attachment_id=45706\" class=\"wp-image-45706\" srcset=\"https:\/\/fedai.az\/wp-content\/uploads\/2021\/08\/236784860_853529431946909_3733053222121417212_n.jpg 540w, https:\/\/fedai.az\/wp-content\/uploads\/2021\/08\/236784860_853529431946909_3733053222121417212_n-169x300.jpg 169w, https:\/\/fedai.az\/wp-content\/uploads\/2021\/08\/236784860_853529431946909_3733053222121417212_n-84x150.jpg 84w\" sizes=\"auto, (max-width: 540px) 100vw, 540px\" \/><\/figure><\/li><li class=\"blocks-gallery-item\"><figure><img loading=\"lazy\" decoding=\"async\" width=\"720\" height=\"960\" src=\"https:\/\/fedai.az\/wp-content\/uploads\/2021\/08\/238757298_567050080989968_3524719037991045649_n.jpg\" alt=\"\" data-id=\"45707\" data-full-url=\"https:\/\/fedai.az\/wp-content\/uploads\/2021\/08\/238757298_567050080989968_3524719037991045649_n.jpg\" data-link=\"https:\/\/fedai.az\/?attachment_id=45707\" class=\"wp-image-45707\" srcset=\"https:\/\/fedai.az\/wp-content\/uploads\/2021\/08\/238757298_567050080989968_3524719037991045649_n.jpg 720w, https:\/\/fedai.az\/wp-content\/uploads\/2021\/08\/238757298_567050080989968_3524719037991045649_n-225x300.jpg 225w, https:\/\/fedai.az\/wp-content\/uploads\/2021\/08\/238757298_567050080989968_3524719037991045649_n-113x150.jpg 113w\" sizes=\"auto, (max-width: 720px) 100vw, 720px\" \/><\/figure><\/li><\/ul><\/figure>\n\n\n\n<p>&nbsp;&nbsp;&nbsp;&nbsp;&nbsp; O, Daxili&nbsp; Qo\u015funlarda&nbsp; xidm\u0259t&nbsp; etdiyi&nbsp; h\u0259rbi&nbsp; hiss\u0259y\u0259&nbsp; h\u0259val\u0259&nbsp; edilmi\u015f&nbsp; v\u0259zif\u0259l\u0259rin v\u0259&nbsp; tap\u015f\u0131r\u0131qlar\u0131n&nbsp; yerin\u0259&nbsp; yetirilm\u0259sind\u0259,cin\u0259y\u0259tkarl\u0131\u011fa&nbsp; qar\u015f\u0131&nbsp; m\u00fcbariz\u0259d\u0259,ictimai&nbsp; t\u0259hl\u00fck\u0259sizliyin&nbsp; t\u0259min&nbsp; edilm\u0259sind\u0259&nbsp; \u00fcz\u0259rin\u0259&nbsp; d\u00fc\u015f\u0259n&nbsp; v\u0259zif\u0259l\u0259rin&nbsp; yerin\u0259&nbsp; yetirilm\u0259sin\u0259&nbsp; m\u0259suliyy\u0259tl\u0259&nbsp; yana\u015f\u0131b.&nbsp;<\/p>\n\n\n\n<p><strong>Do\u011fum g\u00fcn\u00fcn\u00fcz m\u00fcbar\u0259k!<\/strong><\/p>\n\n\n\n<p><strong>100 ya\u015fa v\u0259 b\u00fct\u00fcn g\u00f6z\u0259l n\u0259 varsa qism\u0259tin olsun!<\/strong><\/p>\n\n\n\n<p><strong>D\u0259rin h\u00f6rm\u0259tl\u0259, Az\u0259rbaycan V\u0259t\u0259n M\u00fcharib\u0259si Veteranlar\u0131 \u0130ctimai Birliyinin s\u0259dr m\u00fcavini&nbsp; polkovnik Salman Musayev<\/strong><\/p>\n\n\n\n<figure class=\"wp-block-gallery columns-2 is-cropped wp-block-gallery-3 is-layout-flex wp-block-gallery-is-layout-flex\"><ul class=\"blocks-gallery-grid\"><li class=\"blocks-gallery-item\"><figure><img loading=\"lazy\" decoding=\"async\" width=\"540\" height=\"960\" src=\"https:\/\/fedai.az\/wp-content\/uploads\/2021\/08\/237788250_583139846042031_8584687283770051822_n-1.jpg\" alt=\"\" data-id=\"45708\" data-link=\"https:\/\/fedai.az\/?attachment_id=45708\" class=\"wp-image-45708\" srcset=\"https:\/\/fedai.az\/wp-content\/uploads\/2021\/08\/237788250_583139846042031_8584687283770051822_n-1.jpg 540w, https:\/\/fedai.az\/wp-content\/uploads\/2021\/08\/237788250_583139846042031_8584687283770051822_n-1-169x300.jpg 169w, https:\/\/fedai.az\/wp-content\/uploads\/2021\/08\/237788250_583139846042031_8584687283770051822_n-1-84x150.jpg 84w\" sizes=\"auto, (max-width: 540px) 100vw, 540px\" \/><\/figure><\/li><li class=\"blocks-gallery-item\"><figure><img loading=\"lazy\" decoding=\"async\" width=\"600\" height=\"600\" src=\"https:\/\/fedai.az\/wp-content\/uploads\/2021\/08\/8265a327389da9fe4fdc2714b309120e-2-14.jpg\" alt=\"\" data-id=\"45709\" data-full-url=\"https:\/\/fedai.az\/wp-content\/uploads\/2021\/08\/8265a327389da9fe4fdc2714b309120e-2-14.jpg\" data-link=\"https:\/\/fedai.az\/?attachment_id=45709\" class=\"wp-image-45709\" srcset=\"https:\/\/fedai.az\/wp-content\/uploads\/2021\/08\/8265a327389da9fe4fdc2714b309120e-2-14.jpg 600w, https:\/\/fedai.az\/wp-content\/uploads\/2021\/08\/8265a327389da9fe4fdc2714b309120e-2-14-300x300.jpg 300w, https:\/\/fedai.az\/wp-content\/uploads\/2021\/08\/8265a327389da9fe4fdc2714b309120e-2-14-150x150.jpg 150w, https:\/\/fedai.az\/wp-content\/uploads\/2021\/08\/8265a327389da9fe4fdc2714b309120e-2-14-215x215.jpg 215w\" sizes=\"auto, (max-width: 600px) 100vw, 600px\" \/><\/figure><\/li><\/ul><\/figure>\n","protected":false},"excerpt":{"rendered":"<p>AVMV\u0130B\u00a0 r\u0259hb\u0259rliyi, Fedai. az kolektivi \u00a0v\u0259 \u00a0Az\u0259rbaycan \u00a0V\u0259t\u0259n \u00a0M\u00fcharib\u0259si Veteranlar\u0131 \u00a0\u0130ctimai\u00a0 Birliyinin s\u0259dr m\u00fcavini \u00a0polkovnik \u00a0Salman \u00a0Musayev \u00a0M\u00fcharib\u0259\u00a0 veteran\u0131\u00a0 ehtiyyatda\u00a0 olan\u00a0 polkovnik-leytenant \u00a0Namiq\u00a0 Seyd\u0259liyevi\u00a0<\/p>\n","protected":false},"author":2,"featured_media":45713,"comment_status":"closed","ping_status":"closed","sticky":false,"template":"","format":"standard","meta":{"footnotes":""},"categories":[5],"tags":[],"class_list":["post-45702","post","type-post","status-publish","format-standard","has-post-thumbnail","hentry","category-veteran"],"aioseo_notices":[],"_links":{"self":[{"href":"https:\/\/fedai.az\/index.php?rest_route=\/wp\/v2\/posts\/45702","targetHints":{"allow":["GET"]}}],"collection":[{"href":"https:\/\/fedai.az\/index.php?rest_route=\/wp\/v2\/posts"}],"about":[{"href":"https:\/\/fedai.az\/index.php?rest_route=\/wp\/v2\/types\/post"}],"author":[{"embeddable":true,"href":"https:\/\/fedai.az\/index.php?rest_route=\/wp\/v2\/users\/2"}],"replies":[{"embeddable":true,"href":"https:\/\/fedai.az\/index.php?rest_route=%2Fwp%2Fv2%2Fcomments&post=45702"}],"version-history":[{"count":4,"href":"https:\/\/fedai.az\/index.php?rest_route=\/wp\/v2\/posts\/45702\/revisions"}],"predecessor-version":[{"id":45727,"href":"https:\/\/fedai.az\/index.php?rest_route=\/wp\/v2\/posts\/45702\/revisions\/45727"}],"wp:featuredmedia":[{"embeddable":true,"href":"https:\/\/fedai.az\/index.php?rest_route=\/wp\/v2\/media\/45713"}],"wp:attachment":[{"href":"https:\/\/fedai.az\/index.php?rest_route=%2Fwp%2Fv2%2Fmedia&parent=45702"}],"wp:term":[{"taxonomy":"category","embeddable":true,"href":"https:\/\/fedai.az\/index.php?rest_route=%2Fwp%2Fv2%2Fcategories&post=45702"},{"taxonomy":"post_tag","embeddable":true,"href":"https:\/\/fedai.az\/index.php?rest_route=%2Fwp%2Fv2%2Ftags&post=45702"}],"curies":[{"name":"wp","href":"https:\/\/api.w.org\/{rel}","templated":true}]}}