{"id":45715,"date":"2021-08-18T02:27:21","date_gmt":"2021-08-17T22:27:21","guid":{"rendered":"https:\/\/fedai.az\/?p=45715"},"modified":"2021-08-18T02:27:24","modified_gmt":"2021-08-17T22:27:24","slug":"h-akar-turkiy%c9%99-xalqi-bundan-sonra-da-az%c9%99rbaycan-xalqinin-yaninda-olacaq","status":"publish","type":"post","link":"https:\/\/fedai.az\/?p=45715","title":{"rendered":"H. Akar: &#171;T\u00fcrkiy\u0259 xalq\u0131 bundan sonra da Az\u0259rbaycan xalq\u0131n\u0131n yan\u0131nda olacaq&#187;"},"content":{"rendered":"\n<p><strong>T\u00fcrkiy\u0259 xalq\u0131 bundan sonra da haql\u0131 m\u00fcbariz\u0259sind\u0259 Az\u0259rbaycan xalq\u0131n\u0131n yan\u0131nda olacaq.<\/strong><\/p>\n\n\n\n<p>\u00a0Bu bar\u0259d\u0259 T\u00fcrkiy\u0259nin milli m\u00fcdafi\u0259 naziri Hulusi Akar bildirib.<\/p>\n\n\n\n<p>Qeyd ed\u0259k ki, bu g\u00fcn T\u00fcrkiy\u0259d\u0259 iki \u00f6lk\u0259nin m\u00fcdafi\u0259 nazirl\u0259rinin g\u00f6r\u00fc\u015f\u00fc olub. G\u00f6r\u00fc\u015fd\u0259 ikit\u0259r\u0259fli v\u0259 regional, m\u00fcdafi\u0259 v\u0259 t\u0259hl\u00fck\u0259sizlik m\u0259s\u0259l\u0259l\u0259ri \u0259traf\u0131nda fikir m\u00fcbadil\u0259si apar\u0131l\u0131b.<\/p>\n\n\n\n<p>Son g\u00fcnl\u0259r Erm\u0259nistan t\u0259r\u0259find\u0259n Az\u0259rbaycanla s\u0259rh\u0259dd\u0259 ba\u015f ver\u0259n h\u00fccumlara v\u0259 t\u0259xribatlara toxunan Hulusi Akar qeyd edib ki, T\u00fcrkiy\u0259 xalq\u0131 bundan sonra da Az\u0259rbaycan xalq\u0131na haql\u0131 m\u00fcbariz\u0259sind\u0259 d\u0259st\u0259k ver\u0259c\u0259k.<\/p>\n","protected":false},"excerpt":{"rendered":"<p>T\u00fcrkiy\u0259 xalq\u0131 bundan sonra da haql\u0131 m\u00fcbariz\u0259sind\u0259 Az\u0259rbaycan xalq\u0131n\u0131n yan\u0131nda olacaq. \u00a0Bu bar\u0259d\u0259 T\u00fcrkiy\u0259nin milli m\u00fcdafi\u0259 naziri Hulusi Akar bildirib. Qeyd ed\u0259k ki, bu<\/p>\n","protected":false},"author":2,"featured_media":45716,"comment_status":"closed","ping_status":"closed","sticky":false,"template":"","format":"standard","meta":{"footnotes":""},"categories":[3],"tags":[],"class_list":["post-45715","post","type-post","status-publish","format-standard","has-post-thumbnail","hentry","category-gundm"],"aioseo_notices":[],"_links":{"self":[{"href":"https:\/\/fedai.az\/index.php?rest_route=\/wp\/v2\/posts\/45715","targetHints":{"allow":["GET"]}}],"collection":[{"href":"https:\/\/fedai.az\/index.php?rest_route=\/wp\/v2\/posts"}],"about":[{"href":"https:\/\/fedai.az\/index.php?rest_route=\/wp\/v2\/types\/post"}],"author":[{"embeddable":true,"href":"https:\/\/fedai.az\/index.php?rest_route=\/wp\/v2\/users\/2"}],"replies":[{"embeddable":true,"href":"https:\/\/fedai.az\/index.php?rest_route=%2Fwp%2Fv2%2Fcomments&post=45715"}],"version-history":[{"count":1,"href":"https:\/\/fedai.az\/index.php?rest_route=\/wp\/v2\/posts\/45715\/revisions"}],"predecessor-version":[{"id":45717,"href":"https:\/\/fedai.az\/index.php?rest_route=\/wp\/v2\/posts\/45715\/revisions\/45717"}],"wp:featuredmedia":[{"embeddable":true,"href":"https:\/\/fedai.az\/index.php?rest_route=\/wp\/v2\/media\/45716"}],"wp:attachment":[{"href":"https:\/\/fedai.az\/index.php?rest_route=%2Fwp%2Fv2%2Fmedia&parent=45715"}],"wp:term":[{"taxonomy":"category","embeddable":true,"href":"https:\/\/fedai.az\/index.php?rest_route=%2Fwp%2Fv2%2Fcategories&post=45715"},{"taxonomy":"post_tag","embeddable":true,"href":"https:\/\/fedai.az\/index.php?rest_route=%2Fwp%2Fv2%2Ftags&post=45715"}],"curies":[{"name":"wp","href":"https:\/\/api.w.org\/{rel}","templated":true}]}}