{"id":45753,"date":"2021-08-18T14:12:55","date_gmt":"2021-08-18T10:12:55","guid":{"rendered":"https:\/\/fedai.az\/?p=45753"},"modified":"2021-08-18T14:14:23","modified_gmt":"2021-08-18T10:14:23","slug":"agoglan-v%c9%99-agqiz-kils%c9%99l%c9%99ri-2","status":"publish","type":"post","link":"https:\/\/fedai.az\/?p=45753","title":{"rendered":"A\u011eO\u011eLAN V\u018f A\u011eQIZ K\u0130LS\u018fL\u018fR\u0130"},"content":{"rendered":"\n<div class=\"wp-block-media-text alignwide has-media-on-the-right is-stacked-on-mobile\" style=\"grid-template-columns:auto 44%\"><figure class=\"wp-block-media-text__media\"><img loading=\"lazy\" decoding=\"async\" width=\"304\" height=\"204\" src=\"https:\/\/fedai.az\/wp-content\/uploads\/2021\/08\/8WtdfymLvyA-1.jpg\" alt=\"\" class=\"wp-image-45756 size-full\" srcset=\"https:\/\/fedai.az\/wp-content\/uploads\/2021\/08\/8WtdfymLvyA-1.jpg 304w, https:\/\/fedai.az\/wp-content\/uploads\/2021\/08\/8WtdfymLvyA-1-300x201.jpg 300w, https:\/\/fedai.az\/wp-content\/uploads\/2021\/08\/8WtdfymLvyA-1-150x101.jpg 150w\" sizes=\"auto, (max-width: 304px) 100vw, 304px\" \/><\/figure><div class=\"wp-block-media-text__content\">\n<p class=\"has-large-font-size\"><strong>\u0130LHAM\u0130 C\u018fF\u018fRSOY<\/strong><\/p>\n\n\n\n<p><strong><em>Elml\u0259r doktoru,&nbsp;N\u0259simi ad\u0131na Dil\u00e7ilik \u0130nstitutunun \u00abQ\u0259dim dill\u0259r v\u0259 m\u0259d\u0259niyy\u0259tl\u0259r\u201d \u015f\u00f6b\u0259sinin m\u00fcdiri<\/em><\/strong><\/p>\n<\/div><\/div>\n\n\n\n<p><strong>D\u00fcn\u0259n telekanallar\u0131m\u0131z m\u0259lumat verdi ki, bir d\u0259st\u0259 erm\u0259ni rus pism\u0259raml\u0131lar\u0131n\u0131n m\u00fc\u015fayi\u0259ti il\u0259 Xocav\u0259nd rayonuna g\u0259lib, Amaras kils\u0259sini ziyar\u0259t etmi\u015fdir.<\/strong><\/p>\n\n\n\n<p><strong> <\/strong>Da\u015fdan s\u0259s \u00e7\u0131xd\u0131, bizim xarici i\u015fl\u0259r nazirliyind\u0259n s\u0259s \u00e7\u0131xmad\u0131. <\/p>\n\n\n\n<p>Deyilm\u0259di ki, kils\u0259nin ad\u0131 Amaras deyildir, A\u011fo\u011fland\u0131r. Amar ad\u0131n\u0131 erm\u0259nil\u0259r sonradan uydurublar. -as yunan fonetikas\u0131nda orta cinsin adl\u0131q hal \u015f\u0259kil\u00e7isidir. Xristianl\u0131\u011f\u0131n ilk ill\u0259rind\u0259 Albaniyan\u0131n \u0130sa m\u0259sih kils\u0259l\u0259ri A\u011fo\u011flan, bakir\u0259 M\u0259ry\u0259m kils\u0259l\u0259ri A\u011fq\u0131z adlan\u0131rd\u0131. <\/p>\n\n\n\n<figure class=\"wp-block-gallery columns-2 is-cropped wp-block-gallery-1 is-layout-flex wp-block-gallery-is-layout-flex\"><ul class=\"blocks-gallery-grid\"><li class=\"blocks-gallery-item\"><figure><img loading=\"lazy\" decoding=\"async\" width=\"259\" height=\"194\" src=\"https:\/\/fedai.az\/wp-content\/uploads\/2021\/08\/\u0411\u0435\u0437-\u043d\u0430\u0437\u0432\u0430\u043d\u0438\u044f-2-3.jpg\" alt=\"\" data-id=\"45754\" data-link=\"https:\/\/fedai.az\/?attachment_id=45754\" class=\"wp-image-45754\" srcset=\"https:\/\/fedai.az\/wp-content\/uploads\/2021\/08\/\u0411\u0435\u0437-\u043d\u0430\u0437\u0432\u0430\u043d\u0438\u044f-2-3.jpg 259w, https:\/\/fedai.az\/wp-content\/uploads\/2021\/08\/\u0411\u0435\u0437-\u043d\u0430\u0437\u0432\u0430\u043d\u0438\u044f-2-3-150x112.jpg 150w\" sizes=\"auto, (max-width: 259px) 100vw, 259px\" \/><\/figure><\/li><li class=\"blocks-gallery-item\"><figure><img loading=\"lazy\" decoding=\"async\" width=\"450\" height=\"300\" src=\"https:\/\/fedai.az\/wp-content\/uploads\/2021\/08\/unnamed-1.jpg\" alt=\"\" data-id=\"45755\" data-full-url=\"https:\/\/fedai.az\/wp-content\/uploads\/2021\/08\/unnamed-1.jpg\" data-link=\"https:\/\/fedai.az\/?attachment_id=45755\" class=\"wp-image-45755\" srcset=\"https:\/\/fedai.az\/wp-content\/uploads\/2021\/08\/unnamed-1.jpg 450w, https:\/\/fedai.az\/wp-content\/uploads\/2021\/08\/unnamed-1-300x200.jpg 300w, https:\/\/fedai.az\/wp-content\/uploads\/2021\/08\/unnamed-1-150x100.jpg 150w\" sizes=\"auto, (max-width: 450px) 100vw, 450px\" \/><\/figure><\/li><\/ul><\/figure>\n\n\n\n<p>H\u0259l\u0259 70 il bundan qabaq r\u0259hm\u0259tlik Zelik Yampolski yaz\u0131rd\u0131 ki, A\u011fo\u011flan kils\u0259 adlar\u0131 Amarasdan q\u0259dimdir. Amaras v\u0259 Ax\u00e7inik kils\u0259l\u0259ri Albaniyan\u0131n A\u011fo\u011flan v\u0259 A\u011fq\u0131z m\u0259b\u0259dl\u0259rinin b\u00fcn\u00f6vr\u0259si \u00fcz\u0259rind\u0259 tikilmi\u015fdir. Xristianl\u0131qdan \u0259vv\u0259l \u0259cdadlar\u0131m\u0131z d\u00fc\u015f\u00fcn\u00fcrd\u00fcl\u0259r ki, a\u011fo\u011flanlar anadan olmurlar, a\u011fq\u0131zlar\u0131n g\u00f6b\u0259yind\u0259n \u00e7\u0131x\u0131rlar. <\/p>\n\n\n\n<p>Uy\u011furlar\u0131n v\u0259 yakutlar\u0131n t\u00f6r\u0259yi\u015f \u0259fsan\u0259l\u0259rin\u0259 g\u00f6r\u0259 A\u011fo\u011flan anadan olanda a\u011fac ko\u011fu\u015fundan \u00e7\u0131xan A\u011fq\u0131z onu \u0259mizdirir, \u0259lin\u0259 od, su v\u0259 d\u0259mir verir, y\u0259ni silahland\u0131r\u0131r. Bulqar t\u00fcrkl\u0259rinin Buzan n\u0259slind\u0259n olan Favstos yaz\u0131r ki, Amaras kils\u0259sini \u0131v \u0259srd\u0259 parfiyal\u0131 Anak\u0131n o\u011flu tikdirmi\u015fdir. Anak bakir\u0259 Anaya, y\u0259ni M\u0259ry\u0259m\u0259 sitayi\u015f ed\u0259n t\u00fcrk kahin n\u0259sli idi. A\u011fo\u011flan v\u0259 A\u011fq\u0131z n\u0259sill\u0259ri \u0130slam dinini q\u0259bul ed\u0259r\u0259k Az\u0259rbaycan xalq\u0131n\u0131n m\u0259n\u015f\u0259yin\u0259 daxil oldular. Onlar\u0131n bir hiss\u0259si indiy\u0259d\u0259k bayatlar v\u0259 qa\u015fqaylarla birlikd\u0259 \u015eirazda ya\u015fay\u0131r v\u0259 \u00f6zl\u0259rini t\u00fcrk say\u0131rlar. <\/p>\n\n\n\n<figure class=\"wp-block-image size-large is-resized\"><img loading=\"lazy\" decoding=\"async\" src=\"https:\/\/fedai.az\/wp-content\/uploads\/2021\/08\/238685630_227345575978524_2896630588175502384_n.jpg\" alt=\"\" class=\"wp-image-45759\" width=\"734\" height=\"984\" srcset=\"https:\/\/fedai.az\/wp-content\/uploads\/2021\/08\/238685630_227345575978524_2896630588175502384_n.jpg 526w, https:\/\/fedai.az\/wp-content\/uploads\/2021\/08\/238685630_227345575978524_2896630588175502384_n-224x300.jpg 224w, https:\/\/fedai.az\/wp-content\/uploads\/2021\/08\/238685630_227345575978524_2896630588175502384_n-112x150.jpg 112w\" sizes=\"auto, (max-width: 734px) 100vw, 734px\" \/><\/figure>\n\n\n\n<p>A\u011fq\u0131z n\u0259slinin bir qolu is\u0259 son zamanlara q\u0259d\u0259r Qaraba\u011fda ya\u015fay\u0131rd\u0131. Vaqifin A\u011fq\u0131z oyma\u011f\u0131ndan Piri adl\u0131 bir dostu var idi. B\u0259zi m\u0259nb\u0259l\u0259rd\u0259 A\u011fq\u0131z kils\u0259l\u0259ri Ax\u00e7inik adlan\u0131r. \u00c7oxlar\u0131na el\u0259 g\u0259lir ki, ax\u00e7ik, y\u0259ni q\u0131z erm\u0259ni s\u00f6z\u00fcd\u00fcr. <\/p>\n\n\n\n<p>\u0130.\u0130.\u015eopen h\u0259l\u0259 1866-c\u0131 ild\u0259 yaz\u0131rd\u0131 ki, ax\u00e7ik s\u00f6z\u00fc t\u00fcrk dill\u0259rind\u0259n al\u0131nmad\u0131r. Aq, eq t\u00fcrk dill\u0259rind\u0259 qad\u0131na v\u0259 \u00fcmumiyy\u0259tl\u0259 di\u015fi cinsin\u0259 deyilir. Erm\u0259nil\u0259r A\u011fo\u011flan kils\u0259sini Amaras adland\u0131r\u0131b \u00f6z\u0259ll\u0259\u015fdirirl\u0259r. Pism\u0259raml\u0131lar\u0131n d\u0259st\u0259yi il\u0259 ziyar\u0259t edirl\u0259r. Biz is\u0259 fil qula\u011f\u0131nda m\u00fcrg\u00fcl\u0259yirik. <\/p>\n\n\n\n<p>N\u0259 q\u0259d\u0259r gec olsa da, \u00f6z xristian m\u0259d\u0259niyy\u0259timiz\u0259 yiy\u0259 durmal\u0131y\u0131q. \u0130n\u015fa etdiyimiz kils\u0259l\u0259rin adlar\u0131n\u0131 \u00f6z\u00fcn\u0259 qaytarmal\u0131y\u0131q. D\u0259rslikl\u0259rimizd\u0259 kils\u0259 \u0259d\u0259biyyat\u0131na yer ay\u0131rmal\u0131y\u0131q. O \u0259d\u0259bi n\u00fcmun\u0259l\u0259r ki, m\u00fcxt\u0259lif \u0259lifbalarla t\u00fcrk dill\u0259rinin m\u00fcxt\u0259lif l\u0259hc\u0259l\u0259rind\u0259 yaz\u0131lm\u0131\u015fd\u0131r<\/p>\n\n\n\n<p><\/p>\n","protected":false},"excerpt":{"rendered":"<p>\u0130LHAM\u0130 C\u018fF\u018fRSOY Elml\u0259r doktoru,&nbsp;N\u0259simi ad\u0131na Dil\u00e7ilik \u0130nstitutunun \u00abQ\u0259dim dill\u0259r v\u0259 m\u0259d\u0259niyy\u0259tl\u0259r\u201d \u015f\u00f6b\u0259sinin m\u00fcdiri D\u00fcn\u0259n telekanallar\u0131m\u0131z m\u0259lumat verdi ki, bir d\u0259st\u0259 erm\u0259ni rus pism\u0259raml\u0131lar\u0131n\u0131n m\u00fc\u015fayi\u0259ti<\/p>\n","protected":false},"author":2,"featured_media":45757,"comment_status":"closed","ping_status":"closed","sticky":false,"template":"","format":"standard","meta":{"footnotes":""},"categories":[7],"tags":[],"class_list":["post-45753","post","type-post","status-publish","format-standard","has-post-thumbnail","hentry","category-tarix"],"aioseo_notices":[],"_links":{"self":[{"href":"https:\/\/fedai.az\/index.php?rest_route=\/wp\/v2\/posts\/45753","targetHints":{"allow":["GET"]}}],"collection":[{"href":"https:\/\/fedai.az\/index.php?rest_route=\/wp\/v2\/posts"}],"about":[{"href":"https:\/\/fedai.az\/index.php?rest_route=\/wp\/v2\/types\/post"}],"author":[{"embeddable":true,"href":"https:\/\/fedai.az\/index.php?rest_route=\/wp\/v2\/users\/2"}],"replies":[{"embeddable":true,"href":"https:\/\/fedai.az\/index.php?rest_route=%2Fwp%2Fv2%2Fcomments&post=45753"}],"version-history":[{"count":2,"href":"https:\/\/fedai.az\/index.php?rest_route=\/wp\/v2\/posts\/45753\/revisions"}],"predecessor-version":[{"id":45760,"href":"https:\/\/fedai.az\/index.php?rest_route=\/wp\/v2\/posts\/45753\/revisions\/45760"}],"wp:featuredmedia":[{"embeddable":true,"href":"https:\/\/fedai.az\/index.php?rest_route=\/wp\/v2\/media\/45757"}],"wp:attachment":[{"href":"https:\/\/fedai.az\/index.php?rest_route=%2Fwp%2Fv2%2Fmedia&parent=45753"}],"wp:term":[{"taxonomy":"category","embeddable":true,"href":"https:\/\/fedai.az\/index.php?rest_route=%2Fwp%2Fv2%2Fcategories&post=45753"},{"taxonomy":"post_tag","embeddable":true,"href":"https:\/\/fedai.az\/index.php?rest_route=%2Fwp%2Fv2%2Ftags&post=45753"}],"curies":[{"name":"wp","href":"https:\/\/api.w.org\/{rel}","templated":true}]}}