{"id":45763,"date":"2021-08-19T00:11:56","date_gmt":"2021-08-18T20:11:56","guid":{"rendered":"https:\/\/fedai.az\/?p=45763"},"modified":"2021-08-19T00:12:00","modified_gmt":"2021-08-18T20:12:00","slug":"%c9%99rdogan-%c9%99fqanistanla-bagli-aciqlama-verdi","status":"publish","type":"post","link":"https:\/\/fedai.az\/?p=45763","title":{"rendered":"\u018frdo\u011fan \u018ffqan\u0131stanla ba\u011fl\u0131 a\u00e7\u0131qlama verdi"},"content":{"rendered":"\n<p><strong>\u201cHakimiyy\u0259td\u0259 kim olursa olsun, yax\u015f\u0131 v\u0259 pis vaxtlarda \u018ffqan\u0131stan\u0131n yan\u0131nda olmaq \u00f6hd\u0259liyimizin v\u0259 qarda\u015fl\u0131\u011f\u0131m\u0131z\u0131n t\u0259l\u0259bidir\u201d.<\/strong><\/p>\n\n\n\n<p>Fedai.az \u201cReport\u201da istinad\u0259n x\u0259b\u0259r verir ki, bunu T\u00fcrkiy\u0259 Prezidenti R\u0259c\u0259b Tayyib \u018frdo\u011fan deyib.<\/p>\n\n\n\n<p>\u018frdo\u011fan bildirib ki, T\u00fcrkiy\u0259 \u201cTaliban\u201dla \u0259m\u0259kda\u015fl\u0131\u011fa a\u00e7\u0131qd\u0131r:<\/p>\n\n\n\n<p>\u201cDaha \u0259vv\u0259l d\u0259 \u201cTaliban\u201d liderl\u0259rini q\u0259bul ed\u0259 bil\u0259c\u0259yimizi bildirmi\u015fdik. Bu m\u00f6vqeyi bu g\u00fcn d\u0259 qoruyuruq. H\u0259m d\u0259 &#171;Taliban&#187; liderl\u0259rinin m\u00fclayim a\u00e7\u0131qlamalar\u0131n\u0131 alq\u0131\u015flay\u0131r\u0131q. \u018ffqan xalq\u0131n\u0131n s\u00fclh i\u00e7ind\u0259 ya\u015famas\u0131n\u0131, bu \u00f6lk\u0259d\u0259ki t\u00fcrk soyda\u015flar\u0131m\u0131z\u0131n rifah\u0131 v\u0259 \u00f6lk\u0259mizin maraqlar\u0131n\u0131n qorunmas\u0131 \u00fc\u00e7\u00fcn h\u0259r c\u00fcr \u0259m\u0259kda\u015fl\u0131\u011fa haz\u0131r\u0131q\u201d.<\/p>\n\n\n\n<p>Onun s\u00f6zl\u0259rin\u0259 g\u00f6r\u0259, \u018ffqan\u0131standak\u0131 T\u00fcrkiy\u0259 s\u00fclhm\u0259raml\u0131lar\u0131 he\u00e7 zaman h\u0259rbi \u0259m\u0259liyyatlarda istifad\u0259 edilm\u0259yib:<\/p>\n\n\n\n<p><strong>\u201cT\u00fcrkiy\u0259nin \u018ffqan\u0131standa h\u0259rbi varl\u0131\u011f\u0131 yeni r\u0259hb\u0259rliyin beyn\u0259lxalq arenada f\u0259aliyy\u0259tini g\u00fccl\u0259ndir\u0259c\u0259k v\u0259 i\u015fini asanla\u015fd\u0131racaq\u201d.<\/strong><\/p>\n\n\n\n<p>T\u00fcrkiy\u0259 Prezidenti \u0259lav\u0259 edib ki, \u018ffqan\u0131standan \u00fcmumilikd\u0259 552 T\u00fcrkiy\u0259 v\u0259t\u0259nda\u015f\u0131 t\u0259xliy\u0259 edilib.<\/p>\n","protected":false},"excerpt":{"rendered":"<p>\u201cHakimiyy\u0259td\u0259 kim olursa olsun, yax\u015f\u0131 v\u0259 pis vaxtlarda \u018ffqan\u0131stan\u0131n yan\u0131nda olmaq \u00f6hd\u0259liyimizin v\u0259 qarda\u015fl\u0131\u011f\u0131m\u0131z\u0131n t\u0259l\u0259bidir\u201d. Fedai.az \u201cReport\u201da istinad\u0259n x\u0259b\u0259r verir ki, bunu T\u00fcrkiy\u0259 Prezidenti<\/p>\n","protected":false},"author":2,"featured_media":45764,"comment_status":"closed","ping_status":"closed","sticky":false,"template":"","format":"standard","meta":{"footnotes":""},"categories":[13],"tags":[],"class_list":["post-45763","post","type-post","status-publish","format-standard","has-post-thumbnail","hentry","category-xarici"],"aioseo_notices":[],"_links":{"self":[{"href":"https:\/\/fedai.az\/index.php?rest_route=\/wp\/v2\/posts\/45763","targetHints":{"allow":["GET"]}}],"collection":[{"href":"https:\/\/fedai.az\/index.php?rest_route=\/wp\/v2\/posts"}],"about":[{"href":"https:\/\/fedai.az\/index.php?rest_route=\/wp\/v2\/types\/post"}],"author":[{"embeddable":true,"href":"https:\/\/fedai.az\/index.php?rest_route=\/wp\/v2\/users\/2"}],"replies":[{"embeddable":true,"href":"https:\/\/fedai.az\/index.php?rest_route=%2Fwp%2Fv2%2Fcomments&post=45763"}],"version-history":[{"count":1,"href":"https:\/\/fedai.az\/index.php?rest_route=\/wp\/v2\/posts\/45763\/revisions"}],"predecessor-version":[{"id":45765,"href":"https:\/\/fedai.az\/index.php?rest_route=\/wp\/v2\/posts\/45763\/revisions\/45765"}],"wp:featuredmedia":[{"embeddable":true,"href":"https:\/\/fedai.az\/index.php?rest_route=\/wp\/v2\/media\/45764"}],"wp:attachment":[{"href":"https:\/\/fedai.az\/index.php?rest_route=%2Fwp%2Fv2%2Fmedia&parent=45763"}],"wp:term":[{"taxonomy":"category","embeddable":true,"href":"https:\/\/fedai.az\/index.php?rest_route=%2Fwp%2Fv2%2Fcategories&post=45763"},{"taxonomy":"post_tag","embeddable":true,"href":"https:\/\/fedai.az\/index.php?rest_route=%2Fwp%2Fv2%2Ftags&post=45763"}],"curies":[{"name":"wp","href":"https:\/\/api.w.org\/{rel}","templated":true}]}}