{"id":45769,"date":"2021-08-19T00:29:51","date_gmt":"2021-08-18T20:29:51","guid":{"rendered":"https:\/\/fedai.az\/?p=45769"},"modified":"2021-08-19T00:31:02","modified_gmt":"2021-08-18T20:31:02","slug":"%c9%99fqanlarin-son-umidi-%c9%99fsan%c9%99vi-komandirin-oglu-olk%c9%99y%c9%99-g%c9%99ldi","status":"publish","type":"post","link":"https:\/\/fedai.az\/?p=45769","title":{"rendered":"\u018ffqanlar\u0131n son \u00fcmidi: &#171;\u018ffsan\u0259vi komandir&#187;in o\u011flu \u00f6lk\u0259y\u0259 g\u0259ldi"},"content":{"rendered":"\n<p><strong>20 ild\u0259n sonra&nbsp;\u018ffqan\u0131standa hakimiyy\u0259ti \u0259l\u0259 ke\u00e7ir\u0259n &#171;Taliban&#187;la m\u00fcbariz\u0259y\u0259 &#171;\u0259fsan\u0259vi komandir&#187;in o\u011flu qo\u015fulub.<\/strong><\/p>\n\n\n\n<p>Metbuat.az&nbsp;x\u0259b\u0259r verir ki, Taliban\u0131n Kabil\u0259 n\u0259zar\u0259tinin ard\u0131ndan minl\u0259rl\u0259 v\u0259t\u0259nda\u015f \u00f6lk\u0259d\u0259n qa\u00e7ma\u011fa \u00e7al\u0131\u015fark\u0259n, \u00f6lk\u0259d\u0259ki m\u00fcqavim\u0259t h\u0259r\u0259kat\u0131ndan s\u00fcrpriz bir adam \u00f6lk\u0259y\u0259 g\u0259lib.<\/p>\n\n\n\n<figure class=\"wp-block-image size-large is-resized\"><img loading=\"lazy\" decoding=\"async\" src=\"https:\/\/fedai.az\/wp-content\/uploads\/2021\/08\/21d1cfca3e-efsane-komutan-in-oglu-taliban-a-karsi-sahaya-143394566629m.jpg\" alt=\"\" class=\"wp-image-45770\" width=\"907\" height=\"499\" srcset=\"https:\/\/fedai.az\/wp-content\/uploads\/2021\/08\/21d1cfca3e-efsane-komutan-in-oglu-taliban-a-karsi-sahaya-143394566629m.jpg 640w, https:\/\/fedai.az\/wp-content\/uploads\/2021\/08\/21d1cfca3e-efsane-komutan-in-oglu-taliban-a-karsi-sahaya-143394566629m-300x165.jpg 300w, https:\/\/fedai.az\/wp-content\/uploads\/2021\/08\/21d1cfca3e-efsane-komutan-in-oglu-taliban-a-karsi-sahaya-143394566629m-150x83.jpg 150w\" sizes=\"auto, (max-width: 907px) 100vw, 907px\" \/><\/figure>\n\n\n\n<p>Talibanla m\u00fcbariz\u0259si il\u0259 yadda qalan v\u0259 &#171;\u0259fsan\u0259vi komandir&#187; kimi tan\u0131nan \u018fhm\u0259d \u015eah M\u0259sudun o\u011flu \u018fmrullah Saleh Kabil\u0259 g\u0259lib. Saleh ilk a\u00e7\u0131qlamas\u0131nda &#171;milyonlar\u0131 m\u0259yus etm\u0259y\u0259c\u0259y\u0259m&#187; dey\u0259r\u0259k Talibanla m\u00fcbariz\u0259 aparaca\u011f\u0131na s\u00f6z verib.<\/p>\n\n\n\n<p>Prezident \u018f\u015fr\u0259f Qaninin istefa verib \u00f6lk\u0259d\u0259n qa\u00e7mas\u0131n\u0131n ard\u0131ndan \u018ffqan\u0131stana g\u0259l\u0259n Saleh, \u00f6z\u00fcn\u00fc h\u0259tta m\u00fcv\u0259qq\u0259ti prezident adland\u0131r\u0131b. &#171;\u018ffsan\u0259vi komandir&#187;in o\u011flu Kabild\u0259n 160 km m\u0259saf\u0259d\u0259 olan Penc\u015fir vilay\u0259tind\u0259 Talibana qar\u015f\u0131 m\u00fcbariz\u0259 aparaca\u011f\u0131n\u0131, Talibana t\u0259slim olmayacaqlar\u0131n\u0131 a\u00e7\u0131qlay\u0131b.<\/p>\n\n\n\n<p>Saleh Twitter hesab\u0131nda etdiyi yaz\u0131l\u0131 a\u00e7\u0131qlamas\u0131nda bu s\u00f6zl\u0259ri qeyd edib:<\/p>\n\n\n\n<p>&#171;M\u0259n\u0259 inana milyonlar\u0131 m\u0259yus etm\u0259y\u0259c\u0259y\u0259m. He\u00e7 vaxt Talibanla eyni dam alt\u0131nda olmayacam. \u018fsla.&#187;<\/p>\n\n\n\n<figure class=\"wp-block-image size-large is-resized\"><img loading=\"lazy\" decoding=\"async\" src=\"https:\/\/fedai.az\/wp-content\/uploads\/2021\/08\/e08206ac83-efsane-komutan-in-oglu-taliban-a-karsi-sahaya-143394569909m.jpg\" alt=\"\" class=\"wp-image-45771\" width=\"907\" height=\"499\" srcset=\"https:\/\/fedai.az\/wp-content\/uploads\/2021\/08\/e08206ac83-efsane-komutan-in-oglu-taliban-a-karsi-sahaya-143394569909m.jpg 640w, https:\/\/fedai.az\/wp-content\/uploads\/2021\/08\/e08206ac83-efsane-komutan-in-oglu-taliban-a-karsi-sahaya-143394569909m-300x165.jpg 300w, https:\/\/fedai.az\/wp-content\/uploads\/2021\/08\/e08206ac83-efsane-komutan-in-oglu-taliban-a-karsi-sahaya-143394569909m-150x83.jpg 150w\" sizes=\"auto, (max-width: 907px) 100vw, 907px\" \/><\/figure>\n\n\n\n<p>Bu g\u00fcn yay\u0131mlanan g\u00f6r\u00fcnt\u00fcl\u0259rd\u0259, silahl\u0131 m\u00fchafiz\u0259\u00e7il\u0259rin m\u00fc\u015fayi\u0259ti il\u0259 Salehin \u018ffqan\u0131stan H\u0259rbi Hava Q\u00fcvv\u0259l\u0259rinin Mi-17 sovet istehsal\u0131 bir vertolyotuna mindiyi g\u00f6r\u00fcn\u00fcr. S\u00f6z\u00fcged\u0259n b\u00f6lg\u0259 1990-c\u0131 ill\u0259rd\u0259ki v\u0259t\u0259nda\u015f m\u00fcharib\u0259si zaman\u0131 uzun m\u00fcdd\u0259t Talibanla m\u00fcbariz\u0259 aparm\u0131\u015f, t\u0259slim olmam\u0131\u015fd\u0131r.<\/p>\n\n\n\n<p>M\u0259nb\u0259: Metbuat.az<\/p>\n","protected":false},"excerpt":{"rendered":"<p>20 ild\u0259n sonra&nbsp;\u018ffqan\u0131standa hakimiyy\u0259ti \u0259l\u0259 ke\u00e7ir\u0259n &#171;Taliban&#187;la m\u00fcbariz\u0259y\u0259 &#171;\u0259fsan\u0259vi komandir&#187;in o\u011flu qo\u015fulub. Metbuat.az&nbsp;x\u0259b\u0259r verir ki, Taliban\u0131n Kabil\u0259 n\u0259zar\u0259tinin ard\u0131ndan minl\u0259rl\u0259 v\u0259t\u0259nda\u015f \u00f6lk\u0259d\u0259n qa\u00e7ma\u011fa \u00e7al\u0131\u015fark\u0259n,<\/p>\n","protected":false},"author":2,"featured_media":45772,"comment_status":"closed","ping_status":"closed","sticky":false,"template":"","format":"standard","meta":{"footnotes":""},"categories":[3],"tags":[],"class_list":["post-45769","post","type-post","status-publish","format-standard","has-post-thumbnail","hentry","category-gundm"],"aioseo_notices":[],"_links":{"self":[{"href":"https:\/\/fedai.az\/index.php?rest_route=\/wp\/v2\/posts\/45769","targetHints":{"allow":["GET"]}}],"collection":[{"href":"https:\/\/fedai.az\/index.php?rest_route=\/wp\/v2\/posts"}],"about":[{"href":"https:\/\/fedai.az\/index.php?rest_route=\/wp\/v2\/types\/post"}],"author":[{"embeddable":true,"href":"https:\/\/fedai.az\/index.php?rest_route=\/wp\/v2\/users\/2"}],"replies":[{"embeddable":true,"href":"https:\/\/fedai.az\/index.php?rest_route=%2Fwp%2Fv2%2Fcomments&post=45769"}],"version-history":[{"count":2,"href":"https:\/\/fedai.az\/index.php?rest_route=\/wp\/v2\/posts\/45769\/revisions"}],"predecessor-version":[{"id":45774,"href":"https:\/\/fedai.az\/index.php?rest_route=\/wp\/v2\/posts\/45769\/revisions\/45774"}],"wp:featuredmedia":[{"embeddable":true,"href":"https:\/\/fedai.az\/index.php?rest_route=\/wp\/v2\/media\/45772"}],"wp:attachment":[{"href":"https:\/\/fedai.az\/index.php?rest_route=%2Fwp%2Fv2%2Fmedia&parent=45769"}],"wp:term":[{"taxonomy":"category","embeddable":true,"href":"https:\/\/fedai.az\/index.php?rest_route=%2Fwp%2Fv2%2Fcategories&post=45769"},{"taxonomy":"post_tag","embeddable":true,"href":"https:\/\/fedai.az\/index.php?rest_route=%2Fwp%2Fv2%2Ftags&post=45769"}],"curies":[{"name":"wp","href":"https:\/\/api.w.org\/{rel}","templated":true}]}}