{"id":45779,"date":"2021-08-19T00:49:34","date_gmt":"2021-08-18T20:49:34","guid":{"rendered":"https:\/\/fedai.az\/?p=45779"},"modified":"2021-08-19T00:49:38","modified_gmt":"2021-08-18T20:49:38","slug":"araik-az%c9%99rbaycanda-qarabagin-qubernatoru-olmaq-ist%c9%99yir","status":"publish","type":"post","link":"https:\/\/fedai.az\/?p=45779","title":{"rendered":"Araik Az\u0259rbaycanda Qaraba\u011f\u0131n qubernatoru olmaq ist\u0259yir"},"content":{"rendered":"\n<p><strong>Qaraba\u011fdak\u0131 separat\u00e7\u0131-terror\u00e7u rejimin r\u0259hb\u0259ri Araik Arutyunyan Bak\u0131 il\u0259 dan\u0131\u015f\u0131qlara getm\u0259k ist\u0259yir.<\/strong><\/p>\n\n\n\n<p><strong>\u00a0<\/strong>Bu iddia il\u0259 Xank\u0259ndid\u0259 ya\u015fayan erm\u0259ni jurnalist Marat Yeganyan \u00e7\u0131x\u0131\u015f edib.<\/p>\n\n\n\n<p>Erm\u0259ni jurnalist iddia edir ki, h\u0259tta Araik Arutyunyan \u00f6z\u00fcn\u00fc qorumaq \u00fc\u00e7\u00fcn Az\u0259rbaycan\u0131n Qaraba\u011fdak\u0131 quberantoru kimi d\u0259 i\u015fl\u0259m\u0259k ist\u0259yir.<\/p>\n\n\n\n<p>Qeyd ed\u0259k ki, Az\u0259rbaycan Araik Arutyunyana cinay\u0259t i\u015fi a\u00e7\u0131b.<\/p>\n\n\n\n<p>M\u0259nb\u0259: Busaat.az<\/p>\n","protected":false},"excerpt":{"rendered":"<p>Qaraba\u011fdak\u0131 separat\u00e7\u0131-terror\u00e7u rejimin r\u0259hb\u0259ri Araik Arutyunyan Bak\u0131 il\u0259 dan\u0131\u015f\u0131qlara getm\u0259k ist\u0259yir. \u00a0Bu iddia il\u0259 Xank\u0259ndid\u0259 ya\u015fayan erm\u0259ni jurnalist Marat Yeganyan \u00e7\u0131x\u0131\u015f edib. Erm\u0259ni jurnalist<\/p>\n","protected":false},"author":2,"featured_media":45780,"comment_status":"closed","ping_status":"closed","sticky":false,"template":"","format":"standard","meta":{"footnotes":""},"categories":[4],"tags":[],"class_list":["post-45779","post","type-post","status-publish","format-standard","has-post-thumbnail","hentry","category-qarabag"],"aioseo_notices":[],"_links":{"self":[{"href":"https:\/\/fedai.az\/index.php?rest_route=\/wp\/v2\/posts\/45779","targetHints":{"allow":["GET"]}}],"collection":[{"href":"https:\/\/fedai.az\/index.php?rest_route=\/wp\/v2\/posts"}],"about":[{"href":"https:\/\/fedai.az\/index.php?rest_route=\/wp\/v2\/types\/post"}],"author":[{"embeddable":true,"href":"https:\/\/fedai.az\/index.php?rest_route=\/wp\/v2\/users\/2"}],"replies":[{"embeddable":true,"href":"https:\/\/fedai.az\/index.php?rest_route=%2Fwp%2Fv2%2Fcomments&post=45779"}],"version-history":[{"count":1,"href":"https:\/\/fedai.az\/index.php?rest_route=\/wp\/v2\/posts\/45779\/revisions"}],"predecessor-version":[{"id":45781,"href":"https:\/\/fedai.az\/index.php?rest_route=\/wp\/v2\/posts\/45779\/revisions\/45781"}],"wp:featuredmedia":[{"embeddable":true,"href":"https:\/\/fedai.az\/index.php?rest_route=\/wp\/v2\/media\/45780"}],"wp:attachment":[{"href":"https:\/\/fedai.az\/index.php?rest_route=%2Fwp%2Fv2%2Fmedia&parent=45779"}],"wp:term":[{"taxonomy":"category","embeddable":true,"href":"https:\/\/fedai.az\/index.php?rest_route=%2Fwp%2Fv2%2Fcategories&post=45779"},{"taxonomy":"post_tag","embeddable":true,"href":"https:\/\/fedai.az\/index.php?rest_route=%2Fwp%2Fv2%2Ftags&post=45779"}],"curies":[{"name":"wp","href":"https:\/\/api.w.org\/{rel}","templated":true}]}}