{"id":45782,"date":"2021-08-19T00:57:18","date_gmt":"2021-08-18T20:57:18","guid":{"rendered":"https:\/\/fedai.az\/?p=45782"},"modified":"2021-08-19T00:57:22","modified_gmt":"2021-08-18T20:57:22","slug":"gurcustan-bayragi-isgaldan-azad-olunan-susada-dalgalandi","status":"publish","type":"post","link":"https:\/\/fedai.az\/?p=45782","title":{"rendered":"G\u00fcrc\u00fcstan bayra\u011f\u0131 i\u015f\u011faldan azad olunan \u015eu\u015fada dal\u011faland\u0131"},"content":{"rendered":"\n<p><strong>Az\u0259rbaycan\u0131n Diasporla \u0130\u015f \u00fczr\u0259 D\u00f6vl\u0259t Komit\u0259sinin t\u0259\u015fkilat\u00e7\u0131l\u0131\u011f\u0131 il\u0259 Az\u0259rbaycanda olan diaspor n\u00fcmay\u0259nd\u0259l\u0259rind\u0259n ibar\u0259t ikinci qrup \u015eu\u015fa \u015f\u0259h\u0259rin\u0259 s\u0259f\u0259r edib.<\/strong> <\/p>\n\n\n\n<p><strong>24News.ge<\/strong> x\u0259b\u0259r verir ki, s\u0259f\u0259r \u201cBiz d\u0259mir yumru\u011fun g\u00fcc\u00fc il\u0259 \u015eu\u015faday\u0131q\u201d \u015f\u00fcar\u0131 alt\u0131nda realla\u015f\u0131b. <\/p>\n\n\n\n<p><strong>T\u0259dbird\u0259 \u201cSoyda\u015f\u201d \u0130ctimai Birliyi \u0130dar\u0259 Hey\u0259tinin \u00fczv\u00fc Namiq Veys\u0259l v\u0259 Birliyin NTK \u00fczv\u00fc \u018fziz Mursaqulov da i\u015ftirak edib <\/strong>v\u0259 G\u00fcrc\u00fcstan bayra\u011f\u0131n\u0131 s\u0259f\u0259r zaman\u0131 \u015eu\u015fada dal\u011faland\u0131r\u0131blar. <\/p>\n\n\n\n<p>S\u0259f\u0259r \u00e7\u0259r\u00e7iv\u0259sind\u0259 diaspor n\u00fcmay\u0259nd\u0259l\u0259ri Az\u0259rbaycan\u0131n m\u0259d\u0259niyy\u0259t paytaxt\u0131 \u015eu\u015fan\u0131n tarixi-memarl\u0131q incil\u0259rini, erm\u0259ni vandalizminin s\u00fcbutu olan \u201cG\u00fcll\u0259l\u0259nmi\u015f heyk\u0259ll\u0259r\u201din oldu\u011fu meydan\u0131, iki qarda\u015f \u00f6lk\u0259ni bir-birin\u0259 s\u0131x tell\u0259rl\u0259 ba\u011flayan \u015eu\u015fa B\u0259yannam\u0259sinin imzaland\u0131\u011f\u0131 yeri, \u015eu\u015fa qalas\u0131n\u0131n \u00fc\u00e7 \u0259sas qap\u0131s\u0131ndan biri olan G\u0259nc\u0259 qap\u0131s\u0131n\u0131, q\u0259dim tarix\u0259 malik Saatl\u0131, A\u015fa\u011f\u0131 v\u0259 Yuxar\u0131 G\u00f6vh\u0259r a\u011fa m\u0259scidl\u0259rini, Mehmandarovlar\u0131n evini, Xur\u015fidbanu Nat\u0259van\u0131n evini, C\u0131d\u0131r d\u00fcz\u00fcn\u00fc v\u0259 dig\u0259r tarixi \u0259h\u0259miyy\u0259tli yerl\u0259ri ziyar\u0259t edibl\u0259r.<\/p>\n\n\n\n<figure class=\"wp-block-image size-large\"><img loading=\"lazy\" decoding=\"async\" width=\"960\" height=\"540\" src=\"https:\/\/fedai.az\/wp-content\/uploads\/2021\/08\/60ebd35bcdc1ef7f0c9613e2f8ec4669.jpg\" alt=\"\" class=\"wp-image-45783\" srcset=\"https:\/\/fedai.az\/wp-content\/uploads\/2021\/08\/60ebd35bcdc1ef7f0c9613e2f8ec4669.jpg 960w, https:\/\/fedai.az\/wp-content\/uploads\/2021\/08\/60ebd35bcdc1ef7f0c9613e2f8ec4669-300x169.jpg 300w, https:\/\/fedai.az\/wp-content\/uploads\/2021\/08\/60ebd35bcdc1ef7f0c9613e2f8ec4669-150x84.jpg 150w, https:\/\/fedai.az\/wp-content\/uploads\/2021\/08\/60ebd35bcdc1ef7f0c9613e2f8ec4669-768x432.jpg 768w\" sizes=\"auto, (max-width: 960px) 100vw, 960px\" \/><\/figure>\n\n\n\n<figure class=\"wp-block-image size-large is-resized\"><img loading=\"lazy\" decoding=\"async\" src=\"https:\/\/fedai.az\/wp-content\/uploads\/2021\/08\/dc2c6147fcf48eeb398f2aa8fa5ae799.jpg\" alt=\"\" class=\"wp-image-45784\" width=\"893\" height=\"1008\" srcset=\"https:\/\/fedai.az\/wp-content\/uploads\/2021\/08\/dc2c6147fcf48eeb398f2aa8fa5ae799.jpg 450w, https:\/\/fedai.az\/wp-content\/uploads\/2021\/08\/dc2c6147fcf48eeb398f2aa8fa5ae799-266x300.jpg 266w, https:\/\/fedai.az\/wp-content\/uploads\/2021\/08\/dc2c6147fcf48eeb398f2aa8fa5ae799-133x150.jpg 133w\" sizes=\"auto, (max-width: 893px) 100vw, 893px\" \/><\/figure>\n","protected":false},"excerpt":{"rendered":"<p>Az\u0259rbaycan\u0131n Diasporla \u0130\u015f \u00fczr\u0259 D\u00f6vl\u0259t Komit\u0259sinin t\u0259\u015fkilat\u00e7\u0131l\u0131\u011f\u0131 il\u0259 Az\u0259rbaycanda olan diaspor n\u00fcmay\u0259nd\u0259l\u0259rind\u0259n ibar\u0259t ikinci qrup \u015eu\u015fa \u015f\u0259h\u0259rin\u0259 s\u0259f\u0259r edib. 24News.ge x\u0259b\u0259r verir ki, s\u0259f\u0259r<\/p>\n","protected":false},"author":2,"featured_media":45785,"comment_status":"closed","ping_status":"closed","sticky":false,"template":"","format":"standard","meta":{"footnotes":""},"categories":[4],"tags":[],"class_list":["post-45782","post","type-post","status-publish","format-standard","has-post-thumbnail","hentry","category-qarabag"],"aioseo_notices":[],"_links":{"self":[{"href":"https:\/\/fedai.az\/index.php?rest_route=\/wp\/v2\/posts\/45782","targetHints":{"allow":["GET"]}}],"collection":[{"href":"https:\/\/fedai.az\/index.php?rest_route=\/wp\/v2\/posts"}],"about":[{"href":"https:\/\/fedai.az\/index.php?rest_route=\/wp\/v2\/types\/post"}],"author":[{"embeddable":true,"href":"https:\/\/fedai.az\/index.php?rest_route=\/wp\/v2\/users\/2"}],"replies":[{"embeddable":true,"href":"https:\/\/fedai.az\/index.php?rest_route=%2Fwp%2Fv2%2Fcomments&post=45782"}],"version-history":[{"count":1,"href":"https:\/\/fedai.az\/index.php?rest_route=\/wp\/v2\/posts\/45782\/revisions"}],"predecessor-version":[{"id":45786,"href":"https:\/\/fedai.az\/index.php?rest_route=\/wp\/v2\/posts\/45782\/revisions\/45786"}],"wp:featuredmedia":[{"embeddable":true,"href":"https:\/\/fedai.az\/index.php?rest_route=\/wp\/v2\/media\/45785"}],"wp:attachment":[{"href":"https:\/\/fedai.az\/index.php?rest_route=%2Fwp%2Fv2%2Fmedia&parent=45782"}],"wp:term":[{"taxonomy":"category","embeddable":true,"href":"https:\/\/fedai.az\/index.php?rest_route=%2Fwp%2Fv2%2Fcategories&post=45782"},{"taxonomy":"post_tag","embeddable":true,"href":"https:\/\/fedai.az\/index.php?rest_route=%2Fwp%2Fv2%2Ftags&post=45782"}],"curies":[{"name":"wp","href":"https:\/\/api.w.org\/{rel}","templated":true}]}}