{"id":45795,"date":"2021-08-19T01:42:12","date_gmt":"2021-08-18T21:42:12","guid":{"rendered":"https:\/\/fedai.az\/?p=45795"},"modified":"2021-08-19T01:47:13","modified_gmt":"2021-08-18T21:47:13","slug":"talibanin-xisl%c9%99ti-d%c9%99yism%c9%99yib","status":"publish","type":"post","link":"https:\/\/fedai.az\/?p=45795","title":{"rendered":"Taliban\u0131n xisl\u0259ti d\u0259yi\u015fm\u0259yib"},"content":{"rendered":"\n<p><strong>\u018ffqan\u0131standan Taliban yaraql\u0131lar\u0131n\u0131n v\u0259h\u015filikl\u0259ri il\u0259 ba\u011fl\u0131 yeni x\u0259b\u0259rl\u0259r g\u0259lir. Qad\u0131nlar\u0131n h\u00fcquqlar\u0131na h\u00f6rm\u0259tl\u0259 ba\u011fl\u0131 verdikl\u0259ri ictimai v\u0259dl\u0259rinin \u0259ksin\u0259 olaraq, Taliban yem\u0259k haz\u0131rlamaqdan imtina etdiyin\u0259 g\u00f6r\u0259 \u00e7oxu\u015faql\u0131 anan\u0131 d\u00f6y\u0259r\u0259k \u00f6ld\u00fcr\u00fcb, ba\u015fqa bir qad\u0131n\u0131 is\u0259 \u00e7adra taxmad\u0131\u011f\u0131 \u00fc\u00e7\u00fcn g\u00fcll\u0259l\u0259yib.<\/strong><\/p>\n\n\n\n<p>CNN -in verdiyi m\u0259lumata g\u00f6r\u0259, Taliban Faryab \u0259yal\u0259tind\u0259 bu qad\u0131n\u0131 15 yaraql\u0131dan ibar\u0259t qrupu qidaland\u0131rmaqdan imtina etdiyi \u00fc\u00e7\u00fcn \u00f6ld\u00fcr\u00fcb. \u0130yulun 12 -d\u0259 terror\u00e7ular qad\u0131n\u0131n d\u00f6rd u\u015fa\u011f\u0131 il\u0259 birlikd\u0259 ya\u015fad\u0131\u011f\u0131 evd\u0259 d\u00f6y\u00fcbl\u0259r. Onun sa\u011f qalan q\u0131z\u0131 deyib: &#171;Anam onlara dedi ki, m\u0259n kas\u0131bam, s\u0259nin \u00fc\u00e7\u00fcn nec\u0259 bi\u015fir\u0259 bil\u0259r\u0259m? &#187; Onu d\u00f6ym\u0259y\u0259 ba\u015flad\u0131lar. Anam hu\u015funu itir\u0259n\u0259d\u0259k onu AK-47 silahlar\u0131 il\u0259 d\u00f6yd\u00fcl\u0259r&#187;.<\/p>\n\n\n\n<figure class=\"wp-block-gallery columns-3 is-cropped wp-block-gallery-1 is-layout-flex wp-block-gallery-is-layout-flex\"><ul class=\"blocks-gallery-grid\"><li class=\"blocks-gallery-item\"><figure><img loading=\"lazy\" decoding=\"async\" width=\"800\" height=\"400\" src=\"https:\/\/fedai.az\/wp-content\/uploads\/2021\/08\/800x400.jpg\" alt=\"\" data-id=\"45796\" data-link=\"https:\/\/fedai.az\/?attachment_id=45796\" class=\"wp-image-45796\" srcset=\"https:\/\/fedai.az\/wp-content\/uploads\/2021\/08\/800x400.jpg 800w, https:\/\/fedai.az\/wp-content\/uploads\/2021\/08\/800x400-300x150.jpg 300w, https:\/\/fedai.az\/wp-content\/uploads\/2021\/08\/800x400-150x75.jpg 150w, https:\/\/fedai.az\/wp-content\/uploads\/2021\/08\/800x400-768x384.jpg 768w\" sizes=\"auto, (max-width: 800px) 100vw, 800px\" \/><\/figure><\/li><li class=\"blocks-gallery-item\"><figure><img loading=\"lazy\" decoding=\"async\" width=\"750\" height=\"421\" src=\"https:\/\/fedai.az\/wp-content\/uploads\/2021\/08\/photo_86003714.jpeg\" alt=\"\" data-id=\"45797\" data-link=\"https:\/\/fedai.az\/?attachment_id=45797\" class=\"wp-image-45797\" srcset=\"https:\/\/fedai.az\/wp-content\/uploads\/2021\/08\/photo_86003714.jpeg 750w, https:\/\/fedai.az\/wp-content\/uploads\/2021\/08\/photo_86003714-300x168.jpeg 300w, https:\/\/fedai.az\/wp-content\/uploads\/2021\/08\/photo_86003714-150x84.jpeg 150w, https:\/\/fedai.az\/wp-content\/uploads\/2021\/08\/photo_86003714-715x400.jpeg 715w\" sizes=\"auto, (max-width: 750px) 100vw, 750px\" \/><\/figure><\/li><li class=\"blocks-gallery-item\"><figure><img loading=\"lazy\" decoding=\"async\" width=\"800\" height=\"400\" src=\"https:\/\/fedai.az\/wp-content\/uploads\/2021\/08\/800x400-4.jpg\" alt=\"\" data-id=\"45798\" data-full-url=\"https:\/\/fedai.az\/wp-content\/uploads\/2021\/08\/800x400-4.jpg\" data-link=\"https:\/\/fedai.az\/?attachment_id=45798\" class=\"wp-image-45798\" srcset=\"https:\/\/fedai.az\/wp-content\/uploads\/2021\/08\/800x400-4.jpg 800w, https:\/\/fedai.az\/wp-content\/uploads\/2021\/08\/800x400-4-300x150.jpg 300w, https:\/\/fedai.az\/wp-content\/uploads\/2021\/08\/800x400-4-150x75.jpg 150w, https:\/\/fedai.az\/wp-content\/uploads\/2021\/08\/800x400-4-768x384.jpg 768w\" sizes=\"auto, (max-width: 800px) 100vw, 800px\" \/><\/figure><\/li><\/ul><\/figure>\n\n\n\n<p>Eyni zamanda, Taliban ev\u0259 \u0259l bombas\u0131 at\u0131b v\u0259 n\u0259tic\u0259d\u0259 yan\u011f\u0131n ba\u015flay\u0131b. \u00c7ox u\u015faql\u0131 ana d\u00f6y\u00fclm\u0259 n\u0259tic\u0259sind\u0259 d\u00fcnyas\u0131n\u0131 d\u0259yi\u015fib.<\/p>\n\n\n\n<p>Verdiyi amnistiya v\u0259 v\u0259dl\u0259r\u0259 baxmayaraq Taliban edamlar\u0131 da davam etdirib.\u018ffqan\u0131stan\u0131 \u0259l\u0259 ke\u00e7ir\u0259n \u201cTaliban\u201d silahl\u0131lar\u0131 art\u0131q \u015fidd\u0259t s\u0259rgil\u0259m\u0259y\u0259 ba\u015flay\u0131b.Talibl\u0259r Q\u0259nd\u0259har vilay\u0259tind\u0259 ordunun 4 tan\u0131nm\u0131\u015f komandan\u0131n\u0131 edam edib. Onlar ham\u0131n\u0131n g\u00f6z\u00fc qar\u015f\u0131s\u0131nda stadionda edam edilib. Komandanlardan biri general Rezak ad\u0131yla tan\u0131nan Ha\u015fim Rekval\u0131n yax\u0131n adamlar\u0131ndan olub. Qeyd ed\u0259k ki, \u201cTaliban\u201d iki g\u00fcn \u0259vv\u0259l \u0259hv elan etmi\u015fdi.Xat\u0131rladaq ki, Talibl\u0259r iddia edirdil\u0259r ki, \u0259vv\u0259lki h\u00f6kum\u0259tl\u0259 i\u015fl\u0259y\u0259nl\u0259r\u0259 t\u0259zyiq g\u00f6st\u0259rilm\u0259y\u0259c\u0259k.<\/p>\n\n\n\n<figure class=\"wp-block-gallery columns-2 is-cropped wp-block-gallery-2 is-layout-flex wp-block-gallery-is-layout-flex\"><ul class=\"blocks-gallery-grid\"><li class=\"blocks-gallery-item\"><figure><img loading=\"lazy\" decoding=\"async\" width=\"680\" height=\"434\" src=\"https:\/\/fedai.az\/wp-content\/uploads\/2021\/08\/6298803.jpg\" alt=\"\" data-id=\"45799\" data-link=\"https:\/\/fedai.az\/?attachment_id=45799\" class=\"wp-image-45799\" srcset=\"https:\/\/fedai.az\/wp-content\/uploads\/2021\/08\/6298803.jpg 680w, https:\/\/fedai.az\/wp-content\/uploads\/2021\/08\/6298803-300x191.jpg 300w, https:\/\/fedai.az\/wp-content\/uploads\/2021\/08\/6298803-150x96.jpg 150w, https:\/\/fedai.az\/wp-content\/uploads\/2021\/08\/6298803-115x73.jpg 115w\" sizes=\"auto, (max-width: 680px) 100vw, 680px\" \/><figcaption class=\"blocks-gallery-item__caption\">Taliban fighters patrol in the Wazir Akbar Khan neighborhood in the city of Kabul, Afghanistan, Wednesday, Aug. 18, 2021. The Taliban declared an &#171;amnesty&#187; across Afghanistan and urged women to join their government Tuesday, seeking to convince a wary population that they have changed a day after deadly chaos gripped the main airport as desperate crowds tried to flee the country. (AP Photo\/Rahmat Gul)<\/figcaption><\/figure><\/li><li class=\"blocks-gallery-item\"><figure><img loading=\"lazy\" decoding=\"async\" width=\"275\" height=\"183\" src=\"https:\/\/fedai.az\/wp-content\/uploads\/2021\/08\/\u0411\u0435\u0437-\u043d\u0430\u0437\u0432\u0430\u043d\u0438\u044f-5-5.jpg\" alt=\"\" data-id=\"45800\" data-full-url=\"https:\/\/fedai.az\/wp-content\/uploads\/2021\/08\/\u0411\u0435\u0437-\u043d\u0430\u0437\u0432\u0430\u043d\u0438\u044f-5-5.jpg\" data-link=\"https:\/\/fedai.az\/?attachment_id=45800\" class=\"wp-image-45800\" srcset=\"https:\/\/fedai.az\/wp-content\/uploads\/2021\/08\/\u0411\u0435\u0437-\u043d\u0430\u0437\u0432\u0430\u043d\u0438\u044f-5-5.jpg 275w, https:\/\/fedai.az\/wp-content\/uploads\/2021\/08\/\u0411\u0435\u0437-\u043d\u0430\u0437\u0432\u0430\u043d\u0438\u044f-5-5-150x100.jpg 150w\" sizes=\"auto, (max-width: 275px) 100vw, 275px\" \/><\/figure><\/li><\/ul><\/figure>\n\n\n\n<p>Ba\u015fqa x\u0259b\u0259rl\u0259r d\u0259 var. \u0130ngilt\u0259r\u0259nin &#171;Sun&#187; q\u0259zeti narahatl\u0131q do\u011furan bir m\u0259qal\u0259 d\u0259rc edib: Kabil\u0259 g\u0259l\u0259n militanlar, 12-45 ya\u015f aras\u0131 h\u0259r bir subay (v\u0259 ya dul) qad\u0131n\u0131 qanuni olaraq &#171;q\u0259nim\u0259t&#187; hesab edir v\u0259 onu &#171;\u00e7\u00f6l\u00e7\u00fc arvad\u0131na&#187; \u00e7evirirl\u0259r. \u018fslind\u0259 al\u00e7ald\u0131rlar v\u0259 t\u0259cav\u00fcz edirl\u0259r. D\u00fczd\u00fcr, ingilis jurnalistl\u0259ri bu bar\u0259d\u0259 &#171;\u00fc\u00e7\u00fcnc\u00fc t\u0259r\u0259fl\u0259rin hekay\u0259l\u0259rin\u0259&#187; istinad ed\u0259r\u0259k dan\u0131\u015f\u0131rlar.<\/p>\n\n\n\n<p>Daha d\u0259h\u015f\u0259tli t\u0259f\u0259rr\u00fcatlar\u0131 \u018ffqan\u0131stanl\u0131 f\u0259allara istinad\u0259n ba\u015fqa bir \u0130ngilis q\u0259zeti Daily Mail yaz\u0131b: &#171;Qad\u0131n\u0131n oyulmu\u015f g\u00f6zl\u0259rini g\u00f6r\u00fcb qorxmu\u015f ail\u0259 \u00fczvl\u0259ri deyib. 12 ya\u015f\u0131nda olan q\u0131zlar\u0131, Taliban d\u00f6y\u00fc\u015f\u00e7\u00fcl\u0259rinin seks k\u00f6l\u0259si olmaq \u00fc\u00e7\u00fcn a\u011flayan analar\u0131n qucaqlar\u0131ndan dart\u0131b qopar\u0131rlar. <\/p>\n\n\n\n<p>Daily Mail yaz\u0131r ki, &#171;yanl\u0131\u015f&#187; musiqi v\u0259 ya d\u00fcny\u0259vi t\u0259hsil almaq kimi qanun pozuntular\u0131na g\u00f6r\u0259 c\u0259zaland\u0131r\u0131lan v\u0259 ya h\u0259tta \u00f6ld\u00fcr\u00fcl\u0259n ki\u015fil\u0259r var.<\/p>\n\n\n\n<figure class=\"wp-block-gallery columns-2 is-cropped wp-block-gallery-3 is-layout-flex wp-block-gallery-is-layout-flex\"><ul class=\"blocks-gallery-grid\"><li class=\"blocks-gallery-item\"><figure><img loading=\"lazy\" decoding=\"async\" width=\"581\" height=\"309\" src=\"https:\/\/fedai.az\/wp-content\/uploads\/2021\/08\/h76.jpg\" alt=\"\" data-id=\"45801\" data-link=\"https:\/\/fedai.az\/?attachment_id=45801\" class=\"wp-image-45801\" srcset=\"https:\/\/fedai.az\/wp-content\/uploads\/2021\/08\/h76.jpg 581w, https:\/\/fedai.az\/wp-content\/uploads\/2021\/08\/h76-300x160.jpg 300w, https:\/\/fedai.az\/wp-content\/uploads\/2021\/08\/h76-150x80.jpg 150w\" sizes=\"auto, (max-width: 581px) 100vw, 581px\" \/><\/figure><\/li><li class=\"blocks-gallery-item\"><figure><img loading=\"lazy\" decoding=\"async\" width=\"800\" height=\"400\" src=\"https:\/\/fedai.az\/wp-content\/uploads\/2021\/08\/800x400-7.jpg\" alt=\"\" data-id=\"45802\" data-full-url=\"https:\/\/fedai.az\/wp-content\/uploads\/2021\/08\/800x400-7.jpg\" data-link=\"https:\/\/fedai.az\/?attachment_id=45802\" class=\"wp-image-45802\" srcset=\"https:\/\/fedai.az\/wp-content\/uploads\/2021\/08\/800x400-7.jpg 800w, https:\/\/fedai.az\/wp-content\/uploads\/2021\/08\/800x400-7-300x150.jpg 300w, https:\/\/fedai.az\/wp-content\/uploads\/2021\/08\/800x400-7-150x75.jpg 150w, https:\/\/fedai.az\/wp-content\/uploads\/2021\/08\/800x400-7-768x384.jpg 768w\" sizes=\"auto, (max-width: 800px) 100vw, 800px\" \/><\/figure><\/li><\/ul><\/figure>\n\n\n\n<p>1995-ci ild\u0259 Taliban t\u0259r\u0259find\u0259n \u00f6ld\u00fcr\u00fclm\u00fc\u015f \u0259fqan m\u00fccahidl\u0259rinin lideri Abdulla \u018fli M\u0259zarinin Bamiandak\u0131 heyk\u0259lini da\u011f\u0131d\u0131blar. Bu bar\u0259d\u0259 fotonu h\u00fcquq m\u00fcdafi\u0259\u00e7isi S\u0259lim Cavid sosial \u015f\u0259b\u0259k\u0259l\u0259rd\u0259 payla\u015f\u0131b.<strong>\u018ffqan\u0131standa \u201cTaliban\u201da qar\u015f\u0131 etiraz aksiyas\u0131nda radikal qrupla\u015fma \u00fczvl\u0259rinin at\u0259\u015f a\u00e7mas\u0131 n\u0259tic\u0259sind\u0259 \u0259n az\u0131 2 n\u0259f\u0259r \u00f6l\u00fcb, 10-dan \u00e7ox adam yaralan\u0131b.<\/strong> Sakinl\u0259ri bildiribl\u0259r ki, \u201cTaliban\u201d \u00fczvl\u0259ri aksiyan\u0131 i\u015f\u0131qland\u0131rmaq ist\u0259y\u0259n iki yerli jurnalisti d\u0259 d\u00f6y\u00fcb.<\/p>\n\n\n\n<p>\u201cReuters\u201d is\u0259 \u015fahidl\u0259r\u0259 istinad\u0259n etiraz aksiyas\u0131nda a\u00e7\u0131lan at\u0259\u015f n\u0259tic\u0259sind\u0259 3 n\u0259f\u0259rin h\u0259lak oldu\u011fu bar\u0259d\u0259 m\u0259lumat yay\u0131b.<\/p>\n\n\n\n<p>Analoji aksiyalar \u018ffqan\u0131stan\u0131n dig\u0259r \u015f\u0259h\u0259rl\u0259rin\u0259 d\u0259 ke\u00e7ib.<\/p>\n\n\n\n<p>G\u00f6r\u00fcn\u0259n odur ki, Taliban\u0131n xisl\u0259ti he\u00e7 d\u0259yi\u015fm\u0259yib.<\/p>\n\n\n\n<p><strong>\u018fli N\u0259sib Z\u0259rdabi<\/strong><\/p>\n","protected":false},"excerpt":{"rendered":"<p>\u018ffqan\u0131standan Taliban yaraql\u0131lar\u0131n\u0131n v\u0259h\u015filikl\u0259ri il\u0259 ba\u011fl\u0131 yeni x\u0259b\u0259rl\u0259r g\u0259lir. Qad\u0131nlar\u0131n h\u00fcquqlar\u0131na h\u00f6rm\u0259tl\u0259 ba\u011fl\u0131 verdikl\u0259ri ictimai v\u0259dl\u0259rinin \u0259ksin\u0259 olaraq, Taliban yem\u0259k haz\u0131rlamaqdan imtina etdiyin\u0259 g\u00f6r\u0259<\/p>\n","protected":false},"author":2,"featured_media":45803,"comment_status":"closed","ping_status":"closed","sticky":false,"template":"","format":"standard","meta":{"footnotes":""},"categories":[13],"tags":[],"class_list":["post-45795","post","type-post","status-publish","format-standard","has-post-thumbnail","hentry","category-xarici"],"aioseo_notices":[],"_links":{"self":[{"href":"https:\/\/fedai.az\/index.php?rest_route=\/wp\/v2\/posts\/45795","targetHints":{"allow":["GET"]}}],"collection":[{"href":"https:\/\/fedai.az\/index.php?rest_route=\/wp\/v2\/posts"}],"about":[{"href":"https:\/\/fedai.az\/index.php?rest_route=\/wp\/v2\/types\/post"}],"author":[{"embeddable":true,"href":"https:\/\/fedai.az\/index.php?rest_route=\/wp\/v2\/users\/2"}],"replies":[{"embeddable":true,"href":"https:\/\/fedai.az\/index.php?rest_route=%2Fwp%2Fv2%2Fcomments&post=45795"}],"version-history":[{"count":2,"href":"https:\/\/fedai.az\/index.php?rest_route=\/wp\/v2\/posts\/45795\/revisions"}],"predecessor-version":[{"id":45806,"href":"https:\/\/fedai.az\/index.php?rest_route=\/wp\/v2\/posts\/45795\/revisions\/45806"}],"wp:featuredmedia":[{"embeddable":true,"href":"https:\/\/fedai.az\/index.php?rest_route=\/wp\/v2\/media\/45803"}],"wp:attachment":[{"href":"https:\/\/fedai.az\/index.php?rest_route=%2Fwp%2Fv2%2Fmedia&parent=45795"}],"wp:term":[{"taxonomy":"category","embeddable":true,"href":"https:\/\/fedai.az\/index.php?rest_route=%2Fwp%2Fv2%2Fcategories&post=45795"},{"taxonomy":"post_tag","embeddable":true,"href":"https:\/\/fedai.az\/index.php?rest_route=%2Fwp%2Fv2%2Ftags&post=45795"}],"curies":[{"name":"wp","href":"https:\/\/api.w.org\/{rel}","templated":true}]}}