{"id":45807,"date":"2021-08-19T01:57:28","date_gmt":"2021-08-18T21:57:28","guid":{"rendered":"https:\/\/fedai.az\/?p=45807"},"modified":"2021-08-19T01:57:33","modified_gmt":"2021-08-18T21:57:33","slug":"%c9%99fqanistan-rusiya-muharib%c9%99si-20-taliban-n%c9%99y%c9%99-gor%c9%99-mdb-respublikalarini-isgal-ed%c9%99c%c9%99k","status":"publish","type":"post","link":"https:\/\/fedai.az\/?p=45807","title":{"rendered":"\u018ffqan\u0131stan-Rusiya m\u00fcharib\u0259si 2:0: Taliban n\u0259y\u0259 g\u00f6r\u0259 MDB respublikalar\u0131n\u0131 i\u015f\u011fal ed\u0259c\u0259k?"},"content":{"rendered":"\n<p><strong>\u018ffqan\u0131standa provokasiyalar sentyabrda ba\u015flaya v\u0259 bir aydan az davam ed\u0259 bil\u0259r, ancaq r\u0259smi Kabil k\u00f6m\u0259k \u00fc\u00e7\u00fcn Rusiyaya \u00fcz tutarsa, AB\u015e m\u00fcharib\u0259nin Sovet senarisind\u0259n istifad\u0259 etm\u0259y\u0259 \u00e7al\u0131\u015facaq.<\/strong><\/p>\n\n\n\n<p><br>NATO qo\u015funlar\u0131n\u0131n v\u0259 AB\u015e ordusunun qa\u00e7mas\u0131, Taliban h\u0259r\u0259kat\u0131n\u0131n \u018ffqan\u0131stan \u0259razisinin b\u00f6y\u00fck hiss\u0259sini tez bir zamanda \u0259l\u0259 ke\u00e7irm\u0259sin\u0259 v\u0259 h\u00f6kum\u0259t q\u00fcvv\u0259l\u0259rini \u015f\u0259h\u0259rl\u0259rd\u0259n \u00e7\u0131xarmas\u0131na imkan verdi. M\u00fct\u0259x\u0259ssisl\u0259rin fikrinc\u0259, pay\u0131za q\u0259d\u0259r bu proses radikallar\u0131n tam q\u0259l\u0259b\u0259si il\u0259 ba\u015fa \u00e7atacaq v\u0259 onlar bundan sonra Orta Asiya respublikalar\u0131na qar\u015f\u0131 h\u00fccuma ba\u015flaya bil\u0259rl\u0259r. Alyans\u0131n qo\u015funlar\u0131na m\u0259xsus m\u00fcasir h\u0259rbi texnikalar\u0131n\u0131n itirilm\u0259sin\u0259 s\u0259b\u0259b olmu\u015f Suriya v\u0259 \u0130raqdan olan yaraql\u0131lar\u0131 respublikaya k\u00f6\u00e7\u00fcr\u0259n m\u00fc\u0259yy\u0259n q\u00fcvv\u0259l\u0259r bu prosesl\u0259r\u0259 qar\u0131\u015fa bil\u0259r. Yax\u0131n \u015e\u0259rqd\u0259 t\u0259cr\u00fcb\u0259 qazanan ekstremistl\u0259rd\u0259n h\u0259r hans\u0131 biri saqqallar\u0131n\u0131 q\u0131rxa, t\u0259yyar\u0259y\u0259 min\u0259 v\u0259 saxta s\u0259n\u0259dl\u0259rd\u0259n istifad\u0259 ed\u0259r\u0259k d\u00f6y\u00fc\u015f tap\u015f\u0131r\u0131qlar\u0131n\u0131 yerin\u0259 yetirm\u0259k \u00fc\u00e7\u00fcn Moskvaya u\u00e7a bil\u0259r. \u00c7\u00fcnki &#171;bu g\u00fcn yaln\u0131z, ehtimal ki, \u00f6lk\u0259l\u0259rind\u0259 hakimiyy\u0259ti \u0259l\u0259 ke\u00e7irm\u0259k v\u0259 daxili m\u0259s\u0259l\u0259l\u0259ri h\u0259ll etm\u0259k ist\u0259y\u0259n &#171;Taliban&#187;\u0131n irad\u0259sind\u0259n dan\u0131\u015fm\u0131r\u0131q, amma onlar\u0131n as\u0131l\u0131 olduqlar\u0131 q\u00fcvv\u0259l\u0259r f\u0259rqli, daha qlobal, siyasi bir kart oynay\u0131rlar.<\/p>\n\n\n\n<figure class=\"wp-block-image size-large\"><img loading=\"lazy\" decoding=\"async\" width=\"900\" height=\"506\" src=\"https:\/\/fedai.az\/wp-content\/uploads\/2021\/08\/465538054082.1451-900x.jpeg\" alt=\"\" class=\"wp-image-45808\" srcset=\"https:\/\/fedai.az\/wp-content\/uploads\/2021\/08\/465538054082.1451-900x.jpeg 900w, https:\/\/fedai.az\/wp-content\/uploads\/2021\/08\/465538054082.1451-900x-300x169.jpeg 300w, https:\/\/fedai.az\/wp-content\/uploads\/2021\/08\/465538054082.1451-900x-150x84.jpeg 150w, https:\/\/fedai.az\/wp-content\/uploads\/2021\/08\/465538054082.1451-900x-768x432.jpeg 768w\" sizes=\"auto, (max-width: 900px) 100vw, 900px\" \/><\/figure>\n\n\n\n<p>Rusiya m\u00fcdafi\u0259 naziri Sergey \u015eoyqu KTMT -ni \u018ffqan\u0131standan Taliban yaraql\u0131lar\u0131n\u0131n h\u00fccumuna haz\u0131rla\u015fma\u011fa \u00e7a\u011f\u0131r\u0131b. O, g\u0259ncl\u0259r forumunda \u00e7\u0131x\u0131\u015f ed\u0259r\u0259k, Orta Asiya respublikalar\u0131ndak\u0131 m\u00fctt\u0259fiql\u0259rinin Talibandan g\u0259l\u0259n t\u0259hdidl\u0259r\u0259 haz\u0131rla\u015fmas\u0131n\u0131n Rusiya \u00fc\u00e7\u00fcn vacib oldu\u011funu s\u00f6yl\u0259yib. Ekspertl\u0259r hesab edir ki, m\u00fcdafi\u0259 naziri bel\u0259 bir h\u00fccum ehtimal\u0131n\u0131n \u00e7ox y\u00fcks\u0259k oldu\u011funu v\u0259 m\u0259lumatlar\u0131n bo\u015f s\u00f6z olmad\u0131\u011f\u0131n\u0131, xarici k\u0259\u015ffiyyat xidm\u0259tinin m\u0259lumatlar\u0131na s\u00f6yk\u0259ndiyini s\u00f6yl\u0259yib.<\/p>\n\n\n\n<p><br>Kabil ordusunun z\u0259ifliyi art\u0131q m\u00fctt\u0259fiql\u0259ri AB\u015e, B\u00f6y\u00fck Britaniya, \u00c7in, Q\u0259t\u0259r, Pakistan, \u00d6zb\u0259kistan, BMT v\u0259 Avropa Birliyi n\u00fcmay\u0259nd\u0259l\u0259rinin i\u015ftirak\u0131 il\u0259 Dohada beyn\u0259lxalq g\u00f6r\u00fc\u015f ke\u00e7irm\u0259y\u0259 \u00e7al\u0131\u015fma\u011fa s\u00f6vq etdi. G\u00f6r\u00fc\u015fd\u0259 Taliban\u0131 h\u00fccumu dayand\u0131rma\u011fa v\u0259 dan\u0131\u015f\u0131qlar masas\u0131na oturma\u011fa \u00e7a\u011f\u0131rd\u0131. Amma he\u00e7 bir n\u0259tic\u0259si olmad\u0131. \u018frazil\u0259rin z\u0259bt edilm\u0259si, \u0259vv\u0259lki h\u0259ft\u0259l\u0259rd\u0259 oldu\u011fu kimi olmasa da, davam etdi. H\u0259rbi ekspertl\u0259r deyirl\u0259r ki, q\u0131sa m\u00f6hl\u0259t \u00e7ox g\u00fcman, q\u00fcvv\u0259l\u0259ri yenid\u0259n toplamaq \u00fc\u00e7\u00fcn istifad\u0259 olunub.<\/p>\n\n\n\n<p><br>\u018ffqan\u0131stan\u0131n \u0259yal\u0259t m\u0259rk\u0259zl\u0259ri bir -birinin ard\u0131nca Taliban hakimiyy\u0259ti alt\u0131na girdi: doqquz b\u00f6lg\u0259 \u00fcz\u0259rind\u0259 n\u0259zar\u0259ti qurmaq be\u015f g\u00fcn \u00e7\u0259kdi v\u0259 12 avqust ax\u015fam\u0131 Q\u0259nd\u0259har\u0131n \u0259l\u0259 ke\u00e7irildiyini elan etdil\u0259r.<\/p>\n\n\n\n<figure class=\"wp-block-image size-large\"><img loading=\"lazy\" decoding=\"async\" width=\"1024\" height=\"669\" src=\"https:\/\/fedai.az\/wp-content\/uploads\/2021\/08\/399216398087.21405.jpg\" alt=\"\" class=\"wp-image-45809\" srcset=\"https:\/\/fedai.az\/wp-content\/uploads\/2021\/08\/399216398087.21405.jpg 1024w, https:\/\/fedai.az\/wp-content\/uploads\/2021\/08\/399216398087.21405-300x196.jpg 300w, https:\/\/fedai.az\/wp-content\/uploads\/2021\/08\/399216398087.21405-150x98.jpg 150w, https:\/\/fedai.az\/wp-content\/uploads\/2021\/08\/399216398087.21405-768x502.jpg 768w\" sizes=\"auto, (max-width: 1024px) 100vw, 1024px\" \/><figcaption>AFGHANISTAN\/PAKISTAN BORDER, AFGHANISTAN &#8212; OCTOBER 17:  An Afghan National Army soldier looks towards the Pakistani border only 200 meters away October 17, 2006 near Camp Tillman in the Paktika province of eastern Afghanistan. Pakistani soldiers fired at a patrol of Aghan soldiers near the same location less than a month before, according to a U.S. Army advisor to the Afghan troops based at Camp Tillman who was with the Afghan patrol at the time. The Americans are attempting to help the Afghan and Pakistani forces to improve relations, with an upcoming joint patrol schedled on the border.  (Photo by John Moore\/Getty Images)<\/figcaption><\/figure>\n\n\n\n<p><br>NATO -nun getm\u0259sin\u0259 baxmayaraq, he\u00e7 kim h\u0259rbi t\u0259limat\u00e7\u0131 v\u0259 f\u00f6vqalad\u0259 v\u0259ziyy\u0259ti l\u0259\u011fv etm\u0259di. H\u0259rbi Elml\u0259r Akademiyas\u0131n\u0131n professoru, politoloq Sergey Sudakov xat\u0131rlad\u0131r ki, bu, h\u0259rbi \u0259m\u0259liyyatlar\u0131n m\u0259ntiqi bunu deyir. \u018fm\u0259liyyatlar zaman\u0131 yaraql\u0131lar\u0131n d\u00fc\u015f\u00fcn\u00fclm\u00fc\u015f taktikalar\u0131 da ortaya \u00e7\u0131xd\u0131: h\u0259r \u015feyd\u0259n \u0259vv\u0259l, Taliban \u015f\u0259h\u0259r\u0259 \u0259sas istiqam\u0259tl\u0259rd\u0259n yax\u0131nla\u015fd\u0131, h\u00f6kum\u0259t q\u00fcvv\u0259l\u0259rinin t\u0259chizat\u0131 v\u0259 qa\u00e7\u0131\u015f yollar\u0131 ba\u011flan\u0131r, bundan sonra \u015f\u0259h\u0259rin i\u015f\u011fal\u0131 ba\u015flay\u0131r. Bir ne\u00e7\u0259 istiqam\u0259td\u0259, \u0259razi n\u0259zar\u0259t sah\u0259l\u0259rin\u0259 b\u00f6l\u00fcnm\u00fc\u015fd\u00fc. N\u0259tic\u0259d\u0259 t\u0259hl\u00fck\u0259sizlik q\u00fcvv\u0259l\u0259ri aras\u0131nda \u0259laq\u0259l\u0259r k\u0259silir v\u0259 bir &#8212; biri il\u0259 dan\u0131\u015f\u0131qlar aparmaq qabiliyy\u0259ti itir. Bundan sonra radikallar m\u00fcqavim\u0259t m\u0259rk\u0259zl\u0259rini &#171;t\u0259mizl\u0259m\u0259y\u0259&#187; ba\u015flay\u0131rlar. Ordudan he\u00e7 kim \u0259l\u0259 ke\u00e7irilmi\u015f \u0259razil\u0259rd\u0259 m\u00fchasir\u0259y\u0259 d\u00fc\u015fm\u00fc\u015f h\u00f6kum\u0259t qo\u015funlar\u0131na k\u00f6m\u0259k etm\u0259y\u0259 t\u0259l\u0259smir. Amerikal\u0131lar\u0131n t\u0259rk etdiyi x\u00fcsusi \u0259laq\u0259 vasit\u0259l\u0259ri, Talibana \u00e7ox sayda f\u0259rqli qruplar\u0131n mobil v\u0259 idar\u0259olunan hala g\u0259lm\u0259sin\u0259 imkan verdi.<\/p>\n\n\n\n<figure class=\"wp-block-gallery columns-2 is-cropped wp-block-gallery-1 is-layout-flex wp-block-gallery-is-layout-flex\"><ul class=\"blocks-gallery-grid\"><li class=\"blocks-gallery-item\"><figure><img loading=\"lazy\" decoding=\"async\" width=\"710\" height=\"341\" src=\"https:\/\/fedai.az\/wp-content\/uploads\/2021\/08\/j7-2.jpg\" alt=\"\" data-id=\"45810\" data-link=\"https:\/\/fedai.az\/?attachment_id=45810\" class=\"wp-image-45810\" srcset=\"https:\/\/fedai.az\/wp-content\/uploads\/2021\/08\/j7-2.jpg 710w, https:\/\/fedai.az\/wp-content\/uploads\/2021\/08\/j7-2-300x144.jpg 300w, https:\/\/fedai.az\/wp-content\/uploads\/2021\/08\/j7-2-150x72.jpg 150w\" sizes=\"auto, (max-width: 710px) 100vw, 710px\" \/><\/figure><\/li><li class=\"blocks-gallery-item\"><figure><img loading=\"lazy\" decoding=\"async\" width=\"900\" height=\"624\" src=\"https:\/\/fedai.az\/wp-content\/uploads\/2021\/08\/1437104850636.9375-900x.jpeg\" alt=\"\" data-id=\"45811\" data-full-url=\"https:\/\/fedai.az\/wp-content\/uploads\/2021\/08\/1437104850636.9375-900x.jpeg\" data-link=\"https:\/\/fedai.az\/?attachment_id=45811\" class=\"wp-image-45811\" srcset=\"https:\/\/fedai.az\/wp-content\/uploads\/2021\/08\/1437104850636.9375-900x.jpeg 900w, https:\/\/fedai.az\/wp-content\/uploads\/2021\/08\/1437104850636.9375-900x-300x208.jpeg 300w, https:\/\/fedai.az\/wp-content\/uploads\/2021\/08\/1437104850636.9375-900x-150x104.jpeg 150w, https:\/\/fedai.az\/wp-content\/uploads\/2021\/08\/1437104850636.9375-900x-768x532.jpeg 768w\" sizes=\"auto, (max-width: 900px) 100vw, 900px\" \/><\/figure><\/li><\/ul><\/figure>\n\n\n\n<p><br>Amerikal\u0131lar \u00e7oxlu sayda zirehli ma\u015f\u0131n, zenit-raket sisteml\u0259rini onlara buraxd\u0131lar. Bu g\u00fcn onlara m\u00fcqavim\u0259t g\u00f6st\u0259rm\u0259k \u00fc\u00e7\u00fcn m\u00fcasir silahlar\u0131n b\u00fct\u00fcn spektrin\u0259 sahib olmal\u0131san. Radikallar 1980 -ci ill\u0259rin m\u00fccahidl\u0259rin\u0259 he\u00e7 b\u0259nz\u0259mir.<\/p>\n\n\n\n<p><br>Sergey Sudakovun s\u00f6zl\u0259rin\u0259 g\u00f6r\u0259, Taliban, yaln\u0131z gizli mifik silahlara deyil, h\u0259m d\u0259 \u0259sl NATO silahlar\u0131na, Suriya v\u0259 \u0130raqda d\u00f6y\u00fc\u015f t\u0259cr\u00fcb\u0259sin\u0259 malikdir. &#171;Javelins&#187;, &#171;Stinger&#187;, o c\u00fcml\u0259d\u0259n d\u00f6rd raket, \u00e7oxlu sayda x\u00fcsusi rabit\u0259, gec\u0259 g\u00f6rm\u0259 cihazlar\u0131, pilotsuz u\u00e7u\u015f aparatlar\u0131na sahibl\u0259ndil\u0259r. \u018ffqan\u0131stana h\u0259r c\u00fcr at\u0131c\u0131 silah v\u0259 raket qur\u011fular\u0131, tanklardan zirehli personal da\u015f\u0131y\u0131c\u0131lar\u0131na, y\u00fck ma\u015f\u0131nlar\u0131na v\u0259 HMMWV yoldan k\u0259nar ged\u0259 bil\u0259n avtomobill\u0259r\u0259 q\u0259d\u0259r zirehli ma\u015f\u0131n t\u0259dar\u00fck edildi. Onlara saz v\u0259ziyy\u0259td\u0259 silahlar verildi, amerikal\u0131lar bu \u015feyl\u0259ri t\u0259rk ed\u0259rk\u0259n, &#171;bar\u0131 a\u00e7arla da ba\u011flamad\u0131lar&#187;.<\/p>\n\n\n\n<figure class=\"wp-block-image size-large is-resized\"><img loading=\"lazy\" decoding=\"async\" src=\"https:\/\/fedai.az\/wp-content\/uploads\/2021\/08\/\u0411\u0435\u0437-\u043d\u0430\u0437\u0432\u0430\u043d\u0438\u044f-5-6.jpg\" alt=\"\" class=\"wp-image-45812\" width=\"909\" height=\"605\" srcset=\"https:\/\/fedai.az\/wp-content\/uploads\/2021\/08\/\u0411\u0435\u0437-\u043d\u0430\u0437\u0432\u0430\u043d\u0438\u044f-5-6.jpg 275w, https:\/\/fedai.az\/wp-content\/uploads\/2021\/08\/\u0411\u0435\u0437-\u043d\u0430\u0437\u0432\u0430\u043d\u0438\u044f-5-6-150x100.jpg 150w\" sizes=\"auto, (max-width: 909px) 100vw, 909px\" \/><\/figure>\n\n\n\n<p>Rusiya yax\u015f\u0131 bilir ki, sovet qo\u015funlar\u0131n\u0131n geri \u00e7\u0259kilm\u0259sind\u0259n sonra bu respublikan\u0131n land\u015faft\u0131 d\u0259yi\u015fm\u0259yib v\u0259 biz partizan m\u00fcharib\u0259sind\u0259 qalib g\u0259lm\u0259y\u0259c\u0259yik. V\u0259ziyy\u0259t q\u0131z\u0131\u015f\u0131r v\u0259 amerikal\u0131lar\u0131n getm\u0259si il\u0259 c\u0259nub qap\u0131lar\u0131m\u0131z praktiki olaraq a\u00e7\u0131l\u0131r. Saqqal\u0131n\u0131 q\u0131rxaraq saxta s\u0259n\u0259dl\u0259rl\u0259 Moskvaya g\u0259l\u0259n silahl\u0131lardan h\u0259r hans\u0131 biri d\u00f6y\u00fc\u015f tap\u015f\u0131r\u0131\u011f\u0131n\u0131 yerin\u0259 yetir\u0259 bil\u0259r. Ancaq Rusiya Tacikistanla s\u0259rh\u0259dd\u0259 dayand\u0131qca, P\u0259nc \u00e7ay\u0131n\u0131n \u00e7oxlu sayda terror\u00e7u v\u0259 quldurun dost d\u00f6vl\u0259tin \u0259razisin\u0259 ke\u00e7m\u0259sin\u0259 icaz\u0259 verm\u0259y\u0259c\u0259k bir qala olaca\u011f\u0131 ehtimal\u0131 var. \u018fks halda AB\u015e, Rusiyan\u0131n \u018ffqan\u0131stan 2:0 kampaniyas\u0131na c\u0259lb olunaca\u011f\u0131na inan\u0131r. Buna g\u00f6r\u0259 d\u0259 KTMT \u00e7\u0259r\u00e7iv\u0259sind\u0259 t\u0259liml\u0259r ke\u00e7irildi. M\u00fcmk\u00fcn oldu\u011fu q\u0259d\u0259r birlikd\u0259 v\u0259 yax\u0131ndan h\u0259r\u0259k\u0259t ed\u0259c\u0259yik. \u018ffqan\u0131stan h\u00f6kum\u0259ti, ke\u00e7mi\u015fd\u0259ki suriyal\u0131lar kimi, bizd\u0259n k\u00f6m\u0259k v\u0259 d\u0259st\u0259k ist\u0259s\u0259, q\u0259rar Ali Ba\u015f Komandan t\u0259r\u0259find\u0259n veril\u0259c\u0259k.<\/p>\n\n\n\n<p><br><strong>Sergey Sudakov<br>H\u0259rbi Elml\u0259r Akademiyas\u0131n\u0131n professoru, politoloq<\/strong><\/p>\n\n\n\n<p><br><strong>T\u0259rc\u00fcm\u0259: Elnur S\u0259lim<\/strong><\/p>\n\n\n\n<figure class=\"wp-block-gallery columns-2 is-cropped wp-block-gallery-2 is-layout-flex wp-block-gallery-is-layout-flex\"><ul class=\"blocks-gallery-grid\"><li class=\"blocks-gallery-item\"><figure><img loading=\"lazy\" decoding=\"async\" width=\"540\" height=\"360\" src=\"https:\/\/fedai.az\/wp-content\/uploads\/2021\/08\/237965229_4489653084444415_8109770419809373334_n.jpg\" alt=\"\" data-id=\"45813\" data-link=\"https:\/\/fedai.az\/?attachment_id=45813\" class=\"wp-image-45813\" srcset=\"https:\/\/fedai.az\/wp-content\/uploads\/2021\/08\/237965229_4489653084444415_8109770419809373334_n.jpg 540w, https:\/\/fedai.az\/wp-content\/uploads\/2021\/08\/237965229_4489653084444415_8109770419809373334_n-300x200.jpg 300w, https:\/\/fedai.az\/wp-content\/uploads\/2021\/08\/237965229_4489653084444415_8109770419809373334_n-150x100.jpg 150w\" sizes=\"auto, (max-width: 540px) 100vw, 540px\" \/><\/figure><\/li><li class=\"blocks-gallery-item\"><figure><img loading=\"lazy\" decoding=\"async\" width=\"670\" height=\"420\" src=\"https:\/\/fedai.az\/wp-content\/uploads\/2021\/08\/239144341_4489652594444464_5142996874105193326_n.jpg\" alt=\"\" data-id=\"45814\" data-full-url=\"https:\/\/fedai.az\/wp-content\/uploads\/2021\/08\/239144341_4489652594444464_5142996874105193326_n.jpg\" data-link=\"https:\/\/fedai.az\/?attachment_id=45814\" class=\"wp-image-45814\" srcset=\"https:\/\/fedai.az\/wp-content\/uploads\/2021\/08\/239144341_4489652594444464_5142996874105193326_n.jpg 670w, https:\/\/fedai.az\/wp-content\/uploads\/2021\/08\/239144341_4489652594444464_5142996874105193326_n-300x188.jpg 300w, https:\/\/fedai.az\/wp-content\/uploads\/2021\/08\/239144341_4489652594444464_5142996874105193326_n-150x94.jpg 150w, https:\/\/fedai.az\/wp-content\/uploads\/2021\/08\/239144341_4489652594444464_5142996874105193326_n-115x73.jpg 115w\" sizes=\"auto, (max-width: 670px) 100vw, 670px\" \/><\/figure><\/li><\/ul><\/figure>\n\n\n\n<p><strong><br>P.S. \u201cTaliban\u201d\u0131 terror\u00e7u kimi tan\u0131yan Rusiyan\u0131n ba\u015f diplomat\u0131 Lavrov talibl\u0259rl\u0259 \u00fczb\u0259\u00fcz oturdu. Dem\u0259li, Rusiya prosesl\u0259rd\u0259 tam ba\u015f\u0131n\u0131 itirib&#8230;<\/strong><\/p>\n","protected":false},"excerpt":{"rendered":"<p>\u018ffqan\u0131standa provokasiyalar sentyabrda ba\u015flaya v\u0259 bir aydan az davam ed\u0259 bil\u0259r, ancaq r\u0259smi Kabil k\u00f6m\u0259k \u00fc\u00e7\u00fcn Rusiyaya \u00fcz tutarsa, AB\u015e m\u00fcharib\u0259nin Sovet senarisind\u0259n istifad\u0259<\/p>\n","protected":false},"author":2,"featured_media":45815,"comment_status":"closed","ping_status":"closed","sticky":false,"template":"","format":"standard","meta":{"footnotes":""},"categories":[13],"tags":[],"class_list":["post-45807","post","type-post","status-publish","format-standard","has-post-thumbnail","hentry","category-xarici"],"aioseo_notices":[],"_links":{"self":[{"href":"https:\/\/fedai.az\/index.php?rest_route=\/wp\/v2\/posts\/45807","targetHints":{"allow":["GET"]}}],"collection":[{"href":"https:\/\/fedai.az\/index.php?rest_route=\/wp\/v2\/posts"}],"about":[{"href":"https:\/\/fedai.az\/index.php?rest_route=\/wp\/v2\/types\/post"}],"author":[{"embeddable":true,"href":"https:\/\/fedai.az\/index.php?rest_route=\/wp\/v2\/users\/2"}],"replies":[{"embeddable":true,"href":"https:\/\/fedai.az\/index.php?rest_route=%2Fwp%2Fv2%2Fcomments&post=45807"}],"version-history":[{"count":1,"href":"https:\/\/fedai.az\/index.php?rest_route=\/wp\/v2\/posts\/45807\/revisions"}],"predecessor-version":[{"id":45816,"href":"https:\/\/fedai.az\/index.php?rest_route=\/wp\/v2\/posts\/45807\/revisions\/45816"}],"wp:featuredmedia":[{"embeddable":true,"href":"https:\/\/fedai.az\/index.php?rest_route=\/wp\/v2\/media\/45815"}],"wp:attachment":[{"href":"https:\/\/fedai.az\/index.php?rest_route=%2Fwp%2Fv2%2Fmedia&parent=45807"}],"wp:term":[{"taxonomy":"category","embeddable":true,"href":"https:\/\/fedai.az\/index.php?rest_route=%2Fwp%2Fv2%2Fcategories&post=45807"},{"taxonomy":"post_tag","embeddable":true,"href":"https:\/\/fedai.az\/index.php?rest_route=%2Fwp%2Fv2%2Ftags&post=45807"}],"curies":[{"name":"wp","href":"https:\/\/api.w.org\/{rel}","templated":true}]}}