{"id":45820,"date":"2021-08-19T02:25:12","date_gmt":"2021-08-18T22:25:12","guid":{"rendered":"https:\/\/fedai.az\/?p=45820"},"modified":"2021-08-19T02:25:15","modified_gmt":"2021-08-18T22:25:15","slug":"pasinyan-ordudan-v%c9%99-s%c9%99rh%c9%99dd%c9%99n-danisdi","status":"publish","type":"post","link":"https:\/\/fedai.az\/?p=45820","title":{"rendered":"Pa\u015finyan ordudan v\u0259 s\u0259rh\u0259dd\u0259n dan\u0131\u015fd\u0131"},"content":{"rendered":"\n<p><strong>&#171;Erm\u0259nistanda Silahl\u0131 Q\u00fcvv\u0259l\u0259rd\u0259 geni\u015fmiqyasl\u0131 islahatlar prosesi ba\u015flay\u0131b v\u0259 davam edir\u201d.<\/strong><\/p>\n\n\n\n<p><br>Bunu Erm\u0259nistan\u0131n Ba\u015f naziri Nikol Pa\u015finyan \u00e7\u0259r\u015f\u0259nb\u0259 g\u00fcn\u00fc h\u00f6kum\u0259tin iclas\u0131nda deyib.<\/p>\n\n\n\n<p><br>O, ordunu \u00f6lk\u0259nin xarici t\u0259hl\u00fck\u0259sizliyinin t\u0259min olunmas\u0131nda \u0259sas amil adland\u0131r\u0131b. Pa\u015finyan aktiv xarici siyas\u0259ti t\u0259hl\u00fck\u0259sizliyin ba\u015fqa bir \u00f6n \u015f\u0259rti hesab edir.<\/p>\n\n\n\n<p><br>&#171;Erm\u0259nistan b\u00fct\u00fcn \u00f6lk\u0259l\u0259r v\u0259 beyn\u0259lxalq t\u0259\u015fkilatlarla i\u015fl\u0259y\u0259r\u0259k, f\u0259al v\u0259 f\u0259al xarici siyas\u0259t y\u00fcr\u00fctm\u0259lidir&#187;, &#8212; dey\u0259 o \u0259lav\u0259 edib.<\/p>\n\n\n\n<p><br>Pa\u015finyan Erm\u0259nistan-Rusiya strateji m\u00fctt\u0259fiqliyini v\u0259 respublikan\u0131n Kollektiv T\u0259hl\u00fck\u0259sizlik M\u00fcqavil\u0259si T\u0259\u015fkilat\u0131na \u00fczvl\u00fcy\u00fcn\u00fc Erm\u0259nistan\u0131n t\u0259hl\u00fck\u0259sizliyind\u0259 vacib amil hesab edir.<\/p>\n\n\n\n<p><br>Ba\u015f nazir regional sabitlik bax\u0131m\u0131ndan AT\u018fT-in Minsk Qrupu \u00e7\u0259r\u00e7iv\u0259sind\u0259 yekun statusun m\u00fc\u0259yy\u0259n edilm\u0259sin\u0259 y\u00f6n\u0259l\u0259n dan\u0131\u015f\u0131qlar\u0131n davam etdirilm\u0259sinin vacibliyini qeyd etdi.<\/p>\n\n\n\n<p><br>Nikol Pa\u015finyan h\u00f6kum\u0259tin 2021-2026-c\u0131 ill\u0259r \u00fc\u00e7\u00fcn proqram\u0131n\u0131 t\u0259qdim ed\u0259rk\u0259n bildirib ki, Erm\u0259nistan Az\u0259rbaycanla s\u0259rh\u0259din b\u0259zi hiss\u0259l\u0259rinin m\u00fchafiz\u0259sini s\u0259rh\u0259d qo\u015funlar\u0131na verm\u0259yi planla\u015fd\u0131r\u0131r.<\/p>\n\n\n\n<p>&#171;Proqram\u0131m\u0131z v\u0259 plan\u0131m\u0131z budur ki, Erm\u0259nistan Milli T\u0259hl\u00fck\u0259sizlik Xidm\u0259tinin s\u0259rh\u0259d qo\u015funlar\u0131 tezlikl\u0259 daha \u00e7ox \u0259razini Silahl\u0131 Q\u00fcvv\u0259l\u0259rd\u0259n t\u0259hvil alacaq. Bu bax\u0131mdan s\u0259rh\u0259d qo\u015funlar\u0131 art\u0131r\u0131lmal\u0131 v\u0259 islahatlar apar\u0131lmal\u0131d\u0131r&#187;, &#8212; Pa\u015finyan bildirib.<\/p>\n\n\n\n<p><br>Onun s\u00f6zl\u0259rin\u0259 g\u00f6r\u0259, bu, Erm\u0259nistan\u0131n dinc regional g\u00fcnd\u0259mi t\u0259\u015fviq etm\u0259k ist\u0259yini s\u00fcbut edir.<\/p>\n\n\n\n<p><br>Qeyd ed\u0259k ki, indi erm\u0259ni s\u0259rh\u0259d\u00e7il\u0259ri yaln\u0131z G\u00fcrc\u00fcstanla s\u0259rh\u0259di qoruyur. \u0130ran v\u0259 T\u00fcrkiy\u0259 il\u0259 s\u0259rh\u0259d Rusiya s\u0259rh\u0259d\u00e7il\u0259rinin n\u0259zar\u0259tind\u0259dir. Erm\u0259nistan Silahl\u0131 Q\u00fcvv\u0259l\u0259ri yaln\u0131z Az\u0259rbaycanla s\u0259rh\u0259d\u0259 n\u0259zar\u0259t edir.<\/p>\n\n\n\n<p><br>Nikol Pa\u015finyan Nazirl\u0259r Kabinetinin iclas\u0131nda onu da deyib ki, Erm\u0259nistan be\u015f il \u0259rzind\u0259 Xarici K\u0259\u015ffiyyat Xidm\u0259ti yaradacaq.<\/p>\n\n\n\n<p><br>&#171;2050 -ci il\u0259 q\u0259d\u0259rki inki\u015faf strategiyam\u0131zda qeyd etdiyimiz kimi, yax\u0131n 5 ild\u0259 Erm\u0259nistanda Xarici K\u0259\u015ffiyyat Xidm\u0259ti yarad\u0131lacaq&#187;.<\/p>\n\n\n\n<p><br>H\u00f6kum\u0259tin proqram\u0131 Nazirl\u0259r Kabineti t\u0259r\u0259find\u0259n t\u0259sdiql\u0259ndikd\u0259n sonra parlamentd\u0259 m\u00fczakir\u0259 olunacaq. Pa\u015finyana g\u00f6r\u0259, parlament m\u00fczakir\u0259l\u0259ri g\u0259l\u0259n h\u0259ft\u0259 ba\u015f tutacaq.<\/p>\n\n\n\n<p><br>H\u00f6kum\u0259tin 2021-2026-c\u0131 ill\u0259r \u00fc\u00e7\u00fcn Proqram\u0131 6 b\u00f6lm\u0259d\u0259n ibar\u0259tdir. Bunlar: &#171;T\u0259hl\u00fck\u0259sizlik v\u0259 Xarici Siyas\u0259t&#187;, &#171;\u0130qtisadiyyat&#187;, &#171;Altyap\u0131lar\u0131n \u0130nki\u015faf\u0131&#187;, &#171;\u0130nsan Kapital\u0131n\u0131n \u0130nki\u015faf\u0131&#187;, &#171;H\u00fcquq v\u0259 \u018fdal\u0259t&#187; v\u0259 &#171;\u0130nstitusional \u0130nki\u015faf&#187; b\u00f6lm\u0259l\u0259ridir.<\/p>\n\n\n\n<p>M\u0259nb\u0259: Modern.az\u00a0<\/p>\n","protected":false},"excerpt":{"rendered":"<p>&#171;Erm\u0259nistanda Silahl\u0131 Q\u00fcvv\u0259l\u0259rd\u0259 geni\u015fmiqyasl\u0131 islahatlar prosesi ba\u015flay\u0131b v\u0259 davam edir\u201d. Bunu Erm\u0259nistan\u0131n Ba\u015f naziri Nikol Pa\u015finyan \u00e7\u0259r\u015f\u0259nb\u0259 g\u00fcn\u00fc h\u00f6kum\u0259tin iclas\u0131nda deyib. O, ordunu \u00f6lk\u0259nin<\/p>\n","protected":false},"author":2,"featured_media":45821,"comment_status":"closed","ping_status":"closed","sticky":false,"template":"","format":"standard","meta":{"footnotes":""},"categories":[13],"tags":[],"class_list":["post-45820","post","type-post","status-publish","format-standard","has-post-thumbnail","hentry","category-xarici"],"aioseo_notices":[],"_links":{"self":[{"href":"https:\/\/fedai.az\/index.php?rest_route=\/wp\/v2\/posts\/45820","targetHints":{"allow":["GET"]}}],"collection":[{"href":"https:\/\/fedai.az\/index.php?rest_route=\/wp\/v2\/posts"}],"about":[{"href":"https:\/\/fedai.az\/index.php?rest_route=\/wp\/v2\/types\/post"}],"author":[{"embeddable":true,"href":"https:\/\/fedai.az\/index.php?rest_route=\/wp\/v2\/users\/2"}],"replies":[{"embeddable":true,"href":"https:\/\/fedai.az\/index.php?rest_route=%2Fwp%2Fv2%2Fcomments&post=45820"}],"version-history":[{"count":1,"href":"https:\/\/fedai.az\/index.php?rest_route=\/wp\/v2\/posts\/45820\/revisions"}],"predecessor-version":[{"id":45822,"href":"https:\/\/fedai.az\/index.php?rest_route=\/wp\/v2\/posts\/45820\/revisions\/45822"}],"wp:featuredmedia":[{"embeddable":true,"href":"https:\/\/fedai.az\/index.php?rest_route=\/wp\/v2\/media\/45821"}],"wp:attachment":[{"href":"https:\/\/fedai.az\/index.php?rest_route=%2Fwp%2Fv2%2Fmedia&parent=45820"}],"wp:term":[{"taxonomy":"category","embeddable":true,"href":"https:\/\/fedai.az\/index.php?rest_route=%2Fwp%2Fv2%2Fcategories&post=45820"},{"taxonomy":"post_tag","embeddable":true,"href":"https:\/\/fedai.az\/index.php?rest_route=%2Fwp%2Fv2%2Ftags&post=45820"}],"curies":[{"name":"wp","href":"https:\/\/api.w.org\/{rel}","templated":true}]}}