{"id":45824,"date":"2021-08-19T02:42:56","date_gmt":"2021-08-18T22:42:56","guid":{"rendered":"https:\/\/fedai.az\/?p=45824"},"modified":"2021-08-19T02:43:52","modified_gmt":"2021-08-18T22:43:52","slug":"polkovnik%c9%99-t%c9%99brik-var-qasimov-%c9%99li-qasim-oglu-47","status":"publish","type":"post","link":"https:\/\/fedai.az\/?p=45824","title":{"rendered":"Polkovnik\u0259 t\u0259brik var: QASIMOV \u018fL\u0130 QASIM O\u011eLU &#8212; 47"},"content":{"rendered":"\n<p><strong>&nbsp;<span class=\"has-inline-color has-vivid-red-color\"> Az\u0259rbaycan V\u0259t\u0259n m\u00fcharib\u0259si Veteranlar\u0131 \u0130ctimai Birliyinin s\u0259dr m\u00fcavini polkovnik Salman Musayev ehtiyyatda olan polkovnik Qas\u0131mov \u018fli Qas\u0131m o\u011flunu do\u011fum g\u00fcn\u00fc m\u00fcnasib\u0259til\u0259 s\u0259mimi q\u0259lbd\u0259n t\u0259brik edir, h\u0259yatda insan\u0131n \u00fcc\u00fcn \u0259n \u015firin neym\u0259t olan m\u00f6hk\u0259m can sa\u011fl\u0131\u011f\u0131 v\u0259 h\u0259yat yollar\u0131nda bitib &#8212; t\u00fck\u0259nm\u0259y\u0259n nailiyy\u0259tl\u0259r arzulay\u0131r.<\/span><\/strong><\/p>\n\n\n\n<p><strong>&nbsp;Qoy ya\u015f\u0131n\u0131n \u00fcst\u0259 g\u0259l\u0259n bu ya\u015f ona sevinc dolu g\u00fcnl\u0259r b\u0259x\u015f etsin, h\u0259r yeni g\u00fcn\u00fc is\u0259 \u00f6t\u0259n g\u00fcnl\u0259rd\u0259n daha g\u00f6z\u0259l, ist\u0259kl\u0259rin\u0259 uy\u011fun, onu xo\u015fb\u0259xt ed\u0259c\u0259k \u015f\u0259kild\u0259 ke\u00e7sin.Amin!<\/strong><\/p>\n\n\n\n<p>&nbsp;Polkovnik Qas\u0131mov \u018fli Qas\u0131m o\u011flu 19 avqust 1974-c\u00fc ild\u0259 Nax\u00e7\u0131van Muxtar Respublikas\u0131n\u0131n Bab\u0259k rayonunun Qahab k\u0259ndind\u0259 anadan olub.<\/p>\n\n\n\n<p>O, 1974 -c\u00fc ild\u0259 Nax\u00e7\u0131van Muxtar Respublikas\u0131n\u0131n Bab\u0259k rayonunun Qahab k\u0259nd orta m\u0259kt\u0259b\u0259inin birinci sinifin\u0259 daxil olmu\u015f, 1991-ci ild\u0259 h\u0259min orta m\u0259kt\u0259bi bitirdikd\u0259n sonra, 1991-ci ild\u0259 Nax\u00e7\u0131van D\u00f6vl\u0259t Universitetin\u0259 daxil olmu\u015f, 1996-ci ild\u0259 h\u0259min Universiteti bitirmi\u015fdir.<\/p>\n\n\n\n<figure class=\"wp-block-gallery columns-2 is-cropped wp-block-gallery-1 is-layout-flex wp-block-gallery-is-layout-flex\"><ul class=\"blocks-gallery-grid\"><li class=\"blocks-gallery-item\"><figure><img loading=\"lazy\" decoding=\"async\" width=\"738\" height=\"999\" src=\"https:\/\/fedai.az\/wp-content\/uploads\/2021\/08\/238813897_366286791810432_7080970459213253138_n.jpg\" alt=\"\" data-id=\"45825\" data-link=\"https:\/\/fedai.az\/?attachment_id=45825\" class=\"wp-image-45825\" srcset=\"https:\/\/fedai.az\/wp-content\/uploads\/2021\/08\/238813897_366286791810432_7080970459213253138_n.jpg 738w, https:\/\/fedai.az\/wp-content\/uploads\/2021\/08\/238813897_366286791810432_7080970459213253138_n-222x300.jpg 222w, https:\/\/fedai.az\/wp-content\/uploads\/2021\/08\/238813897_366286791810432_7080970459213253138_n-111x150.jpg 111w\" sizes=\"auto, (max-width: 738px) 100vw, 738px\" \/><\/figure><\/li><li class=\"blocks-gallery-item\"><figure><img loading=\"lazy\" decoding=\"async\" width=\"999\" height=\"991\" src=\"https:\/\/fedai.az\/wp-content\/uploads\/2021\/08\/238948065_360061628998209_1892631881485073410_n.jpg\" alt=\"\" data-id=\"45826\" data-full-url=\"https:\/\/fedai.az\/wp-content\/uploads\/2021\/08\/238948065_360061628998209_1892631881485073410_n.jpg\" data-link=\"https:\/\/fedai.az\/?attachment_id=45826\" class=\"wp-image-45826\" srcset=\"https:\/\/fedai.az\/wp-content\/uploads\/2021\/08\/238948065_360061628998209_1892631881485073410_n.jpg 999w, https:\/\/fedai.az\/wp-content\/uploads\/2021\/08\/238948065_360061628998209_1892631881485073410_n-300x298.jpg 300w, https:\/\/fedai.az\/wp-content\/uploads\/2021\/08\/238948065_360061628998209_1892631881485073410_n-150x150.jpg 150w, https:\/\/fedai.az\/wp-content\/uploads\/2021\/08\/238948065_360061628998209_1892631881485073410_n-768x762.jpg 768w\" sizes=\"auto, (max-width: 999px) 100vw, 999px\" \/><\/figure><\/li><\/ul><\/figure>\n\n\n\n<p>&nbsp; Polkovnik \u018fli Qas\u0131mov 1999 -ci il\u0131n fevral ay\u0131nda Daxili \u0130\u015fl\u0259r Nazirliyinin Daxili Qo\u015funlar\u0131n\u0131n Ba\u015f \u0130dar\u0259sinin X\u0259z\u0259r rayonunda yerl\u0259\u015f\u0259n h\u0259rbi- t\u0259dris m\u00fc\u0259ssis\u0259sini bitrdikd\u0259n sonra Daxili \u0130\u015fl\u0259r Nazirinin m\u00fcvafiq \u0259mri il\u0259 ona&nbsp; ilk h\u0259rbi &#171;leytenant &#171;h\u0259rbi r\u00fctb\u0259si verilib.<\/p>\n\n\n\n<p>O, 1996-1997 -c\u0131 ill\u0259rd\u0259&nbsp; Az\u0259rbaycan Ordusunda m\u00fcddd\u0259tli h\u0259qqi h\u0259rbi xidm\u0259td\u0259 olub.<\/p>\n\n\n\n<p>&nbsp;Ehtiyyatda olan polkovnik \u018fli Qas\u0131mov 1998- 2019ci ill\u0259rd\u0259 Daxili \u0130\u015fl\u0259r Nazirliyinin Daxili Qo\u015funlar\u0131n\u0131n Bas \u0130dar\u0259sinin&nbsp; Nax\u00e7\u0131van Muxtar respublikas\u0131nda , Zaqatala, B\u0259rd\u0259, Qarada\u011f v\u0259 N\u0259rimanov&nbsp; rayonlar\u0131nda yerl\u0259\u015f\u0259n h\u0259rb\u0131 his\u0259l\u0259rd\u0259 &nbsp;&nbsp;&nbsp;&nbsp;&nbsp;( h\u0259rbi hospitalda) taqim komandiri, t\u0259rbiy\u0259 b\u00f6lm\u0259sind\u0259 t\u0259limat\u00e7i v\u0259 ba\u015f t\u0259limatc\u0131, h\u0259rbi hiss\u0259 komandirinin&nbsp; ( h\u0259rbi hospital r\u0259isinin) t\u0259rbiy\u0259vi i\u015fl\u0259r \u00fczr\u0259 m\u00fcavini&nbsp; v\u0259zif\u0259l\u0259rind\u0259 xidm\u0259t edib.<\/p>\n\n\n\n<p>&nbsp;O, Daxili Qo\u015funlara,xidm\u0259t etdiyi h\u0259rbi hiss\u0259y\u0259 h\u0259val\u0259 edilmi\u015f v\u0259zif\u0259l\u0259rin v\u0259 tap\u015f\u0131r\u0131qlar\u0131n yerin\u0259 yetirilm\u0259sind\u0259 ,cinay\u0259tkarl\u0131\u011fa qar\u015f\u0131 m\u00fcbariz\u0259d\u0259, ictimai t\u0259hl\u00fck\u0259sizliyin t\u0259min edilm\u0259sind\u0259 \u00fcz\u0259rin\u0259 d\u00fcs\u0259n v\u0259zif\u0259l\u0259rin yerin\u0259 yetirilm\u0259sin\u0259 m\u0259suliyy\u0259tl\u0259 yana\u015f\u0131b.<\/p>\n\n\n\n<p>&nbsp;<strong>Polkovnik Qas\u0131mov \u018fli Qas\u0131m o\u011flu&nbsp; pe\u015f\u0259karl\u0131\u011f\u0131 v\u0259 humanistliyi il\u0259 se\u00e7il\u0259n \u0259n m\u0259hsuldar d\u00f6vr\u00fcn\u00fcn&nbsp; 23 (iyirmi \u00fcc) ild\u0259n \u00e7ox \u015f\u0259r\u0259fli xidm\u0259ti yolunu h\u0259rbi xidm\u0259td\u0259 kecirib.<\/strong><\/p>\n\n\n\n<figure class=\"wp-block-gallery columns-2 is-cropped wp-block-gallery-2 is-layout-flex wp-block-gallery-is-layout-flex\"><ul class=\"blocks-gallery-grid\"><li class=\"blocks-gallery-item\"><figure><img loading=\"lazy\" decoding=\"async\" width=\"705\" height=\"1024\" src=\"https:\/\/fedai.az\/wp-content\/uploads\/2021\/08\/b6-2-705x1024.jpg\" alt=\"\" data-id=\"45828\" data-full-url=\"https:\/\/fedai.az\/wp-content\/uploads\/2021\/08\/b6-2.jpg\" data-link=\"https:\/\/fedai.az\/?attachment_id=45828\" class=\"wp-image-45828\" srcset=\"https:\/\/fedai.az\/wp-content\/uploads\/2021\/08\/b6-2-705x1024.jpg 705w, https:\/\/fedai.az\/wp-content\/uploads\/2021\/08\/b6-2-207x300.jpg 207w, https:\/\/fedai.az\/wp-content\/uploads\/2021\/08\/b6-2-103x150.jpg 103w, https:\/\/fedai.az\/wp-content\/uploads\/2021\/08\/b6-2.jpg 719w\" sizes=\"auto, (max-width: 705px) 100vw, 705px\" \/><\/figure><\/li><li class=\"blocks-gallery-item\"><figure><img loading=\"lazy\" decoding=\"async\" width=\"720\" height=\"960\" src=\"https:\/\/fedai.az\/wp-content\/uploads\/2021\/08\/239341760_342230967584429_4096586801226912679_n.jpg\" alt=\"\" data-id=\"45827\" data-link=\"https:\/\/fedai.az\/?attachment_id=45827\" class=\"wp-image-45827\" srcset=\"https:\/\/fedai.az\/wp-content\/uploads\/2021\/08\/239341760_342230967584429_4096586801226912679_n.jpg 720w, https:\/\/fedai.az\/wp-content\/uploads\/2021\/08\/239341760_342230967584429_4096586801226912679_n-225x300.jpg 225w, https:\/\/fedai.az\/wp-content\/uploads\/2021\/08\/239341760_342230967584429_4096586801226912679_n-113x150.jpg 113w\" sizes=\"auto, (max-width: 720px) 100vw, 720px\" \/><\/figure><\/li><\/ul><\/figure>\n\n\n\n<p>&nbsp;&nbsp;&nbsp;&nbsp;&nbsp;&nbsp; \u018fli Qas\u0131mov Az\u0259rbaycan Respublikas\u0131 Konstitusiyas\u0131na v\u0259 qanunlar\u0131na, h\u0259rbi and\u0131n, h\u0259rbi nizamnam\u0259l\u0259rin t\u0259l\u0259bl\u0259rin\u0259 v\u0259 v\u0259zif\u0259 borcuna \u0259m\u0259l etm\u0259kd\u0259 tabeliyind\u0259kil\u0259r ucun n\u00fcmn\u0259 olmu\u015fdur.<\/p>\n\n\n\n<p>&nbsp;&nbsp; Ehtiyyatda olan polkovnik \u018fli Qas\u0131mov T\u00fcrkiy\u0259 C\u00fcmh\u00fcriyy\u0259tinin Jandarma Q\u00fcvv\u0259l\u0259rinin xidm\u0259ti f\u0259aliyy\u0259ti v\u0259 onlar\u0131n bir h\u0259rb\u0131 qurum k\u0131m\u0131 \u00f6lk\u0259 daxilind\u0259 yerin\u0259 yetrdikl\u0259ri funksiyalar\u0131&nbsp; il\u0259 yax\u0131ndan tan\u0131\u015f olmaq \u00fc\u00e7\u00fcn .1999-cu ilin aprel ay\u0131nda Ankara, Istanbul, Izmir v\u0259&nbsp; Foce \u015f\u0259h\u0259rl\u0259rind\u0259 i\u015fguzar s\u0259f\u0259rd\u0259 olub.<\/p>\n\n\n\n<p>&nbsp; O, V\u0259t\u0259n\u0259, D\u00f6vl\u0259t\u0259 v\u0259 Xalqa s\u0259daq\u0259tl\u0259 xidm\u0259t etmi\u015fdir. \u018fli Qas\u0131mov Daxili Qo\u015funlar\u0131n Ba\u015f idar\u0259sinin h\u0259rbi his\u0259l\u0259rind\u0259&nbsp; t\u0259limatc\u0131 v\u0259 h\u0259rbi hiss\u0259 komandirinin t\u0259rbiy\u0259vi i\u015fl\u0259r \u00fczr\u0259 m\u00fcavini&nbsp; v\u0259zif\u0259sind\u0259 xidm\u0259t etdiyi ill\u0259r \u0259rzind\u0259, h\u0259rbi hiss\u0259d\u0259 bir s\u0131ra komissiyalar\u0131n \u00fczv\u00fc v\u0259 m\u0259qs\u0259dli qrupun r\u0259hb\u0259ri oldu\u011fu m\u00fcdd\u0259td\u0259 O,s\u0259m\u0259r\u0259li f\u0259aliyy\u0259ti il\u0259, i\u015fg\u00fczar v\u0259 m\u0259n\u0259vi keyfiyy\u0259ti il\u0259, n\u0259z\u0259ri v\u0259 praktiki biliyi il\u0259&nbsp;&nbsp; \u00fcz\u0259rin\u0259 d\u00fcs\u0259n v\u0259zif\u0259l\u0259rin yerin\u0259 yetirilm\u0259sind\u0259 daimi Daxili Qo\u015funlar\u0131n Komandanl\u0131g\u0131n\u0131n, Nax\u00e7\u0131van Muxtar Respublikas\u0131n\u0131n Daxili \u0130\u015fl\u0259r Nazirinin v\u0259 xidm\u0259t etdiyi h\u0259rbi hiss\u0259nin komandirinin diqq\u0259t m\u0259rk\u0259zind\u0259 olmu\u015fdur.<\/p>\n\n\n\n<figure class=\"wp-block-image size-large\"><img loading=\"lazy\" decoding=\"async\" width=\"1024\" height=\"565\" src=\"https:\/\/fedai.az\/wp-content\/uploads\/2021\/08\/239390085_1160595587784592_1512221889550166716_n-1024x565.jpg\" alt=\"\" class=\"wp-image-45829\" srcset=\"https:\/\/fedai.az\/wp-content\/uploads\/2021\/08\/239390085_1160595587784592_1512221889550166716_n-1024x565.jpg 1024w, https:\/\/fedai.az\/wp-content\/uploads\/2021\/08\/239390085_1160595587784592_1512221889550166716_n-300x166.jpg 300w, https:\/\/fedai.az\/wp-content\/uploads\/2021\/08\/239390085_1160595587784592_1512221889550166716_n-150x83.jpg 150w, https:\/\/fedai.az\/wp-content\/uploads\/2021\/08\/239390085_1160595587784592_1512221889550166716_n-768x424.jpg 768w, https:\/\/fedai.az\/wp-content\/uploads\/2021\/08\/239390085_1160595587784592_1512221889550166716_n.jpg 1080w\" sizes=\"auto, (max-width: 1024px) 100vw, 1024px\" \/><\/figure>\n\n\n\n<p>&nbsp;&nbsp;&nbsp; <strong>Az\u0259rbaycan Respublikas\u0131 Daxili \u0130\u015fl\u0259r Nazirliyi Daxili Qo\u015funlar\u0131n yarad\u0131lmas\u0131n\u0131n 22-ci il d\u00f6numu il\u0259 \u0259laq\u0259dar olaraq, D\u00f6vl\u0259tin \u0259razi b\u00fct\u00f6vl\u00fcy\u00fcn\u00fcn t\u0259min olunmas\u0131nda i\u015ftirak etdiyin\u0259, d\u00f6y\u00fc\u015f zaman\u0131 igidlik g\u00f6st\u0259rdiyin\u0259,\u00f6z xidm\u0259ti v\u0259zif\u0259l\u0259rini, h\u0259rbi hiss\u0259 qar\u015f\u0131s\u0131nda duran tap\u015f\u0131r\u0131qlar\u0131 yerin\u0259 yer\u0131n\u0259 yetir\u0259rk\u0259n f\u0259riql\u0259ndiyin\u0259 g\u00f6r\u0259, Az\u0259rbaycan Respublikas\u0131 Prezidentinin&nbsp; 08 mart 2014- c\u00fc il tarixli S\u0259r\u0259ncam\u0131 il\u0259 polkovnik Qas\u0131mov \u018fli Qas\u0131m o\u011flu &#171;H\u0259rb\u0131 xidm\u0259tl\u0259r\u0259 g\u00f6r\u0259 &#171;medal\u0131 il\u0259 t\u0259ltif olunub.<\/strong><\/p>\n\n\n\n<p>&nbsp;&nbsp;&nbsp; Polkovnik \u018fli Qas\u0131mov Xidm\u0259td\u0259 f\u0259riql\u0259ndiyin\u0259 g\u00f6r\u0259 Az\u0259rbaycan Respublikas\u0131n\u0131n Daxili \u0130\u015fl\u0259r Nazirnin, Daxili Qo\u015funlar Komandan\u0131n, Nax\u00e7\u0131van Muxtar Respublikas\u0131n\u0131n Daxili \u0130\u015fl\u0259r Nazirinin,t\u0259hsil ald\u0131\u011f\u0131 h\u0259rbi m\u0259kt\u0259b r\u0259isinin v\u0259 xidm\u0259t etdiyi h\u0259rbi hiss\u0259l\u0259rin komandirl\u0259rinin m\u00fcvafiq \u0259mrl\u0259ri il\u0259 bir s\u0131ra medallarla, &#171;\u018fla xidm\u0259tl\u0259r\u0259 g\u00f6r\u0259 &#171;d\u00f6\u015f v\u0259 yubley&nbsp; nisanlar\u0131 il\u0259, f\u0259xri f\u0259rmanlarla, pul m\u00fckafatlar\u0131 il\u0259, qiym\u0259tli h\u0259diyy\u0259l\u0259rl\u0259 m\u00fckafatland\u0131rl\u0131b v\u0259 ona t\u0259\u015f\u0259kk\u00fcr elan edilib.<\/p>\n\n\n\n<p><strong>&nbsp;DO\u011eUM G\u00dcN\u00dcN M\u00dcBAR\u018fK, \u018fL\u0130!<\/strong><\/p>\n\n\n\n<p><strong>&nbsp;UCA ALLAH S\u018fN\u0130 B\u00dcT\u00dcN ARZULARINA \u00c7ATDIRSIN<\/strong>!<\/p>\n\n\n\n<p><strong>\u00d6MR\u00dcN UZUN OLSUN, 100 YA\u015eA!<\/strong><\/p>\n\n\n\n<p><strong>D\u0259rin h\u00f6rm\u0259tl\u0259: Az\u0259rbaycan V\u0259t\u0259n m\u00fcharib\u0259si Veteranlar\u0131 \u0130ctimai&nbsp; Birliyinin s\u0259dr m\u00fcavini polkovnik Salman Musayev<\/strong><\/p>\n\n\n\n<figure class=\"wp-block-gallery columns-2 is-cropped wp-block-gallery-3 is-layout-flex wp-block-gallery-is-layout-flex\"><ul class=\"blocks-gallery-grid\"><li class=\"blocks-gallery-item\"><figure><img loading=\"lazy\" decoding=\"async\" width=\"600\" height=\"600\" src=\"https:\/\/fedai.az\/wp-content\/uploads\/2021\/08\/8265a327389da9fe4fdc2714b309120e-2-15.jpg\" alt=\"\" data-id=\"45831\" data-link=\"https:\/\/fedai.az\/?attachment_id=45831\" class=\"wp-image-45831\" srcset=\"https:\/\/fedai.az\/wp-content\/uploads\/2021\/08\/8265a327389da9fe4fdc2714b309120e-2-15.jpg 600w, https:\/\/fedai.az\/wp-content\/uploads\/2021\/08\/8265a327389da9fe4fdc2714b309120e-2-15-300x300.jpg 300w, https:\/\/fedai.az\/wp-content\/uploads\/2021\/08\/8265a327389da9fe4fdc2714b309120e-2-15-150x150.jpg 150w, https:\/\/fedai.az\/wp-content\/uploads\/2021\/08\/8265a327389da9fe4fdc2714b309120e-2-15-215x215.jpg 215w\" sizes=\"auto, (max-width: 600px) 100vw, 600px\" \/><\/figure><\/li><li class=\"blocks-gallery-item\"><figure><img loading=\"lazy\" decoding=\"async\" width=\"632\" height=\"443\" src=\"https:\/\/fedai.az\/wp-content\/uploads\/2021\/08\/239356823_559299131894320_4647797039063146154_n.jpg\" alt=\"\" data-id=\"45834\" data-full-url=\"https:\/\/fedai.az\/wp-content\/uploads\/2021\/08\/239356823_559299131894320_4647797039063146154_n.jpg\" data-link=\"https:\/\/fedai.az\/?attachment_id=45834\" class=\"wp-image-45834\" srcset=\"https:\/\/fedai.az\/wp-content\/uploads\/2021\/08\/239356823_559299131894320_4647797039063146154_n.jpg 632w, https:\/\/fedai.az\/wp-content\/uploads\/2021\/08\/239356823_559299131894320_4647797039063146154_n-300x210.jpg 300w, https:\/\/fedai.az\/wp-content\/uploads\/2021\/08\/239356823_559299131894320_4647797039063146154_n-150x105.jpg 150w\" sizes=\"auto, (max-width: 632px) 100vw, 632px\" \/><\/figure><\/li><\/ul><\/figure>\n","protected":false},"excerpt":{"rendered":"<p>&nbsp; Az\u0259rbaycan V\u0259t\u0259n m\u00fcharib\u0259si Veteranlar\u0131 \u0130ctimai Birliyinin s\u0259dr m\u00fcavini polkovnik Salman Musayev ehtiyyatda olan polkovnik Qas\u0131mov \u018fli Qas\u0131m o\u011flunu do\u011fum g\u00fcn\u00fc m\u00fcnasib\u0259til\u0259 s\u0259mimi q\u0259lbd\u0259n<\/p>\n","protected":false},"author":2,"featured_media":45829,"comment_status":"closed","ping_status":"closed","sticky":false,"template":"","format":"standard","meta":{"footnotes":""},"categories":[5],"tags":[],"class_list":["post-45824","post","type-post","status-publish","format-standard","has-post-thumbnail","hentry","category-veteran"],"aioseo_notices":[],"_links":{"self":[{"href":"https:\/\/fedai.az\/index.php?rest_route=\/wp\/v2\/posts\/45824","targetHints":{"allow":["GET"]}}],"collection":[{"href":"https:\/\/fedai.az\/index.php?rest_route=\/wp\/v2\/posts"}],"about":[{"href":"https:\/\/fedai.az\/index.php?rest_route=\/wp\/v2\/types\/post"}],"author":[{"embeddable":true,"href":"https:\/\/fedai.az\/index.php?rest_route=\/wp\/v2\/users\/2"}],"replies":[{"embeddable":true,"href":"https:\/\/fedai.az\/index.php?rest_route=%2Fwp%2Fv2%2Fcomments&post=45824"}],"version-history":[{"count":2,"href":"https:\/\/fedai.az\/index.php?rest_route=\/wp\/v2\/posts\/45824\/revisions"}],"predecessor-version":[{"id":45835,"href":"https:\/\/fedai.az\/index.php?rest_route=\/wp\/v2\/posts\/45824\/revisions\/45835"}],"wp:featuredmedia":[{"embeddable":true,"href":"https:\/\/fedai.az\/index.php?rest_route=\/wp\/v2\/media\/45829"}],"wp:attachment":[{"href":"https:\/\/fedai.az\/index.php?rest_route=%2Fwp%2Fv2%2Fmedia&parent=45824"}],"wp:term":[{"taxonomy":"category","embeddable":true,"href":"https:\/\/fedai.az\/index.php?rest_route=%2Fwp%2Fv2%2Fcategories&post=45824"},{"taxonomy":"post_tag","embeddable":true,"href":"https:\/\/fedai.az\/index.php?rest_route=%2Fwp%2Fv2%2Ftags&post=45824"}],"curies":[{"name":"wp","href":"https:\/\/api.w.org\/{rel}","templated":true}]}}