{"id":45932,"date":"2021-08-20T12:21:59","date_gmt":"2021-08-20T08:21:59","guid":{"rendered":"https:\/\/fedai.az\/?p=45932"},"modified":"2021-08-20T12:22:08","modified_gmt":"2021-08-20T08:22:08","slug":"prezidentin-kom%c9%99kcisi-karantinl%c9%99-bagli-q%c9%99rari-aciqladi","status":"publish","type":"post","link":"https:\/\/fedai.az\/?p=45932","title":{"rendered":"Prezidentin k\u00f6m\u0259k\u00e7isi karantinl\u0259 ba\u011fl\u0131 q\u0259rar\u0131 a\u00e7\u0131qlad\u0131"},"content":{"rendered":"\n<p><strong>Prezidentin k\u00f6m\u0259k\u00e7isi &#8212; Prezident Administrasiyas\u0131n\u0131n \u0130qtisadi m\u0259s\u0259l\u0259l\u0259r v\u0259 innovativ inki\u015faf siyas\u0259ti \u015f\u00f6b\u0259sinin m\u00fcdiri \u015eahmar M\u00f6vs\u00fcmov karantinl\u0259 ba\u011fl\u0131 a\u00e7\u0131qlama verib.<\/strong><\/p>\n\n\n\n<p>\u015eahmar M\u00f6vs\u00fcmov bu bar\u0259d\u0259 Nazirl\u0259r Kabineti yan\u0131nda Operativ Q\u0259rargah\u0131n bu g\u00fcn ke\u00e7iril\u0259n brifinqind\u0259 dan\u0131\u015f\u0131b.<\/p>\n\n\n\n<p><strong>&#171;D\u00fczd\u00fcr, t\u0259zyiq var. H\u0259kiml\u0259rimiz m\u0259zuniyy\u0259t\u0259 d\u0259 \u00e7\u0131xmay\u0131b. Amma haz\u0131rda bunun \u00f6hd\u0259sind\u0259n g\u0259l\u0259 bilirik. G\u00f6rs\u0259k ki, h\u0259kiml\u0259r \u00e7atd\u0131ra bilmir, o zaman m\u0259hdudiyy\u0259tl\u0259r haqq\u0131nda d\u00fc\u015f\u00fcn\u0259rik. Bu g\u00fcn h\u0259r hans\u0131 bir s\u0259rtl\u0259\u015fm\u0259y\u0259 getm\u0259y\u0259 ehtiyac yoxdur\u201d dey\u0259 Prezidentin k\u00f6m\u0259k\u00e7isi bildirib.<\/strong><\/p>\n","protected":false},"excerpt":{"rendered":"<p>Prezidentin k\u00f6m\u0259k\u00e7isi &#8212; Prezident Administrasiyas\u0131n\u0131n \u0130qtisadi m\u0259s\u0259l\u0259l\u0259r v\u0259 innovativ inki\u015faf siyas\u0259ti \u015f\u00f6b\u0259sinin m\u00fcdiri \u015eahmar M\u00f6vs\u00fcmov karantinl\u0259 ba\u011fl\u0131 a\u00e7\u0131qlama verib. \u015eahmar M\u00f6vs\u00fcmov bu bar\u0259d\u0259 Nazirl\u0259r<\/p>\n","protected":false},"author":2,"featured_media":45934,"comment_status":"closed","ping_status":"closed","sticky":false,"template":"","format":"standard","meta":{"footnotes":""},"categories":[3],"tags":[],"class_list":["post-45932","post","type-post","status-publish","format-standard","has-post-thumbnail","hentry","category-gundm"],"aioseo_notices":[],"_links":{"self":[{"href":"https:\/\/fedai.az\/index.php?rest_route=\/wp\/v2\/posts\/45932","targetHints":{"allow":["GET"]}}],"collection":[{"href":"https:\/\/fedai.az\/index.php?rest_route=\/wp\/v2\/posts"}],"about":[{"href":"https:\/\/fedai.az\/index.php?rest_route=\/wp\/v2\/types\/post"}],"author":[{"embeddable":true,"href":"https:\/\/fedai.az\/index.php?rest_route=\/wp\/v2\/users\/2"}],"replies":[{"embeddable":true,"href":"https:\/\/fedai.az\/index.php?rest_route=%2Fwp%2Fv2%2Fcomments&post=45932"}],"version-history":[{"count":1,"href":"https:\/\/fedai.az\/index.php?rest_route=\/wp\/v2\/posts\/45932\/revisions"}],"predecessor-version":[{"id":45935,"href":"https:\/\/fedai.az\/index.php?rest_route=\/wp\/v2\/posts\/45932\/revisions\/45935"}],"wp:featuredmedia":[{"embeddable":true,"href":"https:\/\/fedai.az\/index.php?rest_route=\/wp\/v2\/media\/45934"}],"wp:attachment":[{"href":"https:\/\/fedai.az\/index.php?rest_route=%2Fwp%2Fv2%2Fmedia&parent=45932"}],"wp:term":[{"taxonomy":"category","embeddable":true,"href":"https:\/\/fedai.az\/index.php?rest_route=%2Fwp%2Fv2%2Fcategories&post=45932"},{"taxonomy":"post_tag","embeddable":true,"href":"https:\/\/fedai.az\/index.php?rest_route=%2Fwp%2Fv2%2Ftags&post=45932"}],"curies":[{"name":"wp","href":"https:\/\/api.w.org\/{rel}","templated":true}]}}