{"id":45942,"date":"2021-08-20T12:58:10","date_gmt":"2021-08-20T08:58:10","guid":{"rendered":"https:\/\/fedai.az\/?p=45942"},"modified":"2021-08-20T12:58:13","modified_gmt":"2021-08-20T08:58:13","slug":"movqel%c9%99rimiz%c9%99-at%c9%99s-acilib","status":"publish","type":"post","link":"https:\/\/fedai.az\/?p=45942","title":{"rendered":"M\u00f6vqel\u0259rimiz\u0259 at\u0259\u015f a\u00e7\u0131l\u0131b"},"content":{"rendered":"\n<p><strong>Erm\u0259nistan silahl\u0131 q\u00fcvv\u0259l\u0259rinin b\u00f6lm\u0259l\u0259ri avqustun 19-u saat 17:24-d\u0259n etibar\u0259n avqustun 20-si saat 00:25-d\u0259k Gorus rayonunun Xanazax, Basarke\u00e7\u0259r rayonunun A\u015fa\u011f\u0131 Za\u011fal\u0131 v\u0259 Berd rayonunun \u00c7inarl\u0131 ya\u015fay\u0131\u015f m\u0259nt\u0259q\u0259l\u0259ri \u0259razisind\u0259 yerl\u0259\u015f\u0259n m\u00f6vqel\u0259rind\u0259n La\u00e7\u0131n rayonunun Ca\u011fazur, K\u0259lb\u0259c\u0259r rayonunun \u0130stisu v\u0259 Tovuz rayonunun \u018fsrik C\u0131rdaxan ya\u015fay\u0131\u015f m\u0259nt\u0259q\u0259l\u0259ri istiqam\u0259tind\u0259 yerl\u0259\u015f\u0259n Az\u0259rbaycan Ordusunun m\u00f6vqel\u0259rini fasil\u0259l\u0259rl\u0259 at\u0131c\u0131 silahlardan at\u0259\u015f\u0259 tutub.<\/strong><\/p>\n\n\n\n<p>M\u00fcdafi\u0259 Nazirliyind\u0259n\u00a0 veril\u0259n m\u0259lumata g\u00f6r\u0259, bundan \u0259lav\u0259 avqustun 20-si saat 01:23-d\u0259n etibar\u0259n Rusiya s\u00fclhm\u0259raml\u0131lar\u0131n\u0131n m\u00fcv\u0259qq\u0259ti yerl\u0259\u015fdirildiyi Az\u0259rbaycan \u0259razisind\u0259ki qanunsuz erm\u0259ni silahl\u0131 d\u0259st\u0259l\u0259ri t\u0259r\u0259find\u0259n \u015eu\u015fa \u015f\u0259h\u0259rinin X\u0259lf\u0259li ya\u015fay\u0131\u015f m\u0259nt\u0259q\u0259si \u0259traf\u0131nda yerl\u0259\u015f\u0259n b\u00f6lm\u0259l\u0259rimizin m\u00f6vqel\u0259ri istiqam\u0259tind\u0259 at\u0131c\u0131 silahlardan fasil\u0259l\u0259rl\u0259 at\u0259\u015f a\u00e7\u0131l\u0131b.<\/p>\n\n\n\n<p>Cavab at\u0259\u015fil\u0259 qar\u015f\u0131 t\u0259r\u0259f susdurulub.<\/p>\n\n\n\n<p>Haz\u0131rda qeyd olunan istiqam\u0259tl\u0259rd\u0259 v\u0259ziyy\u0259t sabitdir, \u0259m\u0259liyyat \u015f\u0259raiti b\u00f6lm\u0259l\u0259rimizin n\u0259zar\u0259ti alt\u0131ndad\u0131r.<\/p>\n","protected":false},"excerpt":{"rendered":"<p>Erm\u0259nistan silahl\u0131 q\u00fcvv\u0259l\u0259rinin b\u00f6lm\u0259l\u0259ri avqustun 19-u saat 17:24-d\u0259n etibar\u0259n avqustun 20-si saat 00:25-d\u0259k Gorus rayonunun Xanazax, Basarke\u00e7\u0259r rayonunun A\u015fa\u011f\u0131 Za\u011fal\u0131 v\u0259 Berd rayonunun \u00c7inarl\u0131<\/p>\n","protected":false},"author":2,"featured_media":45943,"comment_status":"closed","ping_status":"closed","sticky":false,"template":"","format":"standard","meta":{"footnotes":""},"categories":[3],"tags":[],"class_list":["post-45942","post","type-post","status-publish","format-standard","has-post-thumbnail","hentry","category-gundm"],"aioseo_notices":[],"_links":{"self":[{"href":"https:\/\/fedai.az\/index.php?rest_route=\/wp\/v2\/posts\/45942","targetHints":{"allow":["GET"]}}],"collection":[{"href":"https:\/\/fedai.az\/index.php?rest_route=\/wp\/v2\/posts"}],"about":[{"href":"https:\/\/fedai.az\/index.php?rest_route=\/wp\/v2\/types\/post"}],"author":[{"embeddable":true,"href":"https:\/\/fedai.az\/index.php?rest_route=\/wp\/v2\/users\/2"}],"replies":[{"embeddable":true,"href":"https:\/\/fedai.az\/index.php?rest_route=%2Fwp%2Fv2%2Fcomments&post=45942"}],"version-history":[{"count":1,"href":"https:\/\/fedai.az\/index.php?rest_route=\/wp\/v2\/posts\/45942\/revisions"}],"predecessor-version":[{"id":45944,"href":"https:\/\/fedai.az\/index.php?rest_route=\/wp\/v2\/posts\/45942\/revisions\/45944"}],"wp:featuredmedia":[{"embeddable":true,"href":"https:\/\/fedai.az\/index.php?rest_route=\/wp\/v2\/media\/45943"}],"wp:attachment":[{"href":"https:\/\/fedai.az\/index.php?rest_route=%2Fwp%2Fv2%2Fmedia&parent=45942"}],"wp:term":[{"taxonomy":"category","embeddable":true,"href":"https:\/\/fedai.az\/index.php?rest_route=%2Fwp%2Fv2%2Fcategories&post=45942"},{"taxonomy":"post_tag","embeddable":true,"href":"https:\/\/fedai.az\/index.php?rest_route=%2Fwp%2Fv2%2Ftags&post=45942"}],"curies":[{"name":"wp","href":"https:\/\/api.w.org\/{rel}","templated":true}]}}