{"id":45970,"date":"2021-08-21T00:15:09","date_gmt":"2021-08-20T20:15:09","guid":{"rendered":"https:\/\/fedai.az\/?p=45970"},"modified":"2021-08-21T00:15:13","modified_gmt":"2021-08-20T20:15:13","slug":"azay-quliyev-at%c9%99t-pa-nin-xususi-numay%c9%99nd%c9%99si-t%c9%99yin-edilib","status":"publish","type":"post","link":"https:\/\/fedai.az\/?p=45970","title":{"rendered":"Azay Quliyev AT\u018fT PA-n\u0131n X\u00fcsusi N\u00fcmay\u0259nd\u0259si t\u0259yin edilib"},"content":{"rendered":"\n<p><strong>AT\u018fT Parlament Assambleyas\u0131n\u0131n vitse-prezidenti Azay Quliyev qurumun prezidenti Marqareta Sederfelt t\u0259r\u0259find\u0259n AT\u018fT PA-n\u0131n C\u0259nub-\u015e\u0259rqi Avropa \u00fczr\u0259 X\u00fcsusi N\u00fcmay\u0259nd\u0259si t\u0259yin olunub.<\/strong><\/p>\n\n\n\n<p>AT\u018fT PA x\u0259b\u0259r verir ki, X\u00fcsusi N\u00fcmay\u0259nd\u0259 bir s\u0131ra m\u00fch\u00fcm s\u0259lahiyy\u0259tl\u0259r\u0259 malikdir. Bunlardan C\u0259nubi-\u015e\u0259rqi Avropa \u00f6lk\u0259l\u0259rind\u0259 siyasi v\u0259 se\u00e7ki prosesl\u0259rini, d\u00f6vl\u0259t quruculu\u011fu, regional \u0259m\u0259kda\u015fl\u0131q, b\u00f6lg\u0259 \u00f6lk\u0259l\u0259rinin m\u00fc\u0259yy\u0259n etdiyi xarici siyas\u0259t prioritetl\u0259rinin t\u0259kam\u00fcl\u00fc d\u0259 daxil olmaqla, b\u00f6lg\u0259d\u0259ki \u0259sas siyasi v\u0259 dig\u0259r hadis\u0259l\u0259rin monitorinqini qeyd etm\u0259k olar. Bundan ba\u015fqa X\u00fcsusi N\u00fcmay\u0259nd\u0259 Q\u0259rbi Balkanlar da daxil olmaqla, regional \u0259m\u0259kda\u015fl\u0131q prosesl\u0259rini inki\u015faf etdirm\u0259k \u00fc\u00e7\u00fcn parlament s\u0259viyy\u0259sind\u0259 \u0259m\u0259kda\u015fl\u0131\u011fa x\u00fcsusi yer ay\u0131rmal\u0131, regional dialoqun inki\u015faf\u0131na t\u00f6hf\u0259 verm\u0259lidir. Diqq\u0259ti c\u0259lb ed\u0259n \u0259sas m\u0259qamlardan biri d\u0259 odur ki, bu mandata AT\u018fT-in Sah\u0259 \u018fm\u0259liyyatlar\u0131n\u0131n d\u0259st\u0259kl\u0259nm\u0259si, AT\u018fT-l\u0259 AT\u018fT PA aras\u0131nda f\u0259aliyy\u0259tin \u0259laq\u0259l\u0259ndirilm\u0259si d\u0259 daxildir.<\/p>\n\n\n\n<p>X\u00fcsusi N\u00fcmay\u0259nd\u0259 C\u0259nub-\u015e\u0259rqi Avropada miqrasiya v\u0259 terrorizml\u0259 m\u00fcbariz\u0259 sah\u0259sind\u0259 AT\u018fT institutlar\u0131 il\u0259 Assambleyan\u0131n komit\u0259l\u0259ri aras\u0131nda kommunikasiyan\u0131n qurulmas\u0131na da k\u00f6m\u0259k ed\u0259c\u0259k.<\/p>\n\n\n\n<p>M\u0259nb\u0259: Teleqraf.com<\/p>\n","protected":false},"excerpt":{"rendered":"<p>AT\u018fT Parlament Assambleyas\u0131n\u0131n vitse-prezidenti Azay Quliyev qurumun prezidenti Marqareta Sederfelt t\u0259r\u0259find\u0259n AT\u018fT PA-n\u0131n C\u0259nub-\u015e\u0259rqi Avropa \u00fczr\u0259 X\u00fcsusi N\u00fcmay\u0259nd\u0259si t\u0259yin olunub. AT\u018fT PA x\u0259b\u0259r verir<\/p>\n","protected":false},"author":2,"featured_media":45971,"comment_status":"closed","ping_status":"closed","sticky":false,"template":"","format":"standard","meta":{"footnotes":""},"categories":[1],"tags":[],"class_list":["post-45970","post","type-post","status-publish","format-standard","has-post-thumbnail","hentry","category-siyast"],"aioseo_notices":[],"_links":{"self":[{"href":"https:\/\/fedai.az\/index.php?rest_route=\/wp\/v2\/posts\/45970","targetHints":{"allow":["GET"]}}],"collection":[{"href":"https:\/\/fedai.az\/index.php?rest_route=\/wp\/v2\/posts"}],"about":[{"href":"https:\/\/fedai.az\/index.php?rest_route=\/wp\/v2\/types\/post"}],"author":[{"embeddable":true,"href":"https:\/\/fedai.az\/index.php?rest_route=\/wp\/v2\/users\/2"}],"replies":[{"embeddable":true,"href":"https:\/\/fedai.az\/index.php?rest_route=%2Fwp%2Fv2%2Fcomments&post=45970"}],"version-history":[{"count":1,"href":"https:\/\/fedai.az\/index.php?rest_route=\/wp\/v2\/posts\/45970\/revisions"}],"predecessor-version":[{"id":45972,"href":"https:\/\/fedai.az\/index.php?rest_route=\/wp\/v2\/posts\/45970\/revisions\/45972"}],"wp:featuredmedia":[{"embeddable":true,"href":"https:\/\/fedai.az\/index.php?rest_route=\/wp\/v2\/media\/45971"}],"wp:attachment":[{"href":"https:\/\/fedai.az\/index.php?rest_route=%2Fwp%2Fv2%2Fmedia&parent=45970"}],"wp:term":[{"taxonomy":"category","embeddable":true,"href":"https:\/\/fedai.az\/index.php?rest_route=%2Fwp%2Fv2%2Fcategories&post=45970"},{"taxonomy":"post_tag","embeddable":true,"href":"https:\/\/fedai.az\/index.php?rest_route=%2Fwp%2Fv2%2Ftags&post=45970"}],"curies":[{"name":"wp","href":"https:\/\/api.w.org\/{rel}","templated":true}]}}