{"id":45975,"date":"2021-08-21T00:25:57","date_gmt":"2021-08-20T20:25:57","guid":{"rendered":"https:\/\/fedai.az\/?p=45975"},"modified":"2021-08-21T00:26:01","modified_gmt":"2021-08-20T20:26:01","slug":"nato-nun-bas-katibi-az%c9%99rbaycan-sulhm%c9%99ramlilarina-t%c9%99s%c9%99kkur-etdi","status":"publish","type":"post","link":"https:\/\/fedai.az\/?p=45975","title":{"rendered":"NATO-nun Ba\u015f katibi Az\u0259rbaycan s\u00fclhm\u0259raml\u0131lar\u0131na t\u0259\u015f\u0259kk\u00fcr etdi"},"content":{"rendered":"\n<p><strong>&#171;\u018ffqan\u0131standak\u0131 H\u0259mid Karzay Beyn\u0259lxalq Hava Liman\u0131n\u0131n t\u0259hl\u00fck\u0259sizliyin\u0259 verdiyi d\u0259st\u0259y\u0259 g\u00f6r\u0259 Az\u0259rbaycana minn\u0259tdar\u0131q&#187;.<\/strong><\/p>\n\n\n\n<p>Bunu NATO \u00f6lk\u0259l\u0259rinin xarici i\u015fl\u0259r nazirl\u0259rinin \u018ffqan\u0131standak\u0131 v\u0259ziyy\u0259tl\u0259 ba\u011fl\u0131 telekonfrans\u0131ndan sonra Alyans\u0131n Ba\u015f katibi Yens Stoltenberq jurnalistl\u0259rin suallar\u0131n\u0131 cavabland\u0131rark\u0259n deyib.<\/p>\n\n\n\n<p>Onun s\u00f6zl\u0259rin\u0259 g\u00f6r\u0259, NATO \u018ffqan\u0131standa terror t\u0259\u015fkilatlar\u0131n\u0131n t\u0259krar k\u00f6k sal\u0131nmas\u0131na imkan verm\u0259y\u0259c\u0259k.<\/p>\n\n\n\n<p>&#171;Haz\u0131rda d\u00fcnyan\u0131n g\u00f6z\u00fc \u018ffqan\u0131standad\u0131r. G\u00fcn \u0259rzind\u0259 fasil\u0259siz olaraq t\u0259xliy\u0259 i\u015fl\u0259ri apar\u0131r\u0131q. T\u00fcrkiy\u0259 bu prosesd\u0259 a\u00e7ar rolu oynay\u0131r. X\u00fcsusil\u0259, T\u00fcrkiy\u0259, AB\u015e v\u0259 B\u00f6y\u00fck Britaniyaya t\u0259\u015f\u0259kk\u00fcr edir\u0259m. Az\u0259rbaycana da hava liman\u0131n\u0131n t\u0259hl\u00fck\u0259sizliyinin t\u0259minat\u0131nda oynad\u0131\u011f\u0131 rola g\u00f6r\u0259 minn\u0259tdar\u0131q&#187;, &#8212; Y.Stoltenberq bildirib.<\/p>\n","protected":false},"excerpt":{"rendered":"<p>&#171;\u018ffqan\u0131standak\u0131 H\u0259mid Karzay Beyn\u0259lxalq Hava Liman\u0131n\u0131n t\u0259hl\u00fck\u0259sizliyin\u0259 verdiyi d\u0259st\u0259y\u0259 g\u00f6r\u0259 Az\u0259rbaycana minn\u0259tdar\u0131q&#187;. Bunu NATO \u00f6lk\u0259l\u0259rinin xarici i\u015fl\u0259r nazirl\u0259rinin \u018ffqan\u0131standak\u0131 v\u0259ziyy\u0259tl\u0259 ba\u011fl\u0131 telekonfrans\u0131ndan sonra Alyans\u0131n<\/p>\n","protected":false},"author":2,"featured_media":45976,"comment_status":"closed","ping_status":"closed","sticky":false,"template":"","format":"standard","meta":{"footnotes":""},"categories":[1],"tags":[],"class_list":["post-45975","post","type-post","status-publish","format-standard","has-post-thumbnail","hentry","category-siyast"],"aioseo_notices":[],"_links":{"self":[{"href":"https:\/\/fedai.az\/index.php?rest_route=\/wp\/v2\/posts\/45975","targetHints":{"allow":["GET"]}}],"collection":[{"href":"https:\/\/fedai.az\/index.php?rest_route=\/wp\/v2\/posts"}],"about":[{"href":"https:\/\/fedai.az\/index.php?rest_route=\/wp\/v2\/types\/post"}],"author":[{"embeddable":true,"href":"https:\/\/fedai.az\/index.php?rest_route=\/wp\/v2\/users\/2"}],"replies":[{"embeddable":true,"href":"https:\/\/fedai.az\/index.php?rest_route=%2Fwp%2Fv2%2Fcomments&post=45975"}],"version-history":[{"count":1,"href":"https:\/\/fedai.az\/index.php?rest_route=\/wp\/v2\/posts\/45975\/revisions"}],"predecessor-version":[{"id":45977,"href":"https:\/\/fedai.az\/index.php?rest_route=\/wp\/v2\/posts\/45975\/revisions\/45977"}],"wp:featuredmedia":[{"embeddable":true,"href":"https:\/\/fedai.az\/index.php?rest_route=\/wp\/v2\/media\/45976"}],"wp:attachment":[{"href":"https:\/\/fedai.az\/index.php?rest_route=%2Fwp%2Fv2%2Fmedia&parent=45975"}],"wp:term":[{"taxonomy":"category","embeddable":true,"href":"https:\/\/fedai.az\/index.php?rest_route=%2Fwp%2Fv2%2Fcategories&post=45975"},{"taxonomy":"post_tag","embeddable":true,"href":"https:\/\/fedai.az\/index.php?rest_route=%2Fwp%2Fv2%2Ftags&post=45975"}],"curies":[{"name":"wp","href":"https:\/\/api.w.org\/{rel}","templated":true}]}}