{"id":45978,"date":"2021-08-21T00:33:32","date_gmt":"2021-08-20T20:33:32","guid":{"rendered":"https:\/\/fedai.az\/?p=45978"},"modified":"2021-08-21T13:14:18","modified_gmt":"2021-08-21T09:14:18","slug":"45978","status":"publish","type":"post","link":"https:\/\/fedai.az\/?p=45978","title":{"rendered":"\u201cM\u0259n a\u00e7\u0131q elan edir\u0259m: \u018ffqan\u0131stan\u0131n \u0130slam \u018fmirliyi olaraq b\u00fct\u00fcn \u00f6lk\u0259l\u0259rd\u0259n daha \u00e7ox T\u00fcrkiy\u0259nin dostlu\u011funa, d\u0259st\u0259yin\u0259 v\u0259 i\u015f birliyin\u0259 ehtiyac\u0131 var&#187;"},"content":{"rendered":"\n<p><strong>\u201c\u018ffqan\u0131stan z\u0259ngin yeralt\u0131 s\u0259rv\u0259tl\u0259r\u0259 sahibdir. Lakin bunlar\u0131 emal ed\u0259c\u0259k q\u00fcvv\u0259miz yoxdur\u201d.<\/strong><\/p>\n\n\n\n<p><strong>Fedai.az<\/strong>&nbsp;x\u0259b\u0259r verir ki, \u201cTaliban\u201d s\u00f6z\u00e7\u00fcs\u00fc Suheyl \u015eahin bel\u0259 a\u00e7\u0131qlama verib. O bildirib ki, bu yataqlar\u0131n i\u015fl\u0259dilm\u0259si \u00fc\u00e7\u00fcn T\u00fcrkiy\u0259 il\u0259 \u0259m\u0259kda\u015fl\u0131q edil\u0259 bil\u0259r.<\/p>\n\n\n\n<p>\u201cTaliban\u201d olaraq T\u00fcrkiy\u0259 il\u0259 yax\u0131n m\u00fcnasib\u0259tl\u0259r i\u00e7ind\u0259 olduq. T\u00fcrkiy\u0259 bizim \u00fc\u00e7\u00fcn \u00e7ox \u0259h\u0259miyy\u0259tli bir aktyordur v\u0259 h\u0259m d\u0259 d\u00fcnyan\u0131n h\u00f6rm\u0259tli, g\u00fccl\u00fc bir \u00f6lk\u0259sidir. Eyni zamanda T\u00fcrkiy\u0259 \u0130slam \u00fcmm\u0259ti \u00fc\u00e7\u00fcn \u00f6z\u0259l bir yeri olan d\u00f6vl\u0259tdir. T\u00fcrkiy\u0259nin \u018ffqan\u0131stanla olan ba\u011flar\u0131n\u0131 he\u00e7 bir \u00f6lk\u0259 il\u0259 m\u00fcqayis\u0259 etm\u0259k olmaz.<\/p>\n\n\n\n<p>Bu s\u00f6zl\u0259ri 1994-c\u00fc ild\u0259n \u201cTaliban\u201d\u0131n qurulmas\u0131nda i\u015ftirak ed\u0259n v\u0259 bu g\u00fcn\u0259 q\u0259d\u0259r onun s\u00f6z\u00e7\u00fcs\u00fc v\u0259zif\u0259sini yerin\u0259 yetir\u0259n Suheyl \u015eahin \u201cT\u00fcrkiye Gazetesi\u201dn\u0259 m\u00fcsahib\u0259sind\u0259 deyib.<\/p>\n\n\n\n<p>\u201cTaliban\u201d s\u00f6z\u00e7\u00fcs\u00fc Suheyl \u015eahin bildirib: <strong>\u201cM\u0259n a\u00e7\u0131q elan edir\u0259m: \u018ffqan\u0131stan\u0131n \u0130slam \u018fmirliyi olaraq b\u00fct\u00fcn \u00f6lk\u0259l\u0259rd\u0259n daha \u00e7ox T\u00fcrkiy\u0259nin dostlu\u011funa, d\u0259st\u0259yin\u0259 v\u0259 i\u015f birliyin\u0259 ehtiyac\u0131 var. \u018ffqan\u0131stan\u0131n yeralt\u0131 z\u0259ngin s\u0259rv\u0259tl\u0259ri var. Amma bunlardan istifad\u0259 ed\u0259c\u0259k g\u00fcc\u00fcm\u00fcz yoxdur. \u0130\u015f\u011fal\u00e7\u0131 v\u0259 ya\u011fma\u00e7\u0131 hakimiyy\u0259tl\u0259r s\u0259b\u0259bind\u0259n infrastrukturumz \u00e7\u00f6k\u00fcb. S\u0259hiyy\u0259, t\u0259hsil, iqtisadiyyat, in\u015faat v\u0259 enerji sah\u0259l\u0259rind\u0259, habel\u0259 torpaqlar\u0131m\u0131z\u0131n alt\u0131nda olan s\u0259rv\u0259tl\u0259rin i\u015fl\u0259nm\u0259si istiqam\u0259tind\u0259 T\u00fcrkiy\u0259 il\u0259 \u0259m\u0259kda\u015fl\u0131q etm\u0259k ist\u0259yirik. Daxili \u015f\u0259rtl\u0259rin b\u0259lli olmas\u0131ndan sonra bu m\u00f6vzularda t\u00fcrk qarda\u015flar\u0131m\u0131z\u0131n t\u0259sirli rol oynamas\u0131 \u0259n b\u00f6y\u00fck g\u00f6zl\u0259ntimizdir\u201d.<\/strong><\/p>\n","protected":false},"excerpt":{"rendered":"<p>\u201c\u018ffqan\u0131stan z\u0259ngin yeralt\u0131 s\u0259rv\u0259tl\u0259r\u0259 sahibdir. Lakin bunlar\u0131 emal ed\u0259c\u0259k q\u00fcvv\u0259miz yoxdur\u201d. Fedai.az&nbsp;x\u0259b\u0259r verir ki, \u201cTaliban\u201d s\u00f6z\u00e7\u00fcs\u00fc Suheyl \u015eahin bel\u0259 a\u00e7\u0131qlama verib. O bildirib ki,<\/p>\n","protected":false},"author":2,"featured_media":45980,"comment_status":"closed","ping_status":"closed","sticky":false,"template":"","format":"standard","meta":{"footnotes":""},"categories":[13],"tags":[],"class_list":["post-45978","post","type-post","status-publish","format-standard","has-post-thumbnail","hentry","category-xarici"],"aioseo_notices":[],"_links":{"self":[{"href":"https:\/\/fedai.az\/index.php?rest_route=\/wp\/v2\/posts\/45978","targetHints":{"allow":["GET"]}}],"collection":[{"href":"https:\/\/fedai.az\/index.php?rest_route=\/wp\/v2\/posts"}],"about":[{"href":"https:\/\/fedai.az\/index.php?rest_route=\/wp\/v2\/types\/post"}],"author":[{"embeddable":true,"href":"https:\/\/fedai.az\/index.php?rest_route=\/wp\/v2\/users\/2"}],"replies":[{"embeddable":true,"href":"https:\/\/fedai.az\/index.php?rest_route=%2Fwp%2Fv2%2Fcomments&post=45978"}],"version-history":[{"count":2,"href":"https:\/\/fedai.az\/index.php?rest_route=\/wp\/v2\/posts\/45978\/revisions"}],"predecessor-version":[{"id":46070,"href":"https:\/\/fedai.az\/index.php?rest_route=\/wp\/v2\/posts\/45978\/revisions\/46070"}],"wp:featuredmedia":[{"embeddable":true,"href":"https:\/\/fedai.az\/index.php?rest_route=\/wp\/v2\/media\/45980"}],"wp:attachment":[{"href":"https:\/\/fedai.az\/index.php?rest_route=%2Fwp%2Fv2%2Fmedia&parent=45978"}],"wp:term":[{"taxonomy":"category","embeddable":true,"href":"https:\/\/fedai.az\/index.php?rest_route=%2Fwp%2Fv2%2Fcategories&post=45978"},{"taxonomy":"post_tag","embeddable":true,"href":"https:\/\/fedai.az\/index.php?rest_route=%2Fwp%2Fv2%2Ftags&post=45978"}],"curies":[{"name":"wp","href":"https:\/\/api.w.org\/{rel}","templated":true}]}}