{"id":45982,"date":"2021-08-21T00:38:15","date_gmt":"2021-08-20T20:38:15","guid":{"rendered":"https:\/\/fedai.az\/?p=45982"},"modified":"2021-08-21T00:38:24","modified_gmt":"2021-08-20T20:38:24","slug":"olk%c9%99-%c9%99razisind%c9%99-ictimai-n%c9%99qliyyatin-f%c9%99aliyy%c9%99ti-dayandirilib","status":"publish","type":"post","link":"https:\/\/fedai.az\/?p=45982","title":{"rendered":"\u00d6lk\u0259 \u0259razisind\u0259 ictimai n\u0259qliyyat\u0131n f\u0259aliyy\u0259ti dayand\u0131r\u0131l\u0131b"},"content":{"rendered":"\n<p><strong>Bu g\u00fcnd\u0259n avqustun 23-\u00fc saat 06:00-d\u0259k \u00f6lk\u0259 \u0259razisind\u0259 ictimai n\u0259qliyyat\u0131n f\u0259aliyy\u0259ti dayand\u0131r\u0131l\u0131r.<\/strong><\/p>\n\n\n\n<p>Nazirl\u0259r Kabineti yan\u0131nda Operativ Q\u0259rargah\u0131n q\u0259rar\u0131na \u0259sas\u0259n, 21 avqust saat 00:00-dan 23 avqust saat 06:00-d\u0259k \u00f6lk\u0259 \u0259razisind\u0259 ictimai n\u0259qliyyat, o c\u00fcml\u0259d\u0259n Bak\u0131 Metropoliteni f\u0259aliyy\u0259t g\u00f6st\u0259rm\u0259y\u0259c\u0259k.<\/p>\n","protected":false},"excerpt":{"rendered":"<p>Bu g\u00fcnd\u0259n avqustun 23-\u00fc saat 06:00-d\u0259k \u00f6lk\u0259 \u0259razisind\u0259 ictimai n\u0259qliyyat\u0131n f\u0259aliyy\u0259ti dayand\u0131r\u0131l\u0131r. Nazirl\u0259r Kabineti yan\u0131nda Operativ Q\u0259rargah\u0131n q\u0259rar\u0131na \u0259sas\u0259n, 21 avqust saat 00:00-dan 23<\/p>\n","protected":false},"author":2,"featured_media":45983,"comment_status":"closed","ping_status":"closed","sticky":false,"template":"","format":"standard","meta":{"footnotes":""},"categories":[3],"tags":[],"class_list":["post-45982","post","type-post","status-publish","format-standard","has-post-thumbnail","hentry","category-gundm"],"aioseo_notices":[],"_links":{"self":[{"href":"https:\/\/fedai.az\/index.php?rest_route=\/wp\/v2\/posts\/45982","targetHints":{"allow":["GET"]}}],"collection":[{"href":"https:\/\/fedai.az\/index.php?rest_route=\/wp\/v2\/posts"}],"about":[{"href":"https:\/\/fedai.az\/index.php?rest_route=\/wp\/v2\/types\/post"}],"author":[{"embeddable":true,"href":"https:\/\/fedai.az\/index.php?rest_route=\/wp\/v2\/users\/2"}],"replies":[{"embeddable":true,"href":"https:\/\/fedai.az\/index.php?rest_route=%2Fwp%2Fv2%2Fcomments&post=45982"}],"version-history":[{"count":1,"href":"https:\/\/fedai.az\/index.php?rest_route=\/wp\/v2\/posts\/45982\/revisions"}],"predecessor-version":[{"id":45984,"href":"https:\/\/fedai.az\/index.php?rest_route=\/wp\/v2\/posts\/45982\/revisions\/45984"}],"wp:featuredmedia":[{"embeddable":true,"href":"https:\/\/fedai.az\/index.php?rest_route=\/wp\/v2\/media\/45983"}],"wp:attachment":[{"href":"https:\/\/fedai.az\/index.php?rest_route=%2Fwp%2Fv2%2Fmedia&parent=45982"}],"wp:term":[{"taxonomy":"category","embeddable":true,"href":"https:\/\/fedai.az\/index.php?rest_route=%2Fwp%2Fv2%2Fcategories&post=45982"},{"taxonomy":"post_tag","embeddable":true,"href":"https:\/\/fedai.az\/index.php?rest_route=%2Fwp%2Fv2%2Ftags&post=45982"}],"curies":[{"name":"wp","href":"https:\/\/api.w.org\/{rel}","templated":true}]}}