{"id":46002,"date":"2021-08-21T01:31:05","date_gmt":"2021-08-20T21:31:05","guid":{"rendered":"https:\/\/fedai.az\/?p=46002"},"modified":"2021-08-21T01:31:35","modified_gmt":"2021-08-20T21:31:35","slug":"t%c9%99brik-polkovnik-leytenant-imran-musayev-63","status":"publish","type":"post","link":"https:\/\/fedai.az\/?p=46002","title":{"rendered":"T\u018fBR\u0130K: POLKOVN\u0130K-LEYTENANT IMRAN MUSAYEV &#8212; 63"},"content":{"rendered":"\n<p><strong>AZ\u018fRBAYCAN V\u018fT\u018fN M\u00dcHAR\u0130B\u018fS\u0130 VETERANLARI \u0130CT\u0130MA\u0130 B\u0130RL\u0130Y\u0130N\u0130N \u00dcZV\u00dc, M\u00dcHAR\u0130B\u018f V\u018f S\u0130LAHLI Q\u00dcVV\u018fL\u018fR VETERANI EHT\u0130YYATDA OLAN POLKOVN\u0130K-LEYTENAT IMRAN MUSAYEV\u0130N 63<\/strong> <strong>YA\u015eI TAMAM OLUB.<\/strong><\/p>\n\n\n\n<p><strong>&nbsp;&nbsp;&nbsp;&nbsp;<span class=\"has-inline-color has-vivid-red-color\"> AVMV\u0130B r\u0259hb\u0259rliyi v\u0259 Az\u0259rbaycan V\u0259t\u0259n M\u00fcharib\u0259si Veteranlar\u0131 \u0130ctimai Birliyinin (AVMV\u0130B) s\u0259dr m\u00fcavini polkovnik Salman Musayev, Az\u0259rbaycan V\u0259t\u0259n m\u00fcharib\u0259si Veteranlar\u0131 \u0130ctimai Birliyinin N\u0259rimanov rayon \u015e\u00f6b\u0259sinin \u00fczv\u00fc ehtiyyatda olan polkovnik leytenant Musayev \u0130mran \u0130kram o\u011flunu do\u011fum g\u00fcn\u00fc m\u00fcnasib\u0259ti il\u0259 s\u0259mimi q\u0259lbd\u0259n t\u0259brik edir, h\u0259yatda insan \u00fc\u00e7\u00fcn \u0259n \u015firin neym\u0259t olan m\u00f6hk\u0259m can sa\u011fl\u0131\u011f\u0131 v\u0259 h\u0259yat yollar\u0131nda bitib-t\u00fck\u0259nm\u0259y\u0259n naliyy\u0259tl\u0259r arzulay\u0131r.<\/span><\/strong><\/p>\n\n\n\n<p><strong>&nbsp;&nbsp;&nbsp;&nbsp; Qoy ya\u015f\u0131n\u0131n \u00fcst\u0259 g\u0259l\u0259n bu ya\u015f ona sevinc dolu g\u00fcnl\u0259r b\u0259x\u015f etsin, h\u0259r yeni g\u00fcn\u00fc is\u0259 \u00f6t\u0259n g\u00fcnl\u0259rd\u0259n daha g\u00f6z\u0259l ist\u0259kl\u0259rin\u0259 uy\u011fun,onu xo\u015fb\u0259xt ed\u0259c\u0259k \u015f\u0259kild\u0259 ke\u00e7sin. Amin!<\/strong><\/p>\n\n\n\n<figure class=\"wp-block-gallery columns-2 is-cropped wp-block-gallery-1 is-layout-flex wp-block-gallery-is-layout-flex\"><ul class=\"blocks-gallery-grid\"><li class=\"blocks-gallery-item\"><figure><img loading=\"lazy\" decoding=\"async\" width=\"603\" height=\"693\" src=\"https:\/\/fedai.az\/wp-content\/uploads\/2021\/08\/IMG-20210820-WA0010.jpg\" alt=\"\" data-id=\"46003\" data-link=\"https:\/\/fedai.az\/?attachment_id=46003\" class=\"wp-image-46003\" srcset=\"https:\/\/fedai.az\/wp-content\/uploads\/2021\/08\/IMG-20210820-WA0010.jpg 603w, https:\/\/fedai.az\/wp-content\/uploads\/2021\/08\/IMG-20210820-WA0010-261x300.jpg 261w, https:\/\/fedai.az\/wp-content\/uploads\/2021\/08\/IMG-20210820-WA0010-131x150.jpg 131w\" sizes=\"auto, (max-width: 603px) 100vw, 603px\" \/><\/figure><\/li><li class=\"blocks-gallery-item\"><figure><img loading=\"lazy\" decoding=\"async\" width=\"768\" height=\"1024\" src=\"https:\/\/fedai.az\/wp-content\/uploads\/2021\/08\/IMG-20210820-WA0012-768x1024.jpg\" alt=\"\" data-id=\"46004\" data-full-url=\"https:\/\/fedai.az\/wp-content\/uploads\/2021\/08\/IMG-20210820-WA0012.jpg\" data-link=\"https:\/\/fedai.az\/?attachment_id=46004\" class=\"wp-image-46004\" srcset=\"https:\/\/fedai.az\/wp-content\/uploads\/2021\/08\/IMG-20210820-WA0012-768x1024.jpg 768w, https:\/\/fedai.az\/wp-content\/uploads\/2021\/08\/IMG-20210820-WA0012-225x300.jpg 225w, https:\/\/fedai.az\/wp-content\/uploads\/2021\/08\/IMG-20210820-WA0012-113x150.jpg 113w, https:\/\/fedai.az\/wp-content\/uploads\/2021\/08\/IMG-20210820-WA0012.jpg 774w\" sizes=\"auto, (max-width: 768px) 100vw, 768px\" \/><\/figure><\/li><\/ul><\/figure>\n\n\n\n<p>&nbsp;&nbsp;&nbsp;&nbsp; M\u00fcharib\u0259 v\u0259 Silahll\u0131 Q\u00fcvv\u0259l\u0259r Veteran\u0131 ehtiyyatda olan polkovnik leytenant Musayev \u0130mran \u0130kram oglu&nbsp; 20 avqust 1958-ci ild\u0259 Xa\u00e7maz rayonuun Xudat \u015f\u0259h\u0259rind\u0259 anadan olub. O,1965 ci ild\u0259 Xudat \u015f\u0259h\u0259rind\u0259 birinci sinif\u0259 getmi\u015f, 1976-c\u0131 ild\u0259 h\u0259min m\u0259kt\u0259bi,1981- ci ill\u0259rd\u0259 is\u0259 SSR\u0130 Daxili \u0130\u015fl\u0259r Nazirliyinin Norilisk \u015f\u0259h\u0259rind\u0259 yerl\u0259\u015f\u0259n Xidm\u0259ti itl\u0259rin t\u0259tbiqi \u00fczr\u0259 m\u0259kt\u0259bi bitirmi\u015fdir.<\/p>\n\n\n\n<p>&nbsp;&nbsp;&nbsp;&nbsp; O, 1997-1978-ci il\u0259rd\u0259 SSRI M\u00fcdafi\u0259y\u0259 Nazirliyinin Piribaltika \u015f\u0259h\u0259rind\u0259 yerl\u0259\u015f\u0259n h\u0259rbi hiss\u0259sind\u0259 m\u00fcddd\u0259tli h\u0259qqi h\u0259rbi xidm\u0259td\u0259 olmu\u015fdur.<\/p>\n\n\n\n<p>1979-ci ild\u0259n-1992 -ci il\u0259 kimi Daxili \u0130\u015fl\u0259r Nazirliyinin Ba\u015f cinay\u0259t axtar\u0131\u015f idar\u0259snin xidm\u0259ti itl\u0259rin t\u0259tbiqi b\u00f6lm\u0259sind\u0259 m\u00fcxt\u0259lif v\u0259zif\u0259l\u0259rd\u0259 i\u015fl\u0259mi\u015fdir.1992-1994-c\u00fc il\u0259rd\u0259 Az\u0259rbaycan Respublikas\u0131n\u0131n Daxili \u0130\u015fl\u0259r Nazirliyinin Daxili Qo\u015funlar\u0131n Ba\u015f \u0130dar\u0259sinin X\u0259z\u0259r rayonunda yerl\u0259\u015f\u0259n m\u0259nt\u0259q\u0259nin&nbsp; r\u0259isi,1995-1999 -cu&nbsp; il\u0259rd\u0259 Daxili Qo\u015funlar\u0131n Ba\u015f \u0130dar\u0259sinin D\u00f6y\u00fc\u015f haz\u0131rl\u0131\u011f\u0131 idar\u0259sind\u0259 xidm\u0259t i\u015fl\u0259rin t\u0259tbiqi v\u0259 haz\u0131rl\u0131\u011f\u0131 \u00fczr\u0259 xidm\u0259t r\u0259isi, 2000- 2004-c\u00fc ill\u0259rd\u0259 Daxili Qo\u015funlar\u0131n Ba\u015f \u0130dar\u0259sinin \u018fm\u0259liyyat \u015f\u00f6b\u0259sind\u0259 xidm\u0259ti itl\u0259rin t\u0259tbiqi \u00fczr\u0259 ba\u015f zabit v\u0259zif\u0259sind\u0259, 2005-2008-ci ill\u0259rd\u0259 is\u0259 D\u00f6vl\u0259t S\u0259rh\u0259d xidm\u0259tind\u0259 N sayl\u0131 h\u0259rbi hiss\u0259nin komandiri v\u0259zif\u0259l\u0259rind\u0259 xidm\u0259t edib.<\/p>\n\n\n\n<p>&nbsp;&nbsp;&nbsp; Imran Musayev pe\u015f\u0259karl\u0131\u011f\u0131 v\u0259 humanistliyi il\u0259 secil\u0259n \u0259n m\u0259hsuldar d\u00f6vr\u00fcn\u00fcn&nbsp; 32 ild\u0259n cox \u015f\u0259r\u0259fli xidm\u0259ti yolunu Daxili \u0130\u015fl\u0259r Orqanlar\u0131nda v\u0259 h\u0259rbi xidm\u0259t\u0259 kecirib.<\/p>\n\n\n\n<p>&nbsp;&nbsp;&nbsp; O,Daxili Qo\u015funlara, h\u0259val\u0259 edilmi\u015f v\u0259zif\u0259l\u0259rin v\u0259 tap\u015f\u0131r\u0131qlar\u0131n\u0131n yerin\u0259 yetirilm\u0259sind\u0259, silahl\u0131 d\u0259st\u0259l\u0259rin z\u0259r\u0259rsizl\u0259\u015fdirilm\u0259sind\u0259,&nbsp; cinay\u0259tkarl\u0131\u011fa qar\u015f\u0131 m\u00fcbariz\u0259d\u0259, ictimai t\u0259hl\u00fck\u0259sizliyin t\u0259min edilm\u0259sind\u0259, D\u00f6vl\u0259tin \u0259razi b\u00fct\u00f6vl\u00fcn t\u0259min olunmas\u0131nda i\u015ftirak etdiyin\u0259 , d\u00f6y\u00fc\u015f&nbsp; v\u0259 x\u00fcsusi \u0259m\u0259liyyatlar zaman\u0131 igidlik g\u00f6st\u0259rdiyin\u0259, \u00f6z v\u0259zif\u0259l\u0259rini yerin\u0259 yetir\u0259rk\u0259n f\u0259riql\u0259ndiyin\u0259 g\u00f6r\u0259, Az\u0259rbaycan Respublikas\u0131 Prezidentinin 30 iyun 2002- ci tarixli S\u0259r\u0259ncam\u0131 il\u0259 Ehtiyyatda olan polkovnik- leytenant Musayev \u0130mran \u0130kram oglu &#171;H\u0259rbi xidm\u0259tl\u0259r\u0259 g\u00f6r\u0259 &#171;medal\u0131 il\u0259 t\u0259ltif olunub.<\/p>\n\n\n\n<figure class=\"wp-block-image size-large is-resized\"><img loading=\"lazy\" decoding=\"async\" src=\"https:\/\/fedai.az\/wp-content\/uploads\/2021\/08\/IMG-20210820-WA0013-768x1024.jpg\" alt=\"\" class=\"wp-image-46005\" width=\"908\" height=\"1211\" srcset=\"https:\/\/fedai.az\/wp-content\/uploads\/2021\/08\/IMG-20210820-WA0013-768x1024.jpg 768w, https:\/\/fedai.az\/wp-content\/uploads\/2021\/08\/IMG-20210820-WA0013-225x300.jpg 225w, https:\/\/fedai.az\/wp-content\/uploads\/2021\/08\/IMG-20210820-WA0013-113x150.jpg 113w, https:\/\/fedai.az\/wp-content\/uploads\/2021\/08\/IMG-20210820-WA0013.jpg 774w\" sizes=\"auto, (max-width: 908px) 100vw, 908px\" \/><\/figure>\n\n\n\n<p>&nbsp;&nbsp;&nbsp;&nbsp; \u0130mran Musayev Az\u0259rbaycan Respublikas\u0131 Konstitusiyas\u0131na,v\u0259 qanunlar\u0131na,h\u0259rbi and\u0131n, h\u0259rbi nizamnam\u0259l\u0259rin, xidm\u0259ti itl\u0259rin yeti\u015fdilm\u0259si ,haz\u0131rlanmas\u0131 v\u0259&nbsp; t\u0259tbiqi \u00fczr\u0259&nbsp; \u0259sasnam\u0259nin t\u0259l\u0259bl\u0259rin\u0259 v\u0259 v\u0259zif\u0259 borcuna \u0259m\u0259l etm\u0259kd\u0259 tabeliyind\u0259kil\u0259r ucun n\u00fcmn\u0259 olmu\u015fdur.<\/p>\n\n\n\n<p>&nbsp;&nbsp; O,V\u0259t\u0259n\u0259, D\u00f6vl\u0259t\u0259 v\u0259 xalqa s\u0259daq\u0259tl\u0259 xidm\u0259t etmi\u015fdir,\u0130mran Musayev Daxili \u0130\u015fl\u0259r Nazirliyinin Cinay\u0259t axtar\u0131\u015f ba\u015f idas\u0259nin xidm\u0259t itl\u0259rin t\u0259tbiqi \u00fczr\u0259 b\u00f6lm\u0259sind\u0259 v\u0259 Daxili Qosunlar Ba\u015f \u0130dar\u0259sind\u0259&nbsp; m\u00fcxt\u0259lif r\u0259hb\u0259r v\u0259zif\u0259l\u0259rd\u0259 xidm\u0259t etdiyi ill\u0259r \u0259rzind\u0259 bir sira komissiyalar\u0131n v\u0259 m\u0259qs\u0259dli quruplar\u0131n \u00fczv\u00fc olark\u0259n o,s\u0259m\u0259r\u0259li f\u0259aliyy\u0259t il\u0259, i\u015fg\u00fczar v\u0259 m\u0259n\u0259vi keyfiyy\u0259til\u0259 ,&nbsp; n\u0259z\u0259ri v\u0259&nbsp; praktiki biliyi il\u0259 \u00fcz\u0259rin\u0259 d\u00fcs\u0259n v\u0259zif\u0259l\u0259rin yerin\u0259 yetirilm\u0259sin\u0259 m\u0259suliyy\u0259tl\u0259 yana\u015fm\u0131\u015fd\u0131r<\/p>\n\n\n\n<p>&nbsp;&nbsp;&nbsp; Daxil \u0130\u015fl\u0259r Nazirliyinin Daxili Qo\u015funlar\u0131n\u0131n&nbsp; h\u0259rbi hiss\u0259l\u0259rind\u0259&nbsp; v\u0259 xidm\u0259ti itl\u0259rin saxlama m\u0259nt\u0259q\u0259l\u0259rind\u0259&nbsp; v\u0259 t\u0259lim \u015f\u0259h\u0259rclikl\u0259rind\u0259&nbsp; xidm\u0259ti itl\u0259rin yeti\u015fdirlm\u0259si, haz\u0131rlanmas\u0131 v\u0259 t\u0259tbiqi \u00fczr\u0259 m\u00fcasir t\u0259l\u0259bl\u0259r\u0259 uy\u011fun \u0259sasnam\u0259l\u0259rin, t\u0259lmatlar\u0131n, laz\u0131mi t\u0259minat normalar\u0131n,formala\u015fd\u0131r\u0131lm\u0131\u015f s\u0259n\u0259dl\u0259rin, ixtisas haz\u0131rl\u0131\u011f\u0131 \u00fczr\u0259 t\u0259dris proqramlar\u0131n, metodiki d\u0259rs v\u0259saitl\u0259rin haz\u0131rlanmas\u0131nda,xidm\u0259ti itl\u0259rin t\u0259tbiqi \u00fczr\u0259 ki\u00e7ik m\u00fct\u0259x\u0259ssisl\u0259rinin haz\u0131rlanmas\u0131nda, onlara laz\u0131m\u0131 metodiki t\u0259lim toplan\u0131\u015flar\u0131n\u0131n, m\u00fcvafiq kurslar\u0131n keyfiyy\u0259til\u0259&nbsp; kecirilm\u0259sind\u0259 ehtiyyatda olan polkovnik-leytenant \u0130mran Musayevin b\u00f6y\u00fck rolu olmu\u015fdur.<\/p>\n\n\n\n<figure class=\"wp-block-image size-large\"><img loading=\"lazy\" decoding=\"async\" width=\"1024\" height=\"768\" src=\"https:\/\/fedai.az\/wp-content\/uploads\/2021\/08\/IMG-20210820-WA0011-1024x768.jpg\" alt=\"\" class=\"wp-image-46006\" srcset=\"https:\/\/fedai.az\/wp-content\/uploads\/2021\/08\/IMG-20210820-WA0011-1024x768.jpg 1024w, https:\/\/fedai.az\/wp-content\/uploads\/2021\/08\/IMG-20210820-WA0011-300x225.jpg 300w, https:\/\/fedai.az\/wp-content\/uploads\/2021\/08\/IMG-20210820-WA0011-150x113.jpg 150w, https:\/\/fedai.az\/wp-content\/uploads\/2021\/08\/IMG-20210820-WA0011-768x576.jpg 768w, https:\/\/fedai.az\/wp-content\/uploads\/2021\/08\/IMG-20210820-WA0011.jpg 1032w\" sizes=\"auto, (max-width: 1024px) 100vw, 1024px\" \/><\/figure>\n\n\n\n<p>&nbsp;&nbsp;&nbsp; Polkovnik leytenant \u0130mran Musayev \u0130kram oglu Xidm\u0259td\u0259 f\u0259riql\u0259ndiyin\u0259 g\u00f6r\u0259 Az\u0259rbaycan Respublikas\u0131n\u0131n Daxili \u0130\u015fl\u0259r Nazirinin, Az\u0259rbaycan Respublikas\u0131n\u0131n D\u00f6vl\u0259t S\u0259rh\u0259d Xidm\u0259tinin r\u0259isinin, Daxili Qo\u015funlar Komandan\u0131n v\u0259 onun m\u00fcavinl\u0259rinin, xidm\u0259t etdiyi&nbsp; idar\u0259r\u0259l\u0259in r\u0259isl\u0259rinin m\u00fcvafiq \u0259mrl\u0259ri il\u0259 bir sira medallarla, &#171;\u018fla xidm\u0259tl\u0259r\u0259 g\u00f6r\u0259 &#171;d\u00f6\u015f v\u0259 &#171;yubiley &#171;medalarla t\u0259ltif edilib v\u0259 ona t\u0259\u015f\u0259kk\u00fcr elan edilib.<\/p>\n\n\n\n<p><strong>DO\u011eUM G\u00dcN\u00dcN M\u00dcBAR\u018fK OLSUN, \u0130MRAN!<\/strong><\/p>\n\n\n\n<p><strong>ALLAH S\u018fN\u0130 B\u00dcT\u00dcN ARZULARINA \u00c7ATDIRSIN!<\/strong><\/p>\n\n\n\n<p><strong>DA\u0130MA XO\u015eB\u018fXT V\u018f F\u0130RAVAN YA\u015eA.<\/strong><\/p>\n\n\n\n<p><strong>\u00d6MR\u00dcN UZUN OLSUN, 100 YA\u015eA!<\/strong><\/p>\n\n\n\n<p><strong>D\u0259rin h\u00f6rm\u0259tl\u0259, Az\u0259rbaycan V\u0259t\u0259n m\u00fcharib\u0259si Veteranlar\u0131 \u0130ctimai&nbsp; Birliyinin s\u0259dr m\u00fcavini polkovnik Salman Musayev<\/strong><\/p>\n\n\n\n<figure class=\"wp-block-gallery columns-2 is-cropped wp-block-gallery-2 is-layout-flex wp-block-gallery-is-layout-flex\"><ul class=\"blocks-gallery-grid\"><li class=\"blocks-gallery-item\"><figure><img loading=\"lazy\" decoding=\"async\" width=\"768\" height=\"1024\" src=\"https:\/\/fedai.az\/wp-content\/uploads\/2021\/08\/IMG-20210820-WA0012-1-768x1024.jpg\" alt=\"\" data-id=\"46007\" data-link=\"https:\/\/fedai.az\/?attachment_id=46007\" class=\"wp-image-46007\" srcset=\"https:\/\/fedai.az\/wp-content\/uploads\/2021\/08\/IMG-20210820-WA0012-1-768x1024.jpg 768w, https:\/\/fedai.az\/wp-content\/uploads\/2021\/08\/IMG-20210820-WA0012-1-225x300.jpg 225w, https:\/\/fedai.az\/wp-content\/uploads\/2021\/08\/IMG-20210820-WA0012-1-113x150.jpg 113w, https:\/\/fedai.az\/wp-content\/uploads\/2021\/08\/IMG-20210820-WA0012-1.jpg 774w\" sizes=\"auto, (max-width: 768px) 100vw, 768px\" \/><\/figure><\/li><li class=\"blocks-gallery-item\"><figure><img loading=\"lazy\" decoding=\"async\" width=\"600\" height=\"600\" src=\"https:\/\/fedai.az\/wp-content\/uploads\/2021\/08\/8265a327389da9fe4fdc2714b309120e-2-18.jpg\" alt=\"\" data-id=\"46008\" data-full-url=\"https:\/\/fedai.az\/wp-content\/uploads\/2021\/08\/8265a327389da9fe4fdc2714b309120e-2-18.jpg\" data-link=\"https:\/\/fedai.az\/?attachment_id=46008\" class=\"wp-image-46008\" srcset=\"https:\/\/fedai.az\/wp-content\/uploads\/2021\/08\/8265a327389da9fe4fdc2714b309120e-2-18.jpg 600w, https:\/\/fedai.az\/wp-content\/uploads\/2021\/08\/8265a327389da9fe4fdc2714b309120e-2-18-300x300.jpg 300w, https:\/\/fedai.az\/wp-content\/uploads\/2021\/08\/8265a327389da9fe4fdc2714b309120e-2-18-150x150.jpg 150w, https:\/\/fedai.az\/wp-content\/uploads\/2021\/08\/8265a327389da9fe4fdc2714b309120e-2-18-215x215.jpg 215w\" sizes=\"auto, (max-width: 600px) 100vw, 600px\" \/><\/figure><\/li><\/ul><\/figure>\n","protected":false},"excerpt":{"rendered":"<p>AZ\u018fRBAYCAN V\u018fT\u018fN M\u00dcHAR\u0130B\u018fS\u0130 VETERANLARI \u0130CT\u0130MA\u0130 B\u0130RL\u0130Y\u0130N\u0130N \u00dcZV\u00dc, M\u00dcHAR\u0130B\u018f V\u018f S\u0130LAHLI Q\u00dcVV\u018fL\u018fR VETERANI EHT\u0130YYATDA OLAN POLKOVN\u0130K-LEYTENAT IMRAN MUSAYEV\u0130N 63 YA\u015eI TAMAM OLUB. &nbsp;&nbsp;&nbsp;&nbsp; AVMV\u0130B r\u0259hb\u0259rliyi<\/p>\n","protected":false},"author":2,"featured_media":46010,"comment_status":"closed","ping_status":"closed","sticky":false,"template":"","format":"standard","meta":{"footnotes":""},"categories":[5],"tags":[],"class_list":["post-46002","post","type-post","status-publish","format-standard","has-post-thumbnail","hentry","category-veteran"],"aioseo_notices":[],"_links":{"self":[{"href":"https:\/\/fedai.az\/index.php?rest_route=\/wp\/v2\/posts\/46002","targetHints":{"allow":["GET"]}}],"collection":[{"href":"https:\/\/fedai.az\/index.php?rest_route=\/wp\/v2\/posts"}],"about":[{"href":"https:\/\/fedai.az\/index.php?rest_route=\/wp\/v2\/types\/post"}],"author":[{"embeddable":true,"href":"https:\/\/fedai.az\/index.php?rest_route=\/wp\/v2\/users\/2"}],"replies":[{"embeddable":true,"href":"https:\/\/fedai.az\/index.php?rest_route=%2Fwp%2Fv2%2Fcomments&post=46002"}],"version-history":[{"count":2,"href":"https:\/\/fedai.az\/index.php?rest_route=\/wp\/v2\/posts\/46002\/revisions"}],"predecessor-version":[{"id":46011,"href":"https:\/\/fedai.az\/index.php?rest_route=\/wp\/v2\/posts\/46002\/revisions\/46011"}],"wp:featuredmedia":[{"embeddable":true,"href":"https:\/\/fedai.az\/index.php?rest_route=\/wp\/v2\/media\/46010"}],"wp:attachment":[{"href":"https:\/\/fedai.az\/index.php?rest_route=%2Fwp%2Fv2%2Fmedia&parent=46002"}],"wp:term":[{"taxonomy":"category","embeddable":true,"href":"https:\/\/fedai.az\/index.php?rest_route=%2Fwp%2Fv2%2Fcategories&post=46002"},{"taxonomy":"post_tag","embeddable":true,"href":"https:\/\/fedai.az\/index.php?rest_route=%2Fwp%2Fv2%2Ftags&post=46002"}],"curies":[{"name":"wp","href":"https:\/\/api.w.org\/{rel}","templated":true}]}}