{"id":46012,"date":"2021-08-21T01:58:00","date_gmt":"2021-08-20T21:58:00","guid":{"rendered":"https:\/\/fedai.az\/?p=46012"},"modified":"2021-08-21T01:58:05","modified_gmt":"2021-08-20T21:58:05","slug":"hulusi-akar-qarabagla-bagli-s%c9%99rt-aciqlama-verdi-hec-k%c9%99sin-subh%c9%99si-olmasin","status":"publish","type":"post","link":"https:\/\/fedai.az\/?p=46012","title":{"rendered":"Hulusi Akar Qaraba\u011fla ba\u011fl\u0131 S\u018fRT A\u00c7IQLAMA verdi: &#171;He\u00e7 k\u0259sin \u015f\u00fcbh\u0259si olmas\u0131n!&#187;"},"content":{"rendered":"\n<p><strong>&#171;\u0130\u015f\u011faldan azad edilmi\u015f Qaraba\u011f torpaqlar\u0131nda Erm\u0259nistan Silahl\u0131 Q\u00fcvv\u0259l\u0259ri t\u0259r\u0259find\u0259n at\u0259\u015fk\u0259sin pozulmas\u0131 hallar\u0131n\u0131 v\u0259 bununla \u0259laq\u0259dar b\u00fct\u00fcn hadis\u0259l\u0259ri yax\u0131ndan izl\u0259yirik&#187;.<\/strong><\/p>\n\n\n\n<p>Bunu &#171;Report&#187;a&nbsp;a\u00e7\u0131qlamas\u0131nda T\u00fcrkiy\u0259nin milli m\u00fcdafi\u0259 naziri Hulusi Akar bildirib.<\/p>\n\n\n\n<p>Nazir Az\u0259rbaycan v\u0259 T\u00fcrkiy\u0259nin d\u00f6vl\u0259t ba\u015f\u00e7\u0131lar\u0131, habel\u0259 m\u00fcdafi\u0259 nazirl\u0259ri s\u0259viyy\u0259sind\u0259 s\u0131x m\u00fczakir\u0259l\u0259rin apar\u0131ld\u0131\u011f\u0131n\u0131 qeyd edib:<\/p>\n\n\n\n<p>&#171;\u00d6lk\u0259 ba\u015f\u00e7\u0131lar\u0131 &#8212; R\u0259c\u0259b Tayyib \u018frdo\u011fan v\u0259 \u0130lham \u018fliyev, h\u0259m\u00e7inin m\u0259n v\u0259 d\u0259y\u0259rli m\u00fcdafi\u0259 naziri Zakir H\u0259s\u0259novla gec\u0259-g\u00fcnd\u00fcz dem\u0259d\u0259n t\u0259maslar\u0131m\u0131z\u0131 davam etdiririk. Dolay\u0131s\u0131yla, azad edilmi\u015f torpaqlarda at\u0259\u015fk\u0259sin pozulmas\u0131 hallar\u0131n\u0131 yax\u0131ndan m\u00fc\u015fahid\u0259 edirik, t\u0259l\u0259bimiz v\u0259 arzumuz is\u0259 ondan ibar\u0259tdir ki, Erm\u0259nistan\u0131n h\u0259rbi-siyasi r\u0259hb\u0259rliyi bu kimi hallara son qoysun v\u0259&nbsp;regiona s\u00fclh, \u0259min-amanl\u0131q g\u0259lsin&#187;.<\/p>\n\n\n\n<p>Hulusi Akar, Az\u0259rbaycan v\u0259 T\u00fcrkiy\u0259nin daim s\u00fclh\u00fcn v\u0259 rifah\u0131n t\u0259min edilm\u0259si \u00fc\u00e7\u00fcn laz\u0131mi add\u0131mlar\u0131 atd\u0131\u011f\u0131n\u0131 vur\u011fulay\u0131b:<\/p>\n\n\n\n<p>&#171;Bu m\u0259nada, qeyd etdiyimiz at\u0259\u015fk\u0259sin pozulmas\u0131 hallar\u0131n\u0131n he\u00e7 kim\u0259 bir faydas\u0131 yoxdur. T\u00fcrkiy\u0259 olaraq biz, d\u00fcn\u0259n d\u0259, bu g\u00fcn d\u0259 Az\u0259rbaycan\u0131n yan\u0131nday\u0131q v\u0259 onun haql\u0131 m\u00fcbariz\u0259sini d\u0259st\u0259kl\u0259yirik. Bu d\u0259st\u0259yi sonad\u0259k davam etdir\u0259c\u0259yimiz\u0259 he\u00e7 kimin \u015f\u00fcbh\u0259si olmas\u0131n&#187; &#8212; nazir, \u0259lav\u0259 edib.<\/p>\n","protected":false},"excerpt":{"rendered":"<p>&#171;\u0130\u015f\u011faldan azad edilmi\u015f Qaraba\u011f torpaqlar\u0131nda Erm\u0259nistan Silahl\u0131 Q\u00fcvv\u0259l\u0259ri t\u0259r\u0259find\u0259n at\u0259\u015fk\u0259sin pozulmas\u0131 hallar\u0131n\u0131 v\u0259 bununla \u0259laq\u0259dar b\u00fct\u00fcn hadis\u0259l\u0259ri yax\u0131ndan izl\u0259yirik&#187;. Bunu &#171;Report&#187;a&nbsp;a\u00e7\u0131qlamas\u0131nda T\u00fcrkiy\u0259nin milli m\u00fcdafi\u0259<\/p>\n","protected":false},"author":2,"featured_media":46013,"comment_status":"closed","ping_status":"closed","sticky":false,"template":"","format":"standard","meta":{"footnotes":""},"categories":[3],"tags":[],"class_list":["post-46012","post","type-post","status-publish","format-standard","has-post-thumbnail","hentry","category-gundm"],"aioseo_notices":[],"_links":{"self":[{"href":"https:\/\/fedai.az\/index.php?rest_route=\/wp\/v2\/posts\/46012","targetHints":{"allow":["GET"]}}],"collection":[{"href":"https:\/\/fedai.az\/index.php?rest_route=\/wp\/v2\/posts"}],"about":[{"href":"https:\/\/fedai.az\/index.php?rest_route=\/wp\/v2\/types\/post"}],"author":[{"embeddable":true,"href":"https:\/\/fedai.az\/index.php?rest_route=\/wp\/v2\/users\/2"}],"replies":[{"embeddable":true,"href":"https:\/\/fedai.az\/index.php?rest_route=%2Fwp%2Fv2%2Fcomments&post=46012"}],"version-history":[{"count":1,"href":"https:\/\/fedai.az\/index.php?rest_route=\/wp\/v2\/posts\/46012\/revisions"}],"predecessor-version":[{"id":46014,"href":"https:\/\/fedai.az\/index.php?rest_route=\/wp\/v2\/posts\/46012\/revisions\/46014"}],"wp:featuredmedia":[{"embeddable":true,"href":"https:\/\/fedai.az\/index.php?rest_route=\/wp\/v2\/media\/46013"}],"wp:attachment":[{"href":"https:\/\/fedai.az\/index.php?rest_route=%2Fwp%2Fv2%2Fmedia&parent=46012"}],"wp:term":[{"taxonomy":"category","embeddable":true,"href":"https:\/\/fedai.az\/index.php?rest_route=%2Fwp%2Fv2%2Fcategories&post=46012"},{"taxonomy":"post_tag","embeddable":true,"href":"https:\/\/fedai.az\/index.php?rest_route=%2Fwp%2Fv2%2Ftags&post=46012"}],"curies":[{"name":"wp","href":"https:\/\/api.w.org\/{rel}","templated":true}]}}