{"id":46015,"date":"2021-08-21T02:08:02","date_gmt":"2021-08-20T22:08:02","guid":{"rendered":"https:\/\/fedai.az\/?p=46015"},"modified":"2021-08-21T02:08:06","modified_gmt":"2021-08-20T22:08:06","slug":"boris-conson-talibanla-isl%c9%99m%c9%99y%c9%99-haziriq","status":"publish","type":"post","link":"https:\/\/fedai.az\/?p=46015","title":{"rendered":"Boris Conson: \u201cTaliban\u201dla i\u015fl\u0259m\u0259y\u0259 haz\u0131r\u0131q\u201d"},"content":{"rendered":"\n<p><strong>Britaniyan\u0131n Ba\u015f naziri Boris Conson \u018ffqan\u0131stan b\u00f6hran\u0131n\u0131n diplomatik v\u0259 siyasi h\u0259lli yolunda \u201cTaliban\u201d h\u0259r\u0259kat\u0131n\u0131n n\u00fcmay\u0259nd\u0259l\u0259ri il\u0259 i\u015fl\u0259m\u0259y\u0259 haz\u0131r oldu\u011funu z\u0259man\u0259t verib.<\/strong><\/p>\n\n\n\n<p>Teleqraf.com\u00a0x\u0259b\u0259r verir ki, Consan bu bar\u0259d\u0259 \u201cCobra\u201d f\u00f6vq\u0259lad\u0259 komit\u0259sinin iclas\u0131ndan sonra \u201cSky News\u201da a\u00e7\u0131qlamas\u0131nda bildirib.<\/p>\n\n\n\n<p>\u201c\u0130nsanlar\u0131 \u0259min etm\u0259k ist\u0259yir\u0259m ki, \u018ffqan\u0131standak\u0131 v\u0259ziyy\u0259t\u0259 siyasi v\u0259 diplomatik h\u0259ll yollar\u0131 axtarma\u011fa davam ed\u0259c\u0259yik v\u0259 \u0259lb\u0259tt\u0259 ki, z\u0259rur\u0259t yarand\u0131qda \u201cTaliban\u201dla i\u015fl\u0259y\u0259c\u0259yik\u201d, dey\u0259 Conson vur\u011fulay\u0131b.<\/p>\n\n\n\n<p>Ba\u015f nazir \u0259lav\u0259 edib ki, \u018ffqan\u0131standa v\u0259ziyy\u0259t bir q\u0259d\u0259r yax\u015f\u0131la\u015f\u0131b: \u201cV\u0259ziyy\u0259t bir az da yax\u015f\u0131la\u015f\u0131r v\u0259 Kabil hava liman\u0131nda sabitlik g\u00f6r\u00fcr\u00fck\u201d.<\/p>\n","protected":false},"excerpt":{"rendered":"<p>Britaniyan\u0131n Ba\u015f naziri Boris Conson \u018ffqan\u0131stan b\u00f6hran\u0131n\u0131n diplomatik v\u0259 siyasi h\u0259lli yolunda \u201cTaliban\u201d h\u0259r\u0259kat\u0131n\u0131n n\u00fcmay\u0259nd\u0259l\u0259ri il\u0259 i\u015fl\u0259m\u0259y\u0259 haz\u0131r oldu\u011funu z\u0259man\u0259t verib. Teleqraf.com\u00a0x\u0259b\u0259r verir ki,<\/p>\n","protected":false},"author":2,"featured_media":46016,"comment_status":"closed","ping_status":"closed","sticky":false,"template":"","format":"standard","meta":{"footnotes":""},"categories":[13],"tags":[],"class_list":["post-46015","post","type-post","status-publish","format-standard","has-post-thumbnail","hentry","category-xarici"],"aioseo_notices":[],"_links":{"self":[{"href":"https:\/\/fedai.az\/index.php?rest_route=\/wp\/v2\/posts\/46015","targetHints":{"allow":["GET"]}}],"collection":[{"href":"https:\/\/fedai.az\/index.php?rest_route=\/wp\/v2\/posts"}],"about":[{"href":"https:\/\/fedai.az\/index.php?rest_route=\/wp\/v2\/types\/post"}],"author":[{"embeddable":true,"href":"https:\/\/fedai.az\/index.php?rest_route=\/wp\/v2\/users\/2"}],"replies":[{"embeddable":true,"href":"https:\/\/fedai.az\/index.php?rest_route=%2Fwp%2Fv2%2Fcomments&post=46015"}],"version-history":[{"count":1,"href":"https:\/\/fedai.az\/index.php?rest_route=\/wp\/v2\/posts\/46015\/revisions"}],"predecessor-version":[{"id":46017,"href":"https:\/\/fedai.az\/index.php?rest_route=\/wp\/v2\/posts\/46015\/revisions\/46017"}],"wp:featuredmedia":[{"embeddable":true,"href":"https:\/\/fedai.az\/index.php?rest_route=\/wp\/v2\/media\/46016"}],"wp:attachment":[{"href":"https:\/\/fedai.az\/index.php?rest_route=%2Fwp%2Fv2%2Fmedia&parent=46015"}],"wp:term":[{"taxonomy":"category","embeddable":true,"href":"https:\/\/fedai.az\/index.php?rest_route=%2Fwp%2Fv2%2Fcategories&post=46015"},{"taxonomy":"post_tag","embeddable":true,"href":"https:\/\/fedai.az\/index.php?rest_route=%2Fwp%2Fv2%2Ftags&post=46015"}],"curies":[{"name":"wp","href":"https:\/\/api.w.org\/{rel}","templated":true}]}}