{"id":46018,"date":"2021-08-21T02:25:23","date_gmt":"2021-08-20T22:25:23","guid":{"rendered":"https:\/\/fedai.az\/?p=46018"},"modified":"2021-08-21T02:25:25","modified_gmt":"2021-08-20T22:25:25","slug":"t%c9%99brik-polkovnik-leytenant-qasimov-namaz-66","status":"publish","type":"post","link":"https:\/\/fedai.az\/?p=46018","title":{"rendered":"T\u018fBR\u0130K: POLKOVN\u0130K- LEYTENANT QASIMOV NAMAZ &#8212; 66"},"content":{"rendered":"\n<p><strong>\u00a0<span class=\"has-inline-color has-vivid-red-color\">Az\u0259rbaycan V\u0259t\u0259n M\u00fcharib\u0259si Veteranlari \u0130ctimai Birliyi (AVMV\u0130B) r\u0259hb\u0259rliyi v\u0259 Az\u0259rbaycan V\u0259t\u0259n M\u00fcharib\u0259si Veteranlar\u0131 \u0130ctimai Birliyinin s\u0259dr m\u00fcavini polkovnik Salman Musayev ehtiyyatda olan polkovnik- leytenant Namaz Qas\u0131movu do\u011fum g\u00fcn\u00fc m\u00fcnasib\u0259til\u0259 s\u0259mimi q\u0259lbd\u0259n t\u0259brik edir, h\u0259yatda insan \u00fcc\u00fcn \u0259n \u015firin neym\u0259t olan m\u00f6hk\u0259m can sa\u011fl\u0131\u011f\u0131 v\u0259 h\u0259yat yolarinda bitib- t\u00fck\u0259nm\u0259y\u0259n nailiyy\u0259tl\u0259r arzulay\u0131r.<\/span><\/strong><\/p>\n\n\n\n<p><strong>\u00a0Qoy ya\u015f\u0131n\u0131n \u00fcst\u0259 g\u0259l\u0259n bu ya\u015f ona sevinc dolu g\u00fcnl\u0259r b\u0259x\u015f etsin, h\u0259r yeni g\u00fcn\u00fc is\u0259 \u00f6t\u0259n g\u00fcnl\u0259rd\u0259n daha g\u00f6z\u0259l ist\u0259kl\u0259rin\u0259 uy\u011fun onu xo\u015fb\u0259xt ed\u0259c\u0259k \u015f\u0259kild\u0259 ke\u00e7sin.<\/strong><\/p>\n\n\n\n<p><strong>M\u00fcharib\u0259 v\u0259 Silahll Quvv\u0259l\u0259r Veteran\u0131 ehtiyyatda olan polkovnik leytenant&nbsp; Qas\u0131mov Namaz Araz o\u011flu 21 avqust 1955- ci ild\u0259 Lac\u0131n rayonunun Hac\u0131xanl\u0131 k\u0259ndind\u0259 anadan olub.<\/strong><\/p>\n\n\n\n<figure class=\"wp-block-gallery columns-2 is-cropped wp-block-gallery-1 is-layout-flex wp-block-gallery-is-layout-flex\"><ul class=\"blocks-gallery-grid\"><li class=\"blocks-gallery-item\"><figure><img loading=\"lazy\" decoding=\"async\" width=\"761\" height=\"1024\" src=\"https:\/\/fedai.az\/wp-content\/uploads\/2021\/08\/IMG-20210819-WA0008-761x1024.jpg\" alt=\"\" data-id=\"46019\" data-link=\"https:\/\/fedai.az\/?attachment_id=46019\" class=\"wp-image-46019\" srcset=\"https:\/\/fedai.az\/wp-content\/uploads\/2021\/08\/IMG-20210819-WA0008-761x1024.jpg 761w, https:\/\/fedai.az\/wp-content\/uploads\/2021\/08\/IMG-20210819-WA0008-223x300.jpg 223w, https:\/\/fedai.az\/wp-content\/uploads\/2021\/08\/IMG-20210819-WA0008-111x150.jpg 111w, https:\/\/fedai.az\/wp-content\/uploads\/2021\/08\/IMG-20210819-WA0008-768x1034.jpg 768w, https:\/\/fedai.az\/wp-content\/uploads\/2021\/08\/IMG-20210819-WA0008.jpg 951w\" sizes=\"auto, (max-width: 761px) 100vw, 761px\" \/><\/figure><\/li><li class=\"blocks-gallery-item\"><figure><img loading=\"lazy\" decoding=\"async\" width=\"646\" height=\"1024\" src=\"https:\/\/fedai.az\/wp-content\/uploads\/2021\/08\/b6-3-646x1024.jpg\" alt=\"\" data-id=\"46020\" data-full-url=\"https:\/\/fedai.az\/wp-content\/uploads\/2021\/08\/b6-3.jpg\" data-link=\"https:\/\/fedai.az\/?attachment_id=46020\" class=\"wp-image-46020\" srcset=\"https:\/\/fedai.az\/wp-content\/uploads\/2021\/08\/b6-3-646x1024.jpg 646w, https:\/\/fedai.az\/wp-content\/uploads\/2021\/08\/b6-3-189x300.jpg 189w, https:\/\/fedai.az\/wp-content\/uploads\/2021\/08\/b6-3-95x150.jpg 95w, https:\/\/fedai.az\/wp-content\/uploads\/2021\/08\/b6-3-768x1217.jpg 768w, https:\/\/fedai.az\/wp-content\/uploads\/2021\/08\/b6-3-969x1536.jpg 969w, https:\/\/fedai.az\/wp-content\/uploads\/2021\/08\/b6-3.jpg 1046w\" sizes=\"auto, (max-width: 646px) 100vw, 646px\" \/><\/figure><\/li><\/ul><\/figure>\n\n\n\n<p>\u00a0O, 1962-1972-ci ill\u0259rd\u0259 Lac\u0131n rayonunun Hac\u0131xanl\u0131 k\u0259ndind\u0259 orta m\u0259kt\u0259bd\u0259 oxumu\u015fdur. 1984-ci ild\u0259 SSR\u0130 Daxili \u0130\u015fl\u0259r Nazirliyinin Petrovski ad\u0131na Xarkov Texniki Yang\u0131ndan M\u00fchafiz\u0259 m\u0259kt\u0259bin\u0259 daxil olmu\u015f, 1988-ci ild\u0259 h\u0259min m\u0259kt\u0259bi,1992-ci ild\u0259 is\u0259 Qaraheyb\u0259td\u0259 b\u00f6luk komandiri kursunu bitirmi\u015fdir.<\/p>\n\n\n\n<p>Namaz Qas\u0131mov 1974-1976-c\u0131 ill\u0259rd\u0259 SSR\u0130 M\u00fcdafi\u0259 Nazirliyinin D\u0259miryol Qo\u015funlar\u0131n\u0131n \u00dckrayna respublikas\u0131nda yerl\u0259\u015f\u0259n h\u0259rbi hiss\u0259sind\u0259&nbsp; m\u00fcddd\u0259tli h\u0259qqi h\u0259rbi xidm\u0259t \u00e7avu\u015fu v\u0259zif\u0259sind\u0259 v\u0259 h\u0259rbi r\u00fctb\u0259sind\u0259 xidm\u0259t edib.<\/p>\n\n\n\n<p>&nbsp;&nbsp;&nbsp; Ehtiyyatda olan polkovnik leytenant Namaz Qas\u0131mov 197ci ild\u0259n &#8212; 2009- c\u00fc ilin sentyabr ayina kimi Daxili \u0130\u015fl\u0259r Nazirliyinin Sumqay\u0131t \u015f\u0259h\u0259rind\u0259 yerl\u0259\u015f\u0259n Yan\u011f\u0131ndan M\u00fchafiz\u0259&nbsp; His\u0259sind\u0259 yangin s\u00f6nd\u00fcrm\u0259 n\u0259f\u0259ri v\u0259 Qarovul r\u0259isi, Az\u0259rbaycan Respublikas\u0131n\u0131n Daxili \u0130\u015fl\u0259r Nazirliyinin Daxili Qo\u015funlar\u0131n\u0131n Ba\u015f \u0130dar\u0259sinin Sumqay\u0131t \u015f\u0259h\u0259rind\u0259, La\u00e7\u0131n,X\u0259z\u0259r Hac\u0131qabul,&nbsp; Quba rayonlar\u0131nda yerl\u0259\u015f\u0259n v\u0259 A\u011fdam rayonuna ezam olmu\u015f h\u0259rbi hiss\u0259l\u0259rd\u0259&nbsp; taqim v\u0259 b\u00f6luk komandiri, d\u00f6y\u00fc\u015f haz\u0131rl\u0131\u011f\u0131 b\u00f6lm\u0259 r\u0259isinin k\u00f6m\u0259k\u00e7isi, M\u0259nzil-istismar xidm\u0259tinin r\u0259isi, \u018flahidd\u0259 h\u0259rbi hiss\u0259nin q\u0259rargah r\u0259isi, H\u0259rbi hiss\u0259 komandirinin Maddi texniki t\u0259minat xidmetleri \u00fczr\u0259 m\u00fcavini, Daxili Qo\u015funlar\u0131n Bas \u0130dar\u0259sinin M\u0259nzil- istismar xidm\u0259tind\u0259 is\u0259 yan\u011f\u0131ndan&nbsp; m\u00fchafiz\u0259 \u00fczr\u0259 m\u00fcf\u0259tti\u015f v\u0259zif\u0259sind\u0259 xidm\u0259t edib.<\/p>\n\n\n\n<p>&nbsp;&nbsp;&nbsp; Polkovnik- leytenant&nbsp; Namaz Qas\u0131mov Dax\u0131l\u0131 \u0130\u015fl\u0259r Nazirliyinin Sumqay\u0131t \u015f\u0259h\u0259rind\u0259 yerl\u0259\u015f\u0259n&nbsp; Yan\u011f\u0131ndan m\u00fchafiz\u0259&nbsp; hiss\u0259sind\u0259&nbsp; v\u0259 Daxili \u0130\u015fl\u0259r Nazirliyinin&nbsp; Daxili Qosunlar\u0131nda m\u00fcxt\u0259lif v\u0259zif\u0259l\u0259rd\u0259 xidm\u0259t etdiyi ill\u0259r \u0259rzind\u0259 Az\u0259rbaycan Respublikas\u0131n\u0131n Konstitusiyas\u0131na, qanunlar\u0131na, h\u0259rbi and\u0131n, h\u0259rbi nizamnam\u0259l\u0259rin t\u0259l\u0259bl\u0259rin\u0259 v\u0259 v\u0259zif\u0259 borcuna \u0259m\u0259l etm\u0259kd\u0259 tabeliyind\u0259kil\u0259r ucun n\u00fcmn\u0259 olmu\u015fdur.<\/p>\n\n\n\n<figure class=\"wp-block-image size-large\"><img loading=\"lazy\" decoding=\"async\" width=\"1024\" height=\"754\" src=\"https:\/\/fedai.az\/wp-content\/uploads\/2021\/08\/v4-1-1024x754.jpg\" alt=\"\" class=\"wp-image-46021\" srcset=\"https:\/\/fedai.az\/wp-content\/uploads\/2021\/08\/v4-1-1024x754.jpg 1024w, https:\/\/fedai.az\/wp-content\/uploads\/2021\/08\/v4-1-300x221.jpg 300w, https:\/\/fedai.az\/wp-content\/uploads\/2021\/08\/v4-1-150x111.jpg 150w, https:\/\/fedai.az\/wp-content\/uploads\/2021\/08\/v4-1-768x566.jpg 768w, https:\/\/fedai.az\/wp-content\/uploads\/2021\/08\/v4-1.jpg 1079w\" sizes=\"auto, (max-width: 1024px) 100vw, 1024px\" \/><\/figure>\n\n\n\n<p>\u00a0\u00a0\u00a0 O, Daxili Qo\u015funlara v\u0259 xidm\u0259t etdiyi h\u0259rbi hiss\u0259y\u0259 h\u0259val\u0259 edilmi\u015f v\u0259zif\u0259l\u0259rin v\u0259 tap\u015f\u0131r\u0131qlar\u0131n\u0131n yerin\u0259 yetirilm\u0259sind\u0259,cinay\u0259tkarl\u0131\u011fa qar\u015f\u0131 m\u00fcbariz\u0259d\u0259, ictimai t\u0259hl\u00fck\u0259sizliyin t\u0259min edilm\u0259sind\u0259 ,Az\u0259rbaycan\u0131n \u0259razi b\u00fct\u00f6vl\u00fcy\u00fc u\u011frunda ged\u0259n d\u00f6y\u00fc\u015fl\u0259rd\u0259\u00a0 bir\u00a0 \u018flahidd\u0259 h\u0259rbi hiss\u0259nin q\u0259rargah r\u0259isi,\u018fm\u0259liyyat alay komandirnin is\u0259\u00a0\u00a0 Maddi texniki t\u0259minat xidm\u0259tl\u0259ri \u00fczr\u0259\u00a0 m\u00fcavini kimi, \u00fcz\u0259rin\u0259 d\u00fc\u015f\u0259n\u00a0 v\u0259zif\u0259l\u0259rin yerin\u0259 yetirilm\u0259sin\u0259 m\u0259suliyy\u0259tl\u0259 yana\u015fm\u0131\u015fd\u0131r.<\/p>\n\n\n\n<p>&nbsp;&nbsp;&nbsp; Daxil \u0130\u015fl\u0259r Nazirliyinin Daxili Qo\u015funlar\u0131n\u0131n Ba\u015f \u0130dar\u0259sind\u0259 v\u0259 h\u0259rbi hiss\u0259l\u0259rind\u0259, t\u0259lim v\u0259 t\u0259dris m\u0259rk\u0259zl\u0259rind\u0259, t\u0259hsil m\u00fc\u0259ssis\u0259l\u0259rind\u0259, yan\u011f\u0131ndan m\u00fchafiz\u0259 xidm\u0259tini t\u0259\u015fkili \u00fczr\u0259 m\u00fcasir t\u0259l\u0259bl\u0259r\u0259 uy\u011fun \u0259sasnam\u0259l\u0259rin, t\u0259limatlar\u0131n,laz\u0131mi t\u0259minat normalar\u0131n,formala\u015fd\u0131r\u0131lm\u0131\u015f s\u0259n\u0259dl\u0259rin, ixtisas haz\u0131rl\u0131\u011f\u0131 \u00fczr\u0259 t\u0259dris proqramlar\u0131n, metodiki v\u0259 d\u0259rs v\u0259saitl\u0259rin haz\u0131rlanmas\u0131nda, Maddi texniki t\u0259minat xidm\u0259tl\u0259ri \u00fczr\u0259 zabitl\u0259rl\u0259,gizir v\u0259 m\u00fcdd\u0259td\u0259n art\u0131q xidm\u0259t ed\u0259n h\u0259rbi qulluq\u00e7ularla&nbsp; v\u0259 kicik m\u00fct\u0259x\u0259ssisl\u0259rl\u0259 ixtisas haz\u0131rl\u0131\u011f\u0131 \u00fczr\u0259 m\u0259\u015f\u011f\u0259l\u0259l\u0259rin v\u0259 metodiki t\u0259lim- toplan\u0131\u015flar\u0131n\u0131n keyfiyy\u0259til\u0259&nbsp; kecirilm\u0259sind\u0259&nbsp; ehtiyyatda olan polkovnik leytenant Namaz Qas\u0131movun&nbsp; b\u00f6y\u00fck rolu olmu\u015fdur.<\/p>\n\n\n\n<p><strong>&nbsp;&nbsp;&nbsp; Ehtiyyatda olan polkovnik- leytenant Namaz Qas\u0131mov pe\u015f\u0259karl\u0131\u011f\u0131 v\u0259 humanistliyi il\u0259 secil\u0259n \u0259n m\u0259hsuldar d\u00f6vr\u00fcn\u00fcn&nbsp; 35 illk \u015f\u0259r\u0259fli xidm\u0259ti yolunu&nbsp; Daxili \u0130\u015fl\u0259r Orqan\u0131nda, Sovet ordusunda&nbsp; v\u0259&nbsp; Az\u0259rbaycan Respublikas\u0131n\u0131n Daxili N\u015fl\u0259r Nazirliyinin Daxili&nbsp; Qo\u015funlar\u0131nda&nbsp; h\u0259rbi xidm\u0259t\u0259 s\u0259rf ed\u0259r\u0259k V\u0259t\u0259n\u0259, D\u00f6vl\u0259t\u0259 ,Xalqa s\u0259daq\u0259tl\u0259 xidm\u0259t etmi\u015fdir.<\/strong><\/p>\n\n\n\n<p>&nbsp;&nbsp;&nbsp; M\u00fcharib\u0259 v\u0259 Silahl\u0131 q\u00fcvv\u0259l\u0259r veteran\u0131 ehtiyyatda olan polkovnik- leytenant Namaz Qas\u0131mov 2002- 2009-cu ill\u0259rd\u0259 Daxili Qosunlarin Bas \u0130dar\u0259sinind\u0259 yan\u011f\u0131ndan m\u00fchafiz\u0259 m\u00fcf\u0259tti\u015fi,&nbsp; Daxili Qosunlar\u0131n Quba rayonunda yerl\u0259\u015f\u0259n h\u0259rbi hiss\u0259d\u0259 is\u0259 h\u0259rb\u0131 hiss\u0259 komandirinin maddi -texniki t\u0259minat xidm\u0259tl\u0259ri \u00fczr\u0259 m\u00fcavini v\u0259zif\u0259l\u0259rind\u0259 xidm\u0259t ed\u0259rk\u0259n bir \u00e7ox komissiyan\u0131n, kompleks v\u0259 m\u0259qs\u0259dli quruplar\u0131n \u00fczv\u00fc v\u0259 r\u0259hb\u0259ri kimi \u00fcz\u0259rin\u0259 d\u00fcs\u0259n v\u0259zif\u0259l\u0259rin, tap\u015f\u0131r\u0131qlar\u0131n yerin\u0259 yetirilm\u0259sin\u0259,xidm\u0259t etdiyi \u015fah\u0259d\u0259&nbsp; a\u015fkar edilmi\u015f n\u00f6qsanlar\u0131n aradan qald\u0131r\u0131lmas\u0131na m\u0259suliyy\u0259tl\u0259 yana\u015fm\u0131\u015fd\u0131r.<\/p>\n\n\n\n<figure class=\"wp-block-image size-large\"><img loading=\"lazy\" decoding=\"async\" width=\"1024\" height=\"741\" src=\"https:\/\/fedai.az\/wp-content\/uploads\/2021\/08\/v3-1024x741.jpg\" alt=\"\" class=\"wp-image-46022\" srcset=\"https:\/\/fedai.az\/wp-content\/uploads\/2021\/08\/v3-1024x741.jpg 1024w, https:\/\/fedai.az\/wp-content\/uploads\/2021\/08\/v3-300x217.jpg 300w, https:\/\/fedai.az\/wp-content\/uploads\/2021\/08\/v3-150x109.jpg 150w, https:\/\/fedai.az\/wp-content\/uploads\/2021\/08\/v3-768x556.jpg 768w, https:\/\/fedai.az\/wp-content\/uploads\/2021\/08\/v3.jpg 1080w\" sizes=\"auto, (max-width: 1024px) 100vw, 1024px\" \/><\/figure>\n\n\n\n<p>\u00a0\u00a0\u00a0 <strong>O, Az\u0259rbaycan Respublikas\u0131n\u0131n\u00a0 \u018frazi b\u00fct\u00f6vl\u00fcy\u00fc (Agdam, A\u011fd\u0259r\u0259, Lac\u0131n, K\u0259lb\u0259c\u0259r v\u0259 F\u00fczuli\u00a0 rayonlar\u0131 istiqam\u0259tind\u0259 ged\u0259n) u\u011frunda ged\u0259n d\u00f6y\u00fcs \u0259m\u0259liyyatlar\u0131nda bir qrup\u00a0 komandiri v\u0259 \u018flahidd\u0259 h\u0259rbi hiss\u0259nin q\u0259rargah r\u0259isi kimi i\u015ftirak ed\u0259r\u0259k \u00fcz\u0259rin\u0259<\/strong> <strong>d\u00fcs\u0259n v\u0259zif\u0259l\u0259rin yerin\u0259 yetirilm\u0259sin\u0259<\/strong> <strong>m\u0259suliyy\u0259tl\u0259 yerin\u0259 yetirmi\u015fdir.<\/strong><\/p>\n\n\n\n<p>&nbsp;&nbsp;&nbsp;&nbsp; Xidm\u0259td\u0259 f\u0259riql\u0259ndiyin\u0259 g\u00f6r\u0259 ehtiyyatda olan polkovnik leytenant Namaz Qas\u0131mov Az\u0259rbaycan Respublikas\u0131n\u0131n Daxili \u0130\u015fl\u0259r Nazirinin, Daxili Qo\u015funlar Komandan\u0131n, t\u0259hsil ald\u0131\u011f\u0131 t\u0259hsil m\u00fc\u0259ssis\u0259l\u0259rinin r\u0259isl\u0259rinin v\u0259 xidm\u0259t etdiyi h\u0259rbi hiss\u0259 komandirinin m\u00fcvafiq \u0259mrl\u0259ri il\u0259 bir sira medallarla, &#171;\u018fla xidm\u0259tl\u0259r\u0259 g\u00f6r\u0259&#187; d\u00f6\u015f v\u0259 &#171;yubley &#171;ni\u015fanlar\u0131 il\u0259, f\u0259xri f\u0259rmanlarla, pul m\u00fckafatlar\u0131 il\u0259, qiym\u0259tli h\u0259diyy\u0259l\u0259rl\u0259 m\u00fckafatland\u0131rl\u0131b v\u0259 ona t\u0259\u015f\u0259kk\u00fcr elan edilib.<\/p>\n\n\n\n<p>\u00a0<strong>DO\u011eUM G\u00dcN\u00dcN M\u00dcBAR\u018fK, NAMAZ!<\/strong><\/p>\n\n\n\n<p><strong>ALLAH<\/strong><strong> <\/strong><strong>S<\/strong><strong>\u018f<\/strong><strong>N<\/strong><strong>\u0130 <\/strong><strong>B<\/strong><strong>\u00dc<\/strong><strong>T<\/strong><strong>\u00dc<\/strong><strong>N<\/strong><strong> <\/strong><strong>ARZULARINA<\/strong><strong> \u00c7<\/strong><strong>ATDIRSIN<\/strong><strong><\/strong><\/p>\n\n\n\n<p><strong>DA\u0130MA XO\u015eB\u018fXT V\u018f F\u0130RAVAN YA\u015eA!<\/strong><\/p>\n\n\n\n<p><strong>\u00d6MR\u00dcN UZUN OLSUN, 100 YA\u015eA!<\/strong><\/p>\n\n\n\n<p><strong>D\u0259rin h\u00f6rm\u0259tl\u0259, Az\u0259rbaycan V\u0259t\u0259n m\u00fcharib\u0259si Veteranlar\u0131 \u0130ctimai\u00a0 Birliyinin s\u0259dr m\u00fcavini polkovnik Salman Musayev<\/strong><\/p>\n\n\n\n<figure class=\"wp-block-gallery columns-2 is-cropped wp-block-gallery-2 is-layout-flex wp-block-gallery-is-layout-flex\"><ul class=\"blocks-gallery-grid\"><li class=\"blocks-gallery-item\"><figure><img loading=\"lazy\" decoding=\"async\" width=\"644\" height=\"1024\" src=\"https:\/\/fedai.az\/wp-content\/uploads\/2021\/08\/x1-644x1024.jpg\" alt=\"\" data-id=\"46023\" data-link=\"https:\/\/fedai.az\/?attachment_id=46023\" class=\"wp-image-46023\" srcset=\"https:\/\/fedai.az\/wp-content\/uploads\/2021\/08\/x1-644x1024.jpg 644w, https:\/\/fedai.az\/wp-content\/uploads\/2021\/08\/x1-189x300.jpg 189w, https:\/\/fedai.az\/wp-content\/uploads\/2021\/08\/x1-94x150.jpg 94w, https:\/\/fedai.az\/wp-content\/uploads\/2021\/08\/x1-768x1221.jpg 768w, https:\/\/fedai.az\/wp-content\/uploads\/2021\/08\/x1-966x1536.jpg 966w, https:\/\/fedai.az\/wp-content\/uploads\/2021\/08\/x1.jpg 1079w\" sizes=\"auto, (max-width: 644px) 100vw, 644px\" \/><\/figure><\/li><li class=\"blocks-gallery-item\"><figure><img loading=\"lazy\" decoding=\"async\" width=\"600\" height=\"600\" src=\"https:\/\/fedai.az\/wp-content\/uploads\/2021\/08\/8265a327389da9fe4fdc2714b309120e-2-19.jpg\" alt=\"\" data-id=\"46024\" data-full-url=\"https:\/\/fedai.az\/wp-content\/uploads\/2021\/08\/8265a327389da9fe4fdc2714b309120e-2-19.jpg\" data-link=\"https:\/\/fedai.az\/?attachment_id=46024\" class=\"wp-image-46024\" srcset=\"https:\/\/fedai.az\/wp-content\/uploads\/2021\/08\/8265a327389da9fe4fdc2714b309120e-2-19.jpg 600w, https:\/\/fedai.az\/wp-content\/uploads\/2021\/08\/8265a327389da9fe4fdc2714b309120e-2-19-300x300.jpg 300w, https:\/\/fedai.az\/wp-content\/uploads\/2021\/08\/8265a327389da9fe4fdc2714b309120e-2-19-150x150.jpg 150w, https:\/\/fedai.az\/wp-content\/uploads\/2021\/08\/8265a327389da9fe4fdc2714b309120e-2-19-215x215.jpg 215w\" sizes=\"auto, (max-width: 600px) 100vw, 600px\" \/><\/figure><\/li><\/ul><\/figure>\n","protected":false},"excerpt":{"rendered":"<p>\u00a0Az\u0259rbaycan V\u0259t\u0259n M\u00fcharib\u0259si Veteranlari \u0130ctimai Birliyi (AVMV\u0130B) r\u0259hb\u0259rliyi v\u0259 Az\u0259rbaycan V\u0259t\u0259n M\u00fcharib\u0259si Veteranlar\u0131 \u0130ctimai Birliyinin s\u0259dr m\u00fcavini polkovnik Salman Musayev ehtiyyatda olan polkovnik- leytenant<\/p>\n","protected":false},"author":2,"featured_media":46025,"comment_status":"closed","ping_status":"closed","sticky":false,"template":"","format":"standard","meta":{"footnotes":""},"categories":[5],"tags":[],"class_list":["post-46018","post","type-post","status-publish","format-standard","has-post-thumbnail","hentry","category-veteran"],"aioseo_notices":[],"_links":{"self":[{"href":"https:\/\/fedai.az\/index.php?rest_route=\/wp\/v2\/posts\/46018","targetHints":{"allow":["GET"]}}],"collection":[{"href":"https:\/\/fedai.az\/index.php?rest_route=\/wp\/v2\/posts"}],"about":[{"href":"https:\/\/fedai.az\/index.php?rest_route=\/wp\/v2\/types\/post"}],"author":[{"embeddable":true,"href":"https:\/\/fedai.az\/index.php?rest_route=\/wp\/v2\/users\/2"}],"replies":[{"embeddable":true,"href":"https:\/\/fedai.az\/index.php?rest_route=%2Fwp%2Fv2%2Fcomments&post=46018"}],"version-history":[{"count":1,"href":"https:\/\/fedai.az\/index.php?rest_route=\/wp\/v2\/posts\/46018\/revisions"}],"predecessor-version":[{"id":46026,"href":"https:\/\/fedai.az\/index.php?rest_route=\/wp\/v2\/posts\/46018\/revisions\/46026"}],"wp:featuredmedia":[{"embeddable":true,"href":"https:\/\/fedai.az\/index.php?rest_route=\/wp\/v2\/media\/46025"}],"wp:attachment":[{"href":"https:\/\/fedai.az\/index.php?rest_route=%2Fwp%2Fv2%2Fmedia&parent=46018"}],"wp:term":[{"taxonomy":"category","embeddable":true,"href":"https:\/\/fedai.az\/index.php?rest_route=%2Fwp%2Fv2%2Fcategories&post=46018"},{"taxonomy":"post_tag","embeddable":true,"href":"https:\/\/fedai.az\/index.php?rest_route=%2Fwp%2Fv2%2Ftags&post=46018"}],"curies":[{"name":"wp","href":"https:\/\/api.w.org\/{rel}","templated":true}]}}