{"id":46028,"date":"2021-08-21T03:07:36","date_gmt":"2021-08-20T23:07:36","guid":{"rendered":"https:\/\/fedai.az\/?p=46028"},"modified":"2021-08-22T17:40:42","modified_gmt":"2021-08-22T13:40:42","slug":"goygold%c9%99-muharib%c9%99-veteranlari-t%c9%99dbird%c9%99-istirak-edibl%c9%99r","status":"publish","type":"post","link":"https:\/\/fedai.az\/?p=46028","title":{"rendered":"Mill\u0259t v\u0259kili G\u00f6yg\u00f6l veteranlar\u0131 il\u0259 g\u00f6r\u00fc\u015f ke\u00e7irib"},"content":{"rendered":"\n<p><strong>G\u00f6yg\u00f6l rayonunda veteranlarla ke\u00e7iril\u0259n g\u00f6r\u00fc\u015fd\u0259 &#171;\u018fz\u0259m\u0259tli K\u0259lb\u0259c\u0259r q\u00fcdr\u0259tli Xilaskar\u0131 il\u0259 g\u00f6r\u00fc\u015fd\u00fc&#187; m\u00f6vzusunda \u00e7\u0131x\u0131\u015flar olub.<\/strong><\/p>\n\n\n\n<p><br>Milli M\u0259clisin deputat\u0131 El\u015fad Mirb\u0259\u015fir o\u011flu Az\u0259rbaycan V\u0259t\u0259n M\u00fcharib\u0259si Veteranlari \u0130ctimai Birliyi (AVMV\u0130B) G\u00f6yg\u00f6l rayon \u015f\u00f6b\u0259sinin \u00fczvl\u0259ri il\u0259 g\u00f6r\u00fc\u015f\u00fcb v\u0259 onlar\u0131n probleml\u0259riyl\u0259 maraqlan\u0131b.<\/p>\n\n\n\n<figure class=\"wp-block-gallery columns-1 is-cropped wp-block-gallery-1 is-layout-flex wp-block-gallery-is-layout-flex\"><ul class=\"blocks-gallery-grid\"><li class=\"blocks-gallery-item\"><figure><img loading=\"lazy\" decoding=\"async\" width=\"768\" height=\"1024\" src=\"https:\/\/fedai.az\/wp-content\/uploads\/2021\/08\/239532722_4431860336929295_1551871034606721188_n-768x1024.jpg\" alt=\"\" data-id=\"46030\" data-full-url=\"https:\/\/fedai.az\/wp-content\/uploads\/2021\/08\/239532722_4431860336929295_1551871034606721188_n.jpg\" data-link=\"https:\/\/fedai.az\/?attachment_id=46030\" class=\"wp-image-46030\" srcset=\"https:\/\/fedai.az\/wp-content\/uploads\/2021\/08\/239532722_4431860336929295_1551871034606721188_n-768x1024.jpg 768w, https:\/\/fedai.az\/wp-content\/uploads\/2021\/08\/239532722_4431860336929295_1551871034606721188_n-225x300.jpg 225w, https:\/\/fedai.az\/wp-content\/uploads\/2021\/08\/239532722_4431860336929295_1551871034606721188_n-113x150.jpg 113w, https:\/\/fedai.az\/wp-content\/uploads\/2021\/08\/239532722_4431860336929295_1551871034606721188_n.jpg 780w\" sizes=\"auto, (max-width: 768px) 100vw, 768px\" \/><\/figure><\/li><\/ul><\/figure>\n\n\n\n<p><br>T\u0259dbir \u00f6nc\u0259si \u015f\u0259hid m\u0259zarlar\u0131 ziyar\u0259t olunub. Sonra Milli M\u0259clisin deputat\u0131 El\u015fad Mirb\u0259\u015fir o\u011flu v\u0259 Az\u0259rbaycan V\u0259t\u0259n M\u00fcharib\u0259si Veteranlari \u0130ctimai Birliyi (AVMV\u0130B) G\u00f6yg\u00f6l rayon \u015f\u00f6b\u0259sinin s\u0259dri H\u0259bib H\u00fcseynov t\u0259dbir i\u015ftirak\u00e7\u0131lar\u0131 qar\u015f\u0131s\u0131nda \u00e7\u0131x\u0131\u015f edibl\u0259r.<\/p>\n\n\n\n<p><br><strong>Milli M\u0259clisin deputat\u0131 El\u015fad Mirb\u0259\u015fir o\u011flu \u00f6z \u00e7\u0131x\u0131\u015f\u0131nda deyib:<\/strong><\/p>\n\n\n\n<p><br><strong>&#8212; H\u00f6rm\u0259tli t\u0259dbir i\u015ftirak\u00e7\u0131lar\u0131!<\/strong><\/p>\n\n\n\n<p><br>Prezident \u0130lham \u018fliyev v\u0259 Birinci vitse-prezident Mehriban xan\u0131m \u018fliyevan\u0131n i\u015f\u011faldan azad olunmu\u015f rayonlar\u0131m\u0131za s\u0259f\u0259rl\u0259ri \u0259n\u0259n\u0259vi xarakter al\u0131b. N\u00f6vb\u0259ti s\u0259f\u0259r La\u00e7\u0131n v\u0259 K\u0259lb\u0259c\u0259r rayonlar\u0131na oldu. D\u00f6vl\u0259t ba\u015f\u00e7\u0131m\u0131z\u0131n s\u0259f\u0259r zaman\u0131 etdiyi \u00e7\u0131x\u0131\u015f\u0131 b\u00f6y\u00fck maraq do\u011furdu.<br>Qalib Ordumuzun Ali Ba\u015f Komandan\u0131n\u0131n \u00e7\u0131x\u0131\u015f\u0131nda m\u00f6vcud, haz\u0131rk\u0131 h\u0259rbi-siyasi v\u0259ziyy\u0259tin qiym\u0259tl\u0259ndirilm\u0259si, Erm\u0259nistana v\u0259 onun havadarlar\u0131na \u00fcnvanlanm\u0131\u015f k\u0259skin mesajlar\u0131n s\u0259sl\u0259ndirilm\u0259si, habel\u0259 \u0259ld\u0259 olunmu\u015f u\u011furlu n\u0259tic\u0259l\u0259r v\u0259 b\u00f6y\u00fck perspektivl\u0259r bar\u0259d\u0259 deyil\u0259nl\u0259r b\u0259dxahlar\u0131m\u0131za g\u00f6z da\u011f\u0131 oldu.<\/p>\n\n\n\n<figure class=\"wp-block-gallery columns-2 is-cropped wp-block-gallery-2 is-layout-flex wp-block-gallery-is-layout-flex\"><ul class=\"blocks-gallery-grid\"><li class=\"blocks-gallery-item\"><figure><img loading=\"lazy\" decoding=\"async\" width=\"768\" height=\"1024\" src=\"https:\/\/fedai.az\/wp-content\/uploads\/2021\/08\/239602910_910158666378864_8694321636865713146_n-768x1024.jpg\" alt=\"\" data-id=\"46031\" data-link=\"https:\/\/fedai.az\/?attachment_id=46031\" class=\"wp-image-46031\" srcset=\"https:\/\/fedai.az\/wp-content\/uploads\/2021\/08\/239602910_910158666378864_8694321636865713146_n-768x1024.jpg 768w, https:\/\/fedai.az\/wp-content\/uploads\/2021\/08\/239602910_910158666378864_8694321636865713146_n-225x300.jpg 225w, https:\/\/fedai.az\/wp-content\/uploads\/2021\/08\/239602910_910158666378864_8694321636865713146_n-113x150.jpg 113w, https:\/\/fedai.az\/wp-content\/uploads\/2021\/08\/239602910_910158666378864_8694321636865713146_n.jpg 780w\" sizes=\"auto, (max-width: 768px) 100vw, 768px\" \/><\/figure><\/li><li class=\"blocks-gallery-item\"><figure><img loading=\"lazy\" decoding=\"async\" width=\"768\" height=\"1024\" src=\"https:\/\/fedai.az\/wp-content\/uploads\/2021\/08\/240090511_4315147078554913_4984493770378868622_n-768x1024.jpg\" alt=\"\" data-id=\"46032\" data-link=\"https:\/\/fedai.az\/?attachment_id=46032\" class=\"wp-image-46032\" srcset=\"https:\/\/fedai.az\/wp-content\/uploads\/2021\/08\/240090511_4315147078554913_4984493770378868622_n-768x1024.jpg 768w, https:\/\/fedai.az\/wp-content\/uploads\/2021\/08\/240090511_4315147078554913_4984493770378868622_n-225x300.jpg 225w, https:\/\/fedai.az\/wp-content\/uploads\/2021\/08\/240090511_4315147078554913_4984493770378868622_n-113x150.jpg 113w, https:\/\/fedai.az\/wp-content\/uploads\/2021\/08\/240090511_4315147078554913_4984493770378868622_n.jpg 780w\" sizes=\"auto, (max-width: 768px) 100vw, 768px\" \/><\/figure><\/li><\/ul><\/figure>\n\n\n\n<p>\u015e\u00fcbh\u0259siz, K\u0259lb\u0259c\u0259r v\u0259 La\u00e7\u0131n rayonlar\u0131n\u0131n geni\u015fmiqyasl\u0131 d\u00f6y\u00fc\u015fl\u0259r v\u0259 \u00e7oxsayl\u0131 itki olmadan azad edilm\u0259si Az\u0259rbaycan Prezidentinin diplomatik m\u0259har\u0259tinin, m\u00fcz\u0259ff\u0259r Ordumuzun q\u00fcdr\u0259tinin say\u0259sind\u0259 m\u00fcmk\u00fcn oldu. M\u00f6ht\u0259r\u0259m Prezidentimiz bu s\u0259f\u0259r zaman\u0131 K\u0259lb\u0259c\u0259r v\u0259 La\u00e7\u0131n rayonlar\u0131nda g\u00f6r\u00fcl\u0259c\u0259k i\u015fl\u0259rin gedi\u015fi il\u0259 ba\u011fl\u0131 xalqa anonslar verdi, bir s\u0131ra ciddi mahiyy\u0259t da\u015f\u0131yan layih\u0259l\u0259rin t\u0259m\u0259li qoyuldu. Bu, ilk n\u00f6vb\u0259d\u0259, K\u0259lb\u0259c\u0259r tuneli, La\u00e7\u0131n Hava liman\u0131 il\u0259 ba\u011fl\u0131 idi. H\u0259min layih\u0259l\u0259r t\u0259kc\u0259 bu g\u00fcn \u00fc\u00e7\u00fcn deyil, g\u0259l\u0259c\u0259y\u0259 v\u0259 regionun Az\u0259rbaycan\u0131n v\u0259 d\u00fcnyan\u0131n dig\u0259r yerl\u0259ri il\u0259 \u0259laq\u0259l\u0259rin qurulmas\u0131 bax\u0131m\u0131ndan b\u00f6y\u00fck siyasi v\u0259 iqtisadi \u0259h\u0259miyy\u0259t k\u0259sb edir.<br>Prezident yolboyu bir daha erm\u0259ni v\u0259h\u015filikl\u0259ri \u00fcz\u0259rind\u0259 dayand\u0131.<\/p>\n\n\n\n<p> X\u00fcsusi olaraq K\u0259lb\u0259c\u0259rin yerl\u0259 bir edilm\u0259si, \u201c\u0130stisu\u201d kimi b\u00f6y\u00fck m\u00fcalic\u0259 m\u0259rk\u0259zinin erm\u0259nil\u0259r t\u0259r\u0259find\u0259n vandalizm n\u0259tic\u0259sind\u0259 pis g\u00fcn\u0259 qoyulmas\u0131 v\u0259 s. b\u00fct\u00fcn bunlar ekran vasit\u0259sil\u0259 xalq\u0131m\u0131za \u00e7atd\u0131r\u0131ld\u0131 b\u0259yan etdi. Prezident \u00e7\u0131x\u0131\u015f\u0131nda \u015e\u0259rqi Z\u0259ng\u0259zurun, eyni zamanda, Qaraba\u011f iqtisadi rayonlar\u0131n\u0131n g\u0259l\u0259c\u0259yin\u0259 h\u0259d\u0259fl\u0259n\u0259n v\u0259 ciddi \u0259h\u0259miyy\u0259t k\u0259sb ed\u0259n h\u0259d\u0259fl\u0259r bar\u0259d\u0259 d\u0259 dan\u0131\u015fd\u0131: \u201cErm\u0259nistan ordusunu m\u0259hv ed\u0259r\u0259k qay\u0131td\u0131q, Erm\u0259nistan fa\u015fizminin ba\u015f\u0131n\u0131 \u0259z\u0259r\u0259k qay\u0131td\u0131q, erm\u0259ni c\u0259lladlar\u0131n\u0131 c\u0259zaland\u0131raraq qay\u0131td\u0131q, \u015f\u0259hidl\u0259rimizin qan\u0131n\u0131 alaraq qay\u0131td\u0131q. Qay\u0131tm\u0131\u015f\u0131q, bu g\u00fcn burada durmu\u015fuq v\u0259 \u0259b\u0259di duraca\u011f\u0131q!\u201d\u2013 fikri Az\u0259rbaycan Prezidentinin q\u0259tiyy\u0259ti, siyasi v\u0259 h\u0259rbi-strateji \u015f\u0259raitin ordumuzun tam n\u0259zar\u0259tind\u0259 olmas\u0131n\u0131n g\u00f6st\u0259ricisidir.<\/p>\n\n\n\n<p><br><strong>Diqq\u0259tiniz\u0259 g\u00f6r\u0259 minn\u0259tdaram!<\/strong><\/p>\n\n\n\n<p><br><strong>T\u0259dbird\u0259 \u00e7\u0131x\u0131\u015f ed\u0259n AVMV\u0130B G\u00f6yg\u00f6l rayon \u015f\u00f6b\u0259sinin s\u0259dri H\u0259bib H\u00fcseynov da Ali Ba\u015f Komandan\u0131n m\u0259lum s\u0259f\u0259rini alq\u0131\u015flad\u0131:<\/strong><\/p>\n\n\n\n<p><br>&#8212; <strong>H\u00f6rm\u0259tli t\u0259dbir i\u015ftirak\u00e7\u0131lar\u0131!<\/strong><\/p>\n\n\n\n<p><strong>H\u00f6rm\u0259tli El\u015fad m\u00fc\u0259llim!<\/strong><\/p>\n\n\n\n<p><br>Avqustun 16-da Az\u0259rbaycan Respublikas\u0131n\u0131n Prezidenti \u0130lham \u018fliyev v\u0259 birinci xan\u0131m Mehriban \u018fliyeva K\u0259lb\u0259c\u0259r v\u0259 La\u00e7\u0131n rayonlar\u0131nda olublar. D\u00f6vl\u0259timizin ba\u015f\u00e7\u0131s\u0131 h\u0259r iki rayonda bir \u00e7ox sosial obyektl\u0259rin t\u0259m\u0259lqoyma m\u0259rasiml\u0259rind\u0259 i\u015ftirak etmi\u015fdir.<br>Bu m\u00f6ht\u0259r\u0259m Prezidentin m\u00fcharib\u0259d\u0259n sonra K\u0259lb\u0259c\u0259r\u0259 ilk s\u0259f\u0259ridir. K\u0259lb\u0259c\u0259rin azad edilm\u0259si olduqca b\u00f6y\u00fck tarixi hadis\u0259dir. \u00d6lk\u0259mizin bu olduqca g\u00f6z\u0259l v\u0259 z\u0259ngin rayonun i\u015f\u011fal alt\u0131na d\u00fc\u015fm\u0259si xalq\u0131m\u0131z\u0131n b\u00f6y\u00fck faci\u0259si idi. \u00c7\u00fcnki La\u00e7\u0131n v\u0259 \u015eu\u015fa rayonlar\u0131 1992-ci ilin may ay\u0131nda i\u015f\u011fal alt\u0131na d\u00fc\u015f\u0259nd\u0259n sonra erm\u0259nil\u0259rin n\u00f6vb\u0259ti h\u0259d\u0259fi m\u0259hz K\u0259lb\u0259c\u0259r rayonu idi.<\/p>\n\n\n\n<figure class=\"wp-block-gallery columns-2 is-cropped wp-block-gallery-3 is-layout-flex wp-block-gallery-is-layout-flex\"><ul class=\"blocks-gallery-grid\"><li class=\"blocks-gallery-item\"><figure><img loading=\"lazy\" decoding=\"async\" width=\"768\" height=\"1024\" src=\"https:\/\/fedai.az\/wp-content\/uploads\/2021\/08\/239153448_338677631315301_4810609977206759888_n-768x1024.jpg\" alt=\"\" data-id=\"46035\" data-link=\"https:\/\/fedai.az\/?attachment_id=46035\" class=\"wp-image-46035\" srcset=\"https:\/\/fedai.az\/wp-content\/uploads\/2021\/08\/239153448_338677631315301_4810609977206759888_n-768x1024.jpg 768w, https:\/\/fedai.az\/wp-content\/uploads\/2021\/08\/239153448_338677631315301_4810609977206759888_n-225x300.jpg 225w, https:\/\/fedai.az\/wp-content\/uploads\/2021\/08\/239153448_338677631315301_4810609977206759888_n-113x150.jpg 113w, https:\/\/fedai.az\/wp-content\/uploads\/2021\/08\/239153448_338677631315301_4810609977206759888_n.jpg 780w\" sizes=\"auto, (max-width: 768px) 100vw, 768px\" \/><\/figure><\/li><li class=\"blocks-gallery-item\"><figure><img loading=\"lazy\" decoding=\"async\" width=\"768\" height=\"1024\" src=\"https:\/\/fedai.az\/wp-content\/uploads\/2021\/08\/239177751_693640134929462_4772239832889078856_n-768x1024.jpg\" alt=\"\" data-id=\"46037\" data-full-url=\"https:\/\/fedai.az\/wp-content\/uploads\/2021\/08\/239177751_693640134929462_4772239832889078856_n.jpg\" data-link=\"https:\/\/fedai.az\/?attachment_id=46037\" class=\"wp-image-46037\" srcset=\"https:\/\/fedai.az\/wp-content\/uploads\/2021\/08\/239177751_693640134929462_4772239832889078856_n-768x1024.jpg 768w, https:\/\/fedai.az\/wp-content\/uploads\/2021\/08\/239177751_693640134929462_4772239832889078856_n-225x300.jpg 225w, https:\/\/fedai.az\/wp-content\/uploads\/2021\/08\/239177751_693640134929462_4772239832889078856_n-113x150.jpg 113w, https:\/\/fedai.az\/wp-content\/uploads\/2021\/08\/239177751_693640134929462_4772239832889078856_n.jpg 780w\" sizes=\"auto, (max-width: 768px) 100vw, 768px\" \/><\/figure><\/li><\/ul><\/figure>\n\n\n\n<p>M\u0259lumdur ki, \u015eu\u015fa v\u0259 La\u00e7\u0131n\u0131n i\u015f\u011fala m\u0259ruz qalmas\u0131 AXC-M\u00fcsavat c\u00fctl\u00fcy\u00fcn\u00fcn x\u0259yan\u0259ti n\u0259tic\u0259sind\u0259 ba\u015f vermi\u015fdir. O vaxt hakimiyy\u0259t u\u011frunda m\u00fcbariz\u0259 gedirdi, AXC-M\u00fcsavat c\u00fctl\u00fcy\u00fc hakimiyy\u0259t\u0259 can at\u0131rd\u0131, n\u0259yin bahas\u0131na olursa-olsun hakimiyy\u0259ti z\u0259bt etm\u0259y\u0259 \u00e7al\u0131\u015f\u0131rd\u0131 v\u0259 onlar\u0131n n\u0259zar\u0259ti alt\u0131nda olan b\u0259zi satq\u0131n q\u00fcvv\u0259l\u0259r \u015eu\u015fan\u0131, dem\u0259k olar ki, erm\u0259nil\u0259r\u0259 t\u0259hvil verdil\u0259r. \u201cA\u011f\u0131r g\u00fcn\u00fcn \u00f6mr\u00fc az olar\u201d, deyib atalar. K\u0259lb\u0259c\u0259r art\u0131q \u0259sl sahibl\u0259rin\u0259 qaytar\u0131l\u0131b.<\/p>\n\n\n\n<p> C\u0259nab \u0130lham \u018fliyev s\u0259f\u0259r zaman\u0131 demi\u015fdir: \u201cH\u0259rbi \u0259m\u0259liyyat n\u0259tic\u0259sind\u0259 torpaqlar\u0131\u00acm\u0131z i\u015f\u011faldan azad edildi. \u0130kinci Qaraba\u011f m\u00fcharib\u0259si bizim \u015fanl\u0131 Z\u0259f\u0259rimiz kimi tarixd\u0259 \u0259b\u0259di qalacaq. Q\u0259l\u0259b\u0259 n\u0259tic\u0259sind\u0259 K\u0259lb\u0259c\u0259r rayonu da La\u00e7\u0131n v\u0259 A\u011fdam rayonlar\u0131 il\u0259 b\u0259rab\u0259r i\u015f\u011fal\u00e7\u0131lardan azad edildi. Erm\u0259nistan noyabr\u0131n 10-da kapitulyasiya akt\u0131n\u0131 imzalayaraq bu \u00f6hd\u0259liyi d\u0259 \u00f6z \u00fcz\u0259rin\u0259 g\u00f6t\u00fcrm\u00fc\u015fd\u00fcr v\u0259 K\u0259lb\u0259c\u0259r, La\u00e7\u0131n v\u0259 A\u011fdam rayonlar\u0131n\u0131 Az\u0259rbaycana qaytarma\u011fa m\u0259cbur olmu\u015fdur\u201d. Az\u0259rbaycan Prezidentinin K\u0259lb\u0259c\u0259r v\u0259 La\u00e7\u0131n rayonlar\u0131na s\u0259f\u0259ri, fikrimc\u0259, bir \u00e7ox aspektl\u0259rd\u0259n x\u00fcsusi \u0259h\u0259miyy\u0259t da\u015f\u0131y\u0131r. M\u0259lumdur ki, erm\u0259nil\u0259r \u0130kinci Qaraba\u011f m\u00fcharib\u0259sind\u0259n \u0259vv\u0259lki dan\u0131\u015f\u0131qlar zaman\u0131 israrla La\u00e7\u0131n v\u0259 K\u0259lb\u0259c\u0259ri Az\u0259rbaycana verm\u0259m\u0259y\u0259 \u00e7al\u0131\u015f\u0131rd\u0131lar.<\/p>\n\n\n\n<p> Prezident \u0130lham \u018fliyevin prinsipiall\u0131\u011f\u0131, q\u0259tiyy\u0259tli m\u00f6vqeyi v\u0259 Az\u0259rbaycan ordusunun r\u0259\u015fad\u0259ti n\u0259tic\u0259sind\u0259 dig\u0259r rayonlar\u0131m\u0131z kimi, K\u0259lb\u0259c\u0259r v\u0259 La\u00e7\u0131n da i\u015f\u011faldan azad olundu. Bu, olduqca b\u00f6y\u00fck tarixi nailiyy\u0259tdir! Vaxt var idi ki, erm\u0259nil\u0259r K\u0259lb\u0259c\u0259r v\u0259 La\u00e7\u0131na s\u0259f\u0259rl\u0259r t\u0259\u015fkil edir, bunu sosial \u015f\u0259b\u0259k\u0259l\u0259rd\u0259 payla\u015f\u0131r v\u0259 h\u0259r v\u0259chl\u0259 Az\u0259rbaycan xalq\u0131n\u0131 q\u0131c\u0131qland\u0131rma\u011fa \u00e7al\u0131\u015f\u0131rd\u0131lar. Art\u0131q dig\u0259r rayonlar\u0131m\u0131z kimi, K\u0259lb\u0259c\u0259r v\u0259 La\u00e7\u0131n da bizimdir v\u0259 \u0259b\u0259di olaraq bizim olacaq. Bu, h\u0259m d\u0259 Erm\u0259nistana v\u0259 onun havadarlar\u0131na bir mesajd\u0131r ki, a\u011f\u0131llar\u0131n\u0131 ba\u015flar\u0131na y\u0131\u011fs\u0131nlar v\u0259 bir d\u0259 xam x\u0259yallara d\u00fc\u015fm\u0259sinl\u0259r. \u018fg\u0259r Erm\u0259nistan yenid\u0259n m\u00fcharib\u0259 etm\u0259k ist\u0259s\u0259, Az\u0259rbaycan buna da haz\u0131rd\u0131r. Qoy Erm\u0259nistan unutmas\u0131n ki, biz\u0259 qar\u015f\u0131 h\u0259rbi t\u0259xribatlar\u0131n\u0131 davam etdirs\u0259, bunun b\u0259d\u0259li bu d\u0259f\u0259 daha a\u011f\u0131r olacaq.<\/p>\n\n\n\n<figure class=\"wp-block-image size-large\"><img loading=\"lazy\" decoding=\"async\" width=\"1024\" height=\"768\" src=\"https:\/\/fedai.az\/wp-content\/uploads\/2021\/08\/240045544_1318210638638751_3596994005615395741_n-1024x768.jpg\" alt=\"\" class=\"wp-image-46038\" srcset=\"https:\/\/fedai.az\/wp-content\/uploads\/2021\/08\/240045544_1318210638638751_3596994005615395741_n-1024x768.jpg 1024w, https:\/\/fedai.az\/wp-content\/uploads\/2021\/08\/240045544_1318210638638751_3596994005615395741_n-300x225.jpg 300w, https:\/\/fedai.az\/wp-content\/uploads\/2021\/08\/240045544_1318210638638751_3596994005615395741_n-150x113.jpg 150w, https:\/\/fedai.az\/wp-content\/uploads\/2021\/08\/240045544_1318210638638751_3596994005615395741_n-768x576.jpg 768w, https:\/\/fedai.az\/wp-content\/uploads\/2021\/08\/240045544_1318210638638751_3596994005615395741_n.jpg 1040w\" sizes=\"auto, (max-width: 1024px) 100vw, 1024px\" \/><\/figure>\n\n\n\n<p><br>Az\u0259rbaycan Prezidentinin K\u0259lb\u0259c\u0259r v\u0259 La\u00e7\u0131n rayonlar\u0131na s\u0259f\u0259ri zaman\u0131 s\u0259sl\u0259n\u0259n dig\u0259r mesaj is\u0259 budur ki, Az\u0259rbaycan q\u0131sa m\u00fcdd\u0259td\u0259 i\u015f\u011faldan azad etdiyi \u0259razil\u0259rd\u0259 y\u00fcks\u0259k quruculuq i\u015fl\u0259rin\u0259 ba\u015flam\u0131\u015fd\u0131r. D\u00f6vl\u0259timiz v\u0259 xalq\u0131m\u0131z \u0259l-\u0259l\u0259 verib bu b\u00f6lg\u0259ni d\u00fcnyan\u0131n \u0259n abad v\u0259 g\u00f6z\u0259l m\u0259kanlar\u0131ndan birin\u0259 \u00e7evirm\u0259k \u0259zmind\u0259dir. Art\u0131q m\u00fch\u00fcm \u0259h\u0259miyy\u0259t k\u0259sb ed\u0259n bir ne\u00e7\u0259 yolun \u00e7\u0259kilm\u0259sin\u0259 ba\u015flan\u0131l\u0131b, b\u00f6lg\u0259d\u0259 aeroport in\u015fa olunur, su elektrik stansiyalar\u0131 b\u0259rpa olunur.<\/p>\n\n\n\n<p><br>Yax\u0131n zamanlarda i\u015f\u011faldan azad olunmu\u015f \u0259razil\u0259rd\u0259 yeni k\u0259nd v\u0259 q\u0259s\u0259b\u0259l\u0259rin sal\u0131nmas\u0131na ba\u015flan\u0131lacaq.<\/p>\n\n\n\n<p><br>Deputat E. Mirb\u0259\u015fir o\u011flu t\u0259dbird\u0259n sonra 44 g\u00fcnl\u00fck V\u0259t\u0259n m\u00fcharib\u0259sinin qazil\u0259ri il\u0259 g\u00f6r\u00fc\u015f\u00fcb s\u00f6hb\u0259t etdi.<\/p>\n\n\n\n<p><br><strong>Elnur S\u0259lim<\/strong><\/p>\n\n\n\n<p><\/p>\n","protected":false},"excerpt":{"rendered":"<p>G\u00f6yg\u00f6l rayonunda veteranlarla ke\u00e7iril\u0259n g\u00f6r\u00fc\u015fd\u0259 &#171;\u018fz\u0259m\u0259tli K\u0259lb\u0259c\u0259r q\u00fcdr\u0259tli Xilaskar\u0131 il\u0259 g\u00f6r\u00fc\u015fd\u00fc&#187; m\u00f6vzusunda \u00e7\u0131x\u0131\u015flar olub. Milli M\u0259clisin deputat\u0131 El\u015fad Mirb\u0259\u015fir o\u011flu Az\u0259rbaycan V\u0259t\u0259n M\u00fcharib\u0259si Veteranlari<\/p>\n","protected":false},"author":2,"featured_media":46033,"comment_status":"closed","ping_status":"closed","sticky":false,"template":"","format":"standard","meta":{"footnotes":""},"categories":[5],"tags":[],"class_list":["post-46028","post","type-post","status-publish","format-standard","has-post-thumbnail","hentry","category-veteran"],"aioseo_notices":[],"_links":{"self":[{"href":"https:\/\/fedai.az\/index.php?rest_route=\/wp\/v2\/posts\/46028","targetHints":{"allow":["GET"]}}],"collection":[{"href":"https:\/\/fedai.az\/index.php?rest_route=\/wp\/v2\/posts"}],"about":[{"href":"https:\/\/fedai.az\/index.php?rest_route=\/wp\/v2\/types\/post"}],"author":[{"embeddable":true,"href":"https:\/\/fedai.az\/index.php?rest_route=\/wp\/v2\/users\/2"}],"replies":[{"embeddable":true,"href":"https:\/\/fedai.az\/index.php?rest_route=%2Fwp%2Fv2%2Fcomments&post=46028"}],"version-history":[{"count":3,"href":"https:\/\/fedai.az\/index.php?rest_route=\/wp\/v2\/posts\/46028\/revisions"}],"predecessor-version":[{"id":46171,"href":"https:\/\/fedai.az\/index.php?rest_route=\/wp\/v2\/posts\/46028\/revisions\/46171"}],"wp:featuredmedia":[{"embeddable":true,"href":"https:\/\/fedai.az\/index.php?rest_route=\/wp\/v2\/media\/46033"}],"wp:attachment":[{"href":"https:\/\/fedai.az\/index.php?rest_route=%2Fwp%2Fv2%2Fmedia&parent=46028"}],"wp:term":[{"taxonomy":"category","embeddable":true,"href":"https:\/\/fedai.az\/index.php?rest_route=%2Fwp%2Fv2%2Fcategories&post=46028"},{"taxonomy":"post_tag","embeddable":true,"href":"https:\/\/fedai.az\/index.php?rest_route=%2Fwp%2Fv2%2Ftags&post=46028"}],"curies":[{"name":"wp","href":"https:\/\/api.w.org\/{rel}","templated":true}]}}