{"id":46072,"date":"2021-08-22T00:20:34","date_gmt":"2021-08-21T20:20:34","guid":{"rendered":"https:\/\/fedai.az\/?p=46072"},"modified":"2021-08-22T00:20:38","modified_gmt":"2021-08-21T20:20:38","slug":"mehriban-%c9%99liyeva-haqqinda-birinci-xanim-adli-s%c9%99n%c9%99dli-film-hazirlanib","status":"publish","type":"post","link":"https:\/\/fedai.az\/?p=46072","title":{"rendered":"Mehriban \u018fliyeva haqq\u0131nda &#171;Birinci xan\u0131m&#187; adl\u0131 s\u0259n\u0259dli film haz\u0131rlan\u0131b"},"content":{"rendered":"\n<p><strong>Az\u0259rbaycan\u0131n Birinci vitse-prezidenti, Heyd\u0259r \u018fliyev Fondunun Prezidenti Mehriban \u018fliyeva haqq\u0131nda &#171;Birinci xan\u0131m&#187; adl\u0131 s\u0259n\u0259dli film haz\u0131rlan\u0131b.<\/strong><\/p>\n\n\n\n<p>S\u0259n\u0259dli film Mehriban \u018fliyevan\u0131n h\u0259yat v\u0259 f\u0259aliyy\u0259tini \u0259ks etdirir.<\/p>\n\n\n\n<p>S\u0259n\u0259dli film <strong><span class=\"has-inline-color has-vivid-red-color\">avqustun 26-da saat 15:00-da AzTV-<\/span>d\u0259 <\/strong>yay\u0131mlanacaq.<\/p>\n\n\n\n<p>Qeyd ed\u0259k ki, avqustun 26-da Az\u0259rbaycan\u0131n Birinci vitse-prezidenti, Az\u0259rbaycan\u0131n birinci xan\u0131m\u0131 Mehriban \u018fliyevan\u0131n do\u011fum g\u00fcn\u00fcd\u00fcr.<\/p>\n\n\n\n<figure class=\"wp-block-embed is-type-video is-provider-youtube wp-block-embed-youtube wp-embed-aspect-16-9 wp-has-aspect-ratio\"><div class=\"wp-block-embed__wrapper\">\n<iframe loading=\"lazy\" title=\"&quot;Birinci xan\u0131m&quot; s\u0259n\u0259dli filmi (anons)\" width=\"715\" height=\"402\" src=\"https:\/\/www.youtube.com\/embed\/glmsk1krmY0?feature=oembed\" frameborder=\"0\" allow=\"accelerometer; autoplay; clipboard-write; encrypted-media; gyroscope; picture-in-picture\" allowfullscreen><\/iframe>\n<\/div><\/figure>\n","protected":false},"excerpt":{"rendered":"<p>Az\u0259rbaycan\u0131n Birinci vitse-prezidenti, Heyd\u0259r \u018fliyev Fondunun Prezidenti Mehriban \u018fliyeva haqq\u0131nda &#171;Birinci xan\u0131m&#187; adl\u0131 s\u0259n\u0259dli film haz\u0131rlan\u0131b. S\u0259n\u0259dli film Mehriban \u018fliyevan\u0131n h\u0259yat v\u0259 f\u0259aliyy\u0259tini \u0259ks<\/p>\n","protected":false},"author":2,"featured_media":46073,"comment_status":"closed","ping_status":"closed","sticky":false,"template":"","format":"standard","meta":{"footnotes":""},"categories":[3],"tags":[],"class_list":["post-46072","post","type-post","status-publish","format-standard","has-post-thumbnail","hentry","category-gundm"],"aioseo_notices":[],"_links":{"self":[{"href":"https:\/\/fedai.az\/index.php?rest_route=\/wp\/v2\/posts\/46072","targetHints":{"allow":["GET"]}}],"collection":[{"href":"https:\/\/fedai.az\/index.php?rest_route=\/wp\/v2\/posts"}],"about":[{"href":"https:\/\/fedai.az\/index.php?rest_route=\/wp\/v2\/types\/post"}],"author":[{"embeddable":true,"href":"https:\/\/fedai.az\/index.php?rest_route=\/wp\/v2\/users\/2"}],"replies":[{"embeddable":true,"href":"https:\/\/fedai.az\/index.php?rest_route=%2Fwp%2Fv2%2Fcomments&post=46072"}],"version-history":[{"count":1,"href":"https:\/\/fedai.az\/index.php?rest_route=\/wp\/v2\/posts\/46072\/revisions"}],"predecessor-version":[{"id":46074,"href":"https:\/\/fedai.az\/index.php?rest_route=\/wp\/v2\/posts\/46072\/revisions\/46074"}],"wp:featuredmedia":[{"embeddable":true,"href":"https:\/\/fedai.az\/index.php?rest_route=\/wp\/v2\/media\/46073"}],"wp:attachment":[{"href":"https:\/\/fedai.az\/index.php?rest_route=%2Fwp%2Fv2%2Fmedia&parent=46072"}],"wp:term":[{"taxonomy":"category","embeddable":true,"href":"https:\/\/fedai.az\/index.php?rest_route=%2Fwp%2Fv2%2Fcategories&post=46072"},{"taxonomy":"post_tag","embeddable":true,"href":"https:\/\/fedai.az\/index.php?rest_route=%2Fwp%2Fv2%2Ftags&post=46072"}],"curies":[{"name":"wp","href":"https:\/\/api.w.org\/{rel}","templated":true}]}}