{"id":46081,"date":"2021-08-22T00:42:11","date_gmt":"2021-08-21T20:42:11","guid":{"rendered":"https:\/\/fedai.az\/?p=46081"},"modified":"2021-08-22T00:42:15","modified_gmt":"2021-08-21T20:42:15","slug":"zakir-h%c9%99s%c9%99nov-xususi-t%c9%99yinatlilarin-t%c9%99limini-izl%c9%99yib","status":"publish","type":"post","link":"https:\/\/fedai.az\/?p=46081","title":{"rendered":"Zakir H\u0259s\u0259nov x\u00fcsusi t\u0259yinatl\u0131lar\u0131n t\u0259limini izl\u0259yib"},"content":{"rendered":"\n<p><strong>M\u00fcdafi\u0259 naziri general-polkovnik Zakir H\u0259s\u0259nov v\u0259 nazirliyin dig\u0259r r\u0259hb\u0259r hey\u0259ti \u201cD\u0259niz t\u0259m\u0259l komando kursu\u201dnun burax\u0131l\u0131\u015f m\u0259rasimind\u0259 i\u015ftirak edib.<\/strong><br><br>M\u00fcdafi\u0259 Nazirliyind\u0259n\u00a0veril\u0259n m\u0259lumata g\u00f6r\u0259, H\u0259rbi D\u0259niz Q\u00fcvv\u0259l\u0259rinin h\u0259rbi hiss\u0259sind\u0259 ke\u00e7iril\u0259n t\u0259dbird\u0259 \u0259vv\u0259lc\u0259 \u00fcmummilli lider Heyd\u0259r \u018fliyevin v\u0259 \u015f\u0259hidl\u0259rin xatir\u0259si bir d\u0259qiq\u0259lik s\u00fckutla yad edilib. D\u00f6vl\u0259t Himni s\u0259sl\u0259ndirilib.<br><br>M\u0259rasimd\u0259 \u00e7\u0131x\u0131\u015f ed\u0259n M\u00fcdafi\u0259 naziri m\u0259zunlar\u0131 t\u0259brik edib, onlara g\u0259l\u0259c\u0259k xidm\u0259tl\u0259rind\u0259 u\u011furlar arzulay\u0131b.<br><br>V\u0259t\u0259n m\u00fcharib\u0259si zaman\u0131 Az\u0259rbaycan Ordusunun b\u00fct\u00fcn h\u0259rbi qulluq\u00e7ular\u0131 kimi, d\u0259niz piyadalar\u0131n\u0131n da \u015f\u00fcca\u0259tini x\u00fcsusi vur\u011fulayan nazir h\u0259rb\u00e7il\u0259rimizin q\u0259hr\u0259manl\u0131qlar\u0131n\u0131n Az\u0259rbaycan Respublikas\u0131n\u0131n Prezidenti, Silahl\u0131 Q\u00fcvv\u0259l\u0259rin Ali Ba\u015f Komandan\u0131 c\u0259nab \u0130lham \u018fliyev t\u0259r\u0259find\u0259n y\u00fcks\u0259k qiym\u0259tl\u0259ndirildiyini qeyd edib.<br><br>T\u00fcrkiy\u0259li pe\u015f\u0259kar t\u0259limat\u00e7\u0131lar\u0131n c\u0259lb olundu\u011fu kursun y\u00fcks\u0259k s\u0259viyy\u0259d\u0259 t\u0259\u015fkilin\u0259 v\u0259 ke\u00e7irilm\u0259sin\u0259 g\u00f6r\u0259 M\u00fcdafi\u0259 naziri t\u00fcrkiy\u0259li zabitl\u0259r\u0259 v\u0259 b\u00fct\u00fcn hey\u0259t\u0259 t\u0259\u015f\u0259kk\u00fcr\u00fcn\u00fc bildirib. Nazir Az\u0259rbaycan Ordusunun h\u0259rbi qulluq\u00e7ular\u0131n\u0131n pe\u015f\u0259karl\u0131\u011f\u0131n\u0131n daha da y\u00fcks\u0259ldilm\u0259sin\u0259 b\u00f6y\u00fck t\u00f6hf\u0259 ver\u0259n bu kimi kurslar\u0131n davam etdiril\u0259c\u0259yini qeyd edib.<br>\u00a0<\/p>\n\n\n\n<figure class=\"wp-block-image size-large\"><img loading=\"lazy\" decoding=\"async\" width=\"1000\" height=\"662\" src=\"https:\/\/fedai.az\/wp-content\/uploads\/2021\/08\/1629529421_0de-4-kcur-kcur-kcur-kcur-kcur.jpg\" alt=\"\" class=\"wp-image-46083\" srcset=\"https:\/\/fedai.az\/wp-content\/uploads\/2021\/08\/1629529421_0de-4-kcur-kcur-kcur-kcur-kcur.jpg 1000w, https:\/\/fedai.az\/wp-content\/uploads\/2021\/08\/1629529421_0de-4-kcur-kcur-kcur-kcur-kcur-300x199.jpg 300w, https:\/\/fedai.az\/wp-content\/uploads\/2021\/08\/1629529421_0de-4-kcur-kcur-kcur-kcur-kcur-150x99.jpg 150w, https:\/\/fedai.az\/wp-content\/uploads\/2021\/08\/1629529421_0de-4-kcur-kcur-kcur-kcur-kcur-768x508.jpg 768w\" sizes=\"auto, (max-width: 1000px) 100vw, 1000px\" \/><\/figure>\n\n\n\n<p>Sonra kurs birincisi t\u0259r\u0259find\u0259n r\u0259mzi ya\u015f k\u00f6t\u00fcy\u00fcn\u0259 emblem vurulub v\u0259 m\u0259zunlara sertifikatlar t\u0259qdim edilib. Kursda f\u0259rql\u0259n\u0259n h\u0259rbi qulluq\u00e7ular v\u0259 t\u0259limat\u00e7\u0131lar f\u0259xri f\u0259rman v\u0259 qiym\u0259tli h\u0259diyy\u0259l\u0259rl\u0259 m\u00fckafatland\u0131r\u0131l\u0131b.<\/p>\n\n\n\n<figure class=\"wp-block-image size-large\"><img loading=\"lazy\" decoding=\"async\" width=\"1000\" height=\"662\" src=\"https:\/\/fedai.az\/wp-content\/uploads\/2021\/08\/1629529442_0de-4-kcur-kcur-kcur-kcur.jpg\" alt=\"\" class=\"wp-image-46082\" srcset=\"https:\/\/fedai.az\/wp-content\/uploads\/2021\/08\/1629529442_0de-4-kcur-kcur-kcur-kcur.jpg 1000w, https:\/\/fedai.az\/wp-content\/uploads\/2021\/08\/1629529442_0de-4-kcur-kcur-kcur-kcur-300x199.jpg 300w, https:\/\/fedai.az\/wp-content\/uploads\/2021\/08\/1629529442_0de-4-kcur-kcur-kcur-kcur-150x99.jpg 150w, https:\/\/fedai.az\/wp-content\/uploads\/2021\/08\/1629529442_0de-4-kcur-kcur-kcur-kcur-768x508.jpg 768w\" sizes=\"auto, (max-width: 1000px) 100vw, 1000px\" \/><\/figure>\n\n\n\n<p><br>Burax\u0131l\u0131\u015f m\u0259rasimi ba\u015fa \u00e7atd\u0131qdan sonra d\u0259niz piyadalar\u0131n\u0131n istifad\u0259sind\u0259 olan silah v\u0259 dig\u0259r h\u0259rbi vasit\u0259l\u0259r n\u00fcmayi\u015f etdirilib. M\u0259ruz\u0259 edilib ki, bu silahlar V\u0259t\u0259n m\u00fcharib\u0259si zaman\u0131 da qar\u015f\u0131 t\u0259r\u0259fin m\u0259hv edilm\u0259sind\u0259 geni\u015f t\u0259tbiq olunub.<br><br>Sonda h\u0259rbi hiss\u0259nin \u0259razisind\u0259ki t\u0259lim poliqonunda sualt\u0131 h\u00fccum v\u0259 sualt\u0131 m\u00fcdafi\u0259 b\u00f6lm\u0259l\u0259rinin t\u0259lim epizodlar\u0131 izl\u0259nilib.<br><br>X\u00fcsusi t\u0259yinatl\u0131lar\u0131n n\u00fcmun\u0259vi \u00e7\u0131x\u0131\u015flar\u0131n\u0131 izl\u0259y\u0259n M\u00fcdafi\u0259 naziri tap\u015f\u0131r\u0131qlar\u0131n daha keyfiyy\u0259tli icra edilm\u0259si il\u0259 ba\u011fl\u0131 komandanl\u0131\u011fa m\u00fcvafiq g\u00f6st\u0259ri\u015fl\u0259r verib.<\/p>\n\n\n\n<figure class=\"wp-block-embed is-type-video is-provider-youtube wp-block-embed-youtube wp-embed-aspect-16-9 wp-has-aspect-ratio\"><div class=\"wp-block-embed__wrapper\">\n<iframe loading=\"lazy\" title=\"M\u00fcdafi\u0259 naziri \u201cD\u0259niz t\u0259m\u0259l komando kursu\u201dnun burax\u0131l\u0131\u015f m\u0259rasimind\u0259 i\u015ftirak edib\" width=\"715\" height=\"402\" src=\"https:\/\/www.youtube.com\/embed\/czafPATQ2KY?feature=oembed\" frameborder=\"0\" allow=\"accelerometer; autoplay; clipboard-write; encrypted-media; gyroscope; picture-in-picture\" allowfullscreen><\/iframe>\n<\/div><\/figure>\n","protected":false},"excerpt":{"rendered":"<p>M\u00fcdafi\u0259 naziri general-polkovnik Zakir H\u0259s\u0259nov v\u0259 nazirliyin dig\u0259r r\u0259hb\u0259r hey\u0259ti \u201cD\u0259niz t\u0259m\u0259l komando kursu\u201dnun burax\u0131l\u0131\u015f m\u0259rasimind\u0259 i\u015ftirak edib. M\u00fcdafi\u0259 Nazirliyind\u0259n\u00a0veril\u0259n m\u0259lumata g\u00f6r\u0259, H\u0259rbi D\u0259niz<\/p>\n","protected":false},"author":2,"featured_media":46084,"comment_status":"closed","ping_status":"closed","sticky":false,"template":"","format":"standard","meta":{"footnotes":""},"categories":[3],"tags":[],"class_list":["post-46081","post","type-post","status-publish","format-standard","has-post-thumbnail","hentry","category-gundm"],"aioseo_notices":[],"_links":{"self":[{"href":"https:\/\/fedai.az\/index.php?rest_route=\/wp\/v2\/posts\/46081","targetHints":{"allow":["GET"]}}],"collection":[{"href":"https:\/\/fedai.az\/index.php?rest_route=\/wp\/v2\/posts"}],"about":[{"href":"https:\/\/fedai.az\/index.php?rest_route=\/wp\/v2\/types\/post"}],"author":[{"embeddable":true,"href":"https:\/\/fedai.az\/index.php?rest_route=\/wp\/v2\/users\/2"}],"replies":[{"embeddable":true,"href":"https:\/\/fedai.az\/index.php?rest_route=%2Fwp%2Fv2%2Fcomments&post=46081"}],"version-history":[{"count":1,"href":"https:\/\/fedai.az\/index.php?rest_route=\/wp\/v2\/posts\/46081\/revisions"}],"predecessor-version":[{"id":46085,"href":"https:\/\/fedai.az\/index.php?rest_route=\/wp\/v2\/posts\/46081\/revisions\/46085"}],"wp:featuredmedia":[{"embeddable":true,"href":"https:\/\/fedai.az\/index.php?rest_route=\/wp\/v2\/media\/46084"}],"wp:attachment":[{"href":"https:\/\/fedai.az\/index.php?rest_route=%2Fwp%2Fv2%2Fmedia&parent=46081"}],"wp:term":[{"taxonomy":"category","embeddable":true,"href":"https:\/\/fedai.az\/index.php?rest_route=%2Fwp%2Fv2%2Fcategories&post=46081"},{"taxonomy":"post_tag","embeddable":true,"href":"https:\/\/fedai.az\/index.php?rest_route=%2Fwp%2Fv2%2Ftags&post=46081"}],"curies":[{"name":"wp","href":"https:\/\/api.w.org\/{rel}","templated":true}]}}