{"id":46086,"date":"2021-08-22T00:48:19","date_gmt":"2021-08-21T20:48:19","guid":{"rendered":"https:\/\/fedai.az\/?p=46086"},"modified":"2021-08-22T00:48:22","modified_gmt":"2021-08-21T20:48:22","slug":"%c9%99rdogan-il%c9%99-merkel-arasinda-telefon-danisigi-olub","status":"publish","type":"post","link":"https:\/\/fedai.az\/?p=46086","title":{"rendered":"\u018frdo\u011fan il\u0259 Merkel aras\u0131nda telefon dan\u0131\u015f\u0131\u011f\u0131 olub"},"content":{"rendered":"\n<p><strong>T\u00fcrkiy\u0259 Prezidenti R\u0259c\u0259b Tayyib \u018frdo\u011fan il\u0259 Almaniya Kansleri Angela Merkel aras\u0131nda telefon dan\u0131\u015f\u0131\u011f\u0131 olub.<\/strong><\/p>\n\n\n\n<p>Dan\u0131\u015f\u0131q \u0259snas\u0131nda ikit\u0259r\u0259fli \u0259laq\u0259l\u0259r, \u018ffqan\u0131standa ba\u015f ver\u0259n prosesl\u0259r, miqrasiya v\u0259 b\u00f6lg\u0259d\u0259ki dig\u0259r m\u0259s\u0259l\u0259l\u0259r m\u00fczakir\u0259 edilib.<\/p>\n\n\n\n<p>Prezident \u018frdo\u011fan uy\u011fun \u015f\u0259rtl\u0259rin yarad\u0131ld\u0131\u011f\u0131 t\u0259qdird\u0259 Kabul Hava Liman\u0131nda t\u0259hl\u00fck\u0259sizlik v\u0259 dig\u0259r f\u0259aliyy\u0259tl\u0259rini davam etdir\u0259c\u0259kl\u0259rini ifad\u0259 edib.<\/p>\n\n\n\n<p>T\u00fcrkiy\u0259 Prezidenti \u018ffqan\u0131standa yaranan yeni h\u00f6kum\u0259tin b\u00fct\u00f6v xalq\u0131 \u0259hat\u0259 v\u0259 t\u0259msil etm\u0259sinin, eyni zamanda \u018ffqan\u0131standan qaynaqlanan k\u00f6\u00e7 s\u0259b\u0259bi il\u0259 yarana bil\u0259c\u0259k humanitar faci\u0259nin qar\u015f\u0131s\u0131n\u0131n al\u0131nmas\u0131 m\u0259qs\u0259dil\u0259 bu insanlara qon\u015fu \u00f6lk\u0259l\u0259rd\u0259n t\u0259cili yard\u0131m g\u00f6st\u0259rilm\u0259sinin vacibliyini vur\u011fulay\u0131b.<\/p>\n","protected":false},"excerpt":{"rendered":"<p>T\u00fcrkiy\u0259 Prezidenti R\u0259c\u0259b Tayyib \u018frdo\u011fan il\u0259 Almaniya Kansleri Angela Merkel aras\u0131nda telefon dan\u0131\u015f\u0131\u011f\u0131 olub. Dan\u0131\u015f\u0131q \u0259snas\u0131nda ikit\u0259r\u0259fli \u0259laq\u0259l\u0259r, \u018ffqan\u0131standa ba\u015f ver\u0259n prosesl\u0259r, miqrasiya v\u0259<\/p>\n","protected":false},"author":2,"featured_media":46087,"comment_status":"closed","ping_status":"closed","sticky":false,"template":"","format":"standard","meta":{"footnotes":""},"categories":[1],"tags":[],"class_list":["post-46086","post","type-post","status-publish","format-standard","has-post-thumbnail","hentry","category-siyast"],"aioseo_notices":[],"_links":{"self":[{"href":"https:\/\/fedai.az\/index.php?rest_route=\/wp\/v2\/posts\/46086","targetHints":{"allow":["GET"]}}],"collection":[{"href":"https:\/\/fedai.az\/index.php?rest_route=\/wp\/v2\/posts"}],"about":[{"href":"https:\/\/fedai.az\/index.php?rest_route=\/wp\/v2\/types\/post"}],"author":[{"embeddable":true,"href":"https:\/\/fedai.az\/index.php?rest_route=\/wp\/v2\/users\/2"}],"replies":[{"embeddable":true,"href":"https:\/\/fedai.az\/index.php?rest_route=%2Fwp%2Fv2%2Fcomments&post=46086"}],"version-history":[{"count":1,"href":"https:\/\/fedai.az\/index.php?rest_route=\/wp\/v2\/posts\/46086\/revisions"}],"predecessor-version":[{"id":46088,"href":"https:\/\/fedai.az\/index.php?rest_route=\/wp\/v2\/posts\/46086\/revisions\/46088"}],"wp:featuredmedia":[{"embeddable":true,"href":"https:\/\/fedai.az\/index.php?rest_route=\/wp\/v2\/media\/46087"}],"wp:attachment":[{"href":"https:\/\/fedai.az\/index.php?rest_route=%2Fwp%2Fv2%2Fmedia&parent=46086"}],"wp:term":[{"taxonomy":"category","embeddable":true,"href":"https:\/\/fedai.az\/index.php?rest_route=%2Fwp%2Fv2%2Fcategories&post=46086"},{"taxonomy":"post_tag","embeddable":true,"href":"https:\/\/fedai.az\/index.php?rest_route=%2Fwp%2Fv2%2Ftags&post=46086"}],"curies":[{"name":"wp","href":"https:\/\/api.w.org\/{rel}","templated":true}]}}