{"id":46097,"date":"2021-08-22T01:29:36","date_gmt":"2021-08-21T21:29:36","guid":{"rendered":"https:\/\/fedai.az\/?p=46097"},"modified":"2021-08-22T11:13:06","modified_gmt":"2021-08-22T07:13:06","slug":"iran-saytinda-qarabagi-erm%c9%99nistan-%c9%99razisi-kimi-gost%c9%99r%c9%99n-s%c9%99xs-uzr-ist%c9%99yib","status":"publish","type":"post","link":"https:\/\/fedai.az\/?p=46097","title":{"rendered":"\u0130ran sayt\u0131nda Qaraba\u011f\u0131 Erm\u0259nistan \u0259razisi kimi g\u00f6st\u0259r\u0259n \u015f\u0259xs \u00fczr ist\u0259yib"},"content":{"rendered":"\n<p><strong>\u0130ran\u0131n \u201cJooiakar.com\u201d sayt\u0131nda Qaraba\u011fa g\u00f6nd\u0259ril\u0259c\u0259k i\u015f\u00e7il\u0259rin i\u015f\u0259 g\u00f6t\u00fcr\u00fclm\u0259si il\u0259 ba\u011fl\u0131 elan yerl\u0259\u015fdirilib.<\/strong><\/p>\n\n\n\n<p>Elan\u0131n m\u0259tnind\u0259 Az\u0259rbaycan\u0131n beyn\u0259lxalq s\u0259viyy\u0259d\u0259 tan\u0131nm\u0131\u015f v\u0259 i\u015f\u011faldan azad edilmi\u015f Qaraba\u011f regionu Erm\u0259nistan \u0259razisi kimi g\u00f6st\u0259rilib.<\/p>\n\n\n\n<p>\u201cErm\u0259nistan\u0131n Qaraba\u011f regionunda i\u015fl\u0259m\u0259k \u00fc\u00e7\u00fcn ixtisasl\u0131 v\u0259 qeyri-ixtisasl\u0131 ustalara ehtiyac var. \u0130\u015f\u00e7il\u0259rin saxlanmas\u0131 \u00fc\u00e7\u00fcn b\u00fct\u00fcn x\u0259rcl\u0259ri \u015firk\u0259t \u00f6z \u00fcz\u0259rin\u0259 g\u00f6t\u00fcr\u00fcr\u201d, &#8212; elan\u0131n m\u0259tnind\u0259 deyilir.<\/p>\n\n\n\n<figure class=\"wp-block-image size-large is-resized\"><img loading=\"lazy\" decoding=\"async\" src=\"https:\/\/fedai.az\/wp-content\/uploads\/2021\/08\/28a8e34d-fd0c-4335-9b7b-87086eb99d29-472x1024.jpeg\" alt=\"\" class=\"wp-image-46100\" width=\"853\" height=\"1851\" srcset=\"https:\/\/fedai.az\/wp-content\/uploads\/2021\/08\/28a8e34d-fd0c-4335-9b7b-87086eb99d29-472x1024.jpeg 472w, https:\/\/fedai.az\/wp-content\/uploads\/2021\/08\/28a8e34d-fd0c-4335-9b7b-87086eb99d29-138x300.jpeg 138w, https:\/\/fedai.az\/wp-content\/uploads\/2021\/08\/28a8e34d-fd0c-4335-9b7b-87086eb99d29-69x150.jpeg 69w, https:\/\/fedai.az\/wp-content\/uploads\/2021\/08\/28a8e34d-fd0c-4335-9b7b-87086eb99d29-708x1536.jpeg 708w, https:\/\/fedai.az\/wp-content\/uploads\/2021\/08\/28a8e34d-fd0c-4335-9b7b-87086eb99d29.jpeg 738w\" sizes=\"auto, (max-width: 853px) 100vw, 853px\" \/><\/figure>\n\n\n\n<p>\u0130ran \u0130slam Respublikas\u0131n\u0131n Az\u0259rbaycandak\u0131 s\u0259firliyi&nbsp;<\/p>\n\n\n\n<p>saytda elan yerl\u0259\u015fdir\u0259n \u015f\u0259xsl\u0259 \u0259laq\u0259 saxlay\u0131b. S\u0259firliyin n\u00fcmay\u0259nd\u0259si Seyid \u018fli Mus\u0259vi bildirib ki, elan\u0131 yerl\u0259\u015fdir\u0259n \u015f\u0259xs Qaraba\u011f\u0131n Az\u0259rbaycana aid oldu\u011funu bilm\u0259m\u0259sin\u0259 i\u015far\u0259 edib v\u0259 s\u0259hvin\u0259 g\u00f6r\u0259 Az\u0259rbaycan m\u00fcs\u0259lmanlar\u0131ndan \u00fczr ist\u0259yib.<\/p>\n\n\n\n<p>Sayt\u0131n r\u0259smisi reklam\u0131 tezlikl\u0259 \u201cJooiakar\u201d sayt\u0131ndan v\u0259 b\u00fct\u00fcn sosial \u015f\u0259b\u0259k\u0259l\u0259rd\u0259n sil\u0259c\u0259yin\u0259 d\u0259 s\u00f6z verib.<\/p>\n\n\n\n<p><strong>M\u0259nb\u0259: Qazet.az<\/strong><\/p>\n\n\n\n<p><strong>P.S. Xat\u0131rlay\u0131rs\u0131n\u0131zsa, Rusiyan\u0131n \u0130randak\u0131 erm\u0259ni s\u0259firi Levan Caqaryan olmas\u0131, Yeni \u0130sfahanda v\u0259 Tehrandayerli erm\u0259nil\u0259rl\u0259, h\u0259tta farslarla Qaraba\u011fa k\u00f6\u00e7 t\u0259\u015fkil etm\u0259k \u00fc\u00e7\u00fcn g\u00f6r\u00fc\u015fl\u0259r ke\u00e7irdiyini yazm\u0131\u015fd\u0131q.<\/strong> <\/p>\n\n\n\n<p>Bu elan m\u0259tni dedikl\u0259rimizin \u0259yani s\u00fcbutudur. \u0130ranin anti \u0130slam v\u0259 anti m\u0259zh\u0259b bir xisl\u0259tinin n\u00fcmun\u0259sidir.<\/p>\n\n\n\n<p>(Bax: <a href=\"https:\/\/fedai.az\/?p=33884&amp;fbclid=IwAR35O0yenj06afIl39R4rCrrJA0NjztEu0bNmFDc3A_KdQFJgPs2k67GYr8\">https:\/\/fedai.az\/?p=33884&amp;fbclid=IwAR35O0yenj06afIl39R4rCrrJA0NjztEu0bNmFDc3A_KdQFJgPs2k67GYr8<\/a>)<\/p>\n\n\n\n<p><strong>Levan Caqaryan 2011-ci ilin oktyabr\u0131ndan Rusiyan\u0131n \u0130randak\u0131 f\u00f6vq\u0259lad\u0259 v\u0259 s\u0259lahiyy\u0259tli s\u0259firidir. 1957-ci ild\u0259 Tiflisd\u0259 do\u011fulmu\u015f diplomat MQ\u0130MO m\u0259zunudur. Bir s\u0131ra diplomatik misssiyalarda i\u015fl\u0259yib. Fars, ingilis v\u0259 frans\u0131z dill\u0259rini bilir. Erm\u0259ni fa\u015fizmi, h\u0259qiq\u0259t\u0259n d\u0259 fars \u015fovinizmi il\u0259 qarda\u015f oldu\u011funu d\u0259f\u0259l\u0259rl\u0259 s\u00fcbut edib. Allah h\u0259r ikisin\u0259 l\u0259n\u0259t el\u0259sin!<\/strong><\/p>\n","protected":false},"excerpt":{"rendered":"<p>\u0130ran\u0131n \u201cJooiakar.com\u201d sayt\u0131nda Qaraba\u011fa g\u00f6nd\u0259ril\u0259c\u0259k i\u015f\u00e7il\u0259rin i\u015f\u0259 g\u00f6t\u00fcr\u00fclm\u0259si il\u0259 ba\u011fl\u0131 elan yerl\u0259\u015fdirilib. Elan\u0131n m\u0259tnind\u0259 Az\u0259rbaycan\u0131n beyn\u0259lxalq s\u0259viyy\u0259d\u0259 tan\u0131nm\u0131\u015f v\u0259 i\u015f\u011faldan azad edilmi\u015f Qaraba\u011f regionu<\/p>\n","protected":false},"author":2,"featured_media":46098,"comment_status":"closed","ping_status":"closed","sticky":false,"template":"","format":"standard","meta":{"footnotes":""},"categories":[15],"tags":[],"class_list":["post-46097","post","type-post","status-publish","format-standard","has-post-thumbnail","hentry","category-atmaca"],"aioseo_notices":[],"_links":{"self":[{"href":"https:\/\/fedai.az\/index.php?rest_route=\/wp\/v2\/posts\/46097","targetHints":{"allow":["GET"]}}],"collection":[{"href":"https:\/\/fedai.az\/index.php?rest_route=\/wp\/v2\/posts"}],"about":[{"href":"https:\/\/fedai.az\/index.php?rest_route=\/wp\/v2\/types\/post"}],"author":[{"embeddable":true,"href":"https:\/\/fedai.az\/index.php?rest_route=\/wp\/v2\/users\/2"}],"replies":[{"embeddable":true,"href":"https:\/\/fedai.az\/index.php?rest_route=%2Fwp%2Fv2%2Fcomments&post=46097"}],"version-history":[{"count":4,"href":"https:\/\/fedai.az\/index.php?rest_route=\/wp\/v2\/posts\/46097\/revisions"}],"predecessor-version":[{"id":46147,"href":"https:\/\/fedai.az\/index.php?rest_route=\/wp\/v2\/posts\/46097\/revisions\/46147"}],"wp:featuredmedia":[{"embeddable":true,"href":"https:\/\/fedai.az\/index.php?rest_route=\/wp\/v2\/media\/46098"}],"wp:attachment":[{"href":"https:\/\/fedai.az\/index.php?rest_route=%2Fwp%2Fv2%2Fmedia&parent=46097"}],"wp:term":[{"taxonomy":"category","embeddable":true,"href":"https:\/\/fedai.az\/index.php?rest_route=%2Fwp%2Fv2%2Fcategories&post=46097"},{"taxonomy":"post_tag","embeddable":true,"href":"https:\/\/fedai.az\/index.php?rest_route=%2Fwp%2Fv2%2Ftags&post=46097"}],"curies":[{"name":"wp","href":"https:\/\/api.w.org\/{rel}","templated":true}]}}