{"id":46120,"date":"2021-08-22T03:06:36","date_gmt":"2021-08-21T23:06:36","guid":{"rendered":"https:\/\/fedai.az\/?p=46120"},"modified":"2021-08-22T03:10:47","modified_gmt":"2021-08-21T23:10:47","slug":"balak%c9%99n-veteranlari-s%c9%99hid-m%c9%99zarini-ziyar%c9%99t-edibl%c9%99r","status":"publish","type":"post","link":"https:\/\/fedai.az\/?p=46120","title":{"rendered":"Balak\u0259n veteranlar\u0131 \u015f\u0259hid m\u0259zar\u0131n\u0131 ziyar\u0259t edibl\u0259r"},"content":{"rendered":"\n<p><strong>Balak\u0259n rayonunda \u015f\u0259hid, 44 g\u00fcnl\u00fck V\u0259t\u0259n m\u00fcharib\u0259sind\u0259 g\u00f6st\u0259rdiyi \u015f\u00fcca\u0259tl\u0259r 3 medala layiq g\u00f6r\u00fclm\u00fc\u015f, &#171;V\u0259t\u0259n M\u00fcharib\u0259si Q\u0259hr\u0259man\u0131&#187;, gizir Amin Tac\u0259ddin o\u011flu Novruzovun \u0259ziz xatir\u0259si yad edilib.<\/strong><\/p>\n\n\n\n<p><strong>Az\u0259rbaycan V\u0259t\u0259n M\u00fcharib\u0259si Veteranlar\u0131 Ictimai Birliyi (AVMV\u0130B) Balak\u0259n rayon \u015f\u00f6b\u0259si s\u0259dri Ayd\u0131n Abdullayevin<\/strong> r\u0259hb\u0259rliyi il\u0259 rayonun m\u00fcharib\u0259 veteranlar\u0131 m\u0259rasimd\u0259 i\u015ftirak edibl\u0259r.<\/p>\n\n\n\n<figure class=\"wp-block-gallery columns-2 is-cropped wp-block-gallery-1 is-layout-flex wp-block-gallery-is-layout-flex\"><ul class=\"blocks-gallery-grid\"><li class=\"blocks-gallery-item\"><figure><img loading=\"lazy\" decoding=\"async\" width=\"251\" height=\"252\" src=\"https:\/\/fedai.az\/wp-content\/uploads\/2021\/08\/b7-2.jpg\" alt=\"\" data-id=\"46122\" data-link=\"https:\/\/fedai.az\/?attachment_id=46122\" class=\"wp-image-46122\" srcset=\"https:\/\/fedai.az\/wp-content\/uploads\/2021\/08\/b7-2.jpg 251w, https:\/\/fedai.az\/wp-content\/uploads\/2021\/08\/b7-2-150x150.jpg 150w, https:\/\/fedai.az\/wp-content\/uploads\/2021\/08\/b7-2-215x215.jpg 215w\" sizes=\"auto, (max-width: 251px) 100vw, 251px\" \/><\/figure><\/li><li class=\"blocks-gallery-item\"><figure><img loading=\"lazy\" decoding=\"async\" width=\"268\" height=\"230\" src=\"https:\/\/fedai.az\/wp-content\/uploads\/2021\/08\/b6-5.jpg\" alt=\"\" data-id=\"46123\" data-full-url=\"https:\/\/fedai.az\/wp-content\/uploads\/2021\/08\/b6-5.jpg\" data-link=\"https:\/\/fedai.az\/?attachment_id=46123\" class=\"wp-image-46123\" srcset=\"https:\/\/fedai.az\/wp-content\/uploads\/2021\/08\/b6-5.jpg 268w, https:\/\/fedai.az\/wp-content\/uploads\/2021\/08\/b6-5-150x129.jpg 150w\" sizes=\"auto, (max-width: 268px) 100vw, 268px\" \/><\/figure><\/li><\/ul><\/figure>\n\n\n\n<p>\u015e\u0259hid Amin Novruzovun ruhuna duaslar oxunub v\u0259 m\u0259zar\u0131na g\u00fcll\u0259r qoyulub.<\/p>\n\n\n\n<p>M\u00fcharib\u0259 veteranlar\u0131: &#171;\u015e\u0259had\u0259tin m\u00fcbar\u0259k, V\u0259t\u0259n o\u011flu! dey\u0259 ziyar\u0259ti yekunla\u015fd\u0131r\u0131blar.<\/p>\n\n\n\n<p><strong>Vaqif H\u00fcmb\u0259tov<\/strong><\/p>\n\n\n\n<p><strong>AVMV\u0130B Balak\u0259n rayon \u015f\u00f6b\u0259sinin s\u0259dr m\u00fcavini<\/strong><\/p>\n","protected":false},"excerpt":{"rendered":"<p>Balak\u0259n rayonunda \u015f\u0259hid, 44 g\u00fcnl\u00fck V\u0259t\u0259n m\u00fcharib\u0259sind\u0259 g\u00f6st\u0259rdiyi \u015f\u00fcca\u0259tl\u0259r 3 medala layiq g\u00f6r\u00fclm\u00fc\u015f, &#171;V\u0259t\u0259n M\u00fcharib\u0259si Q\u0259hr\u0259man\u0131&#187;, gizir Amin Tac\u0259ddin o\u011flu Novruzovun \u0259ziz xatir\u0259si yad<\/p>\n","protected":false},"author":2,"featured_media":46124,"comment_status":"closed","ping_status":"closed","sticky":false,"template":"","format":"standard","meta":{"footnotes":""},"categories":[5],"tags":[],"class_list":["post-46120","post","type-post","status-publish","format-standard","has-post-thumbnail","hentry","category-veteran"],"aioseo_notices":[],"_links":{"self":[{"href":"https:\/\/fedai.az\/index.php?rest_route=\/wp\/v2\/posts\/46120","targetHints":{"allow":["GET"]}}],"collection":[{"href":"https:\/\/fedai.az\/index.php?rest_route=\/wp\/v2\/posts"}],"about":[{"href":"https:\/\/fedai.az\/index.php?rest_route=\/wp\/v2\/types\/post"}],"author":[{"embeddable":true,"href":"https:\/\/fedai.az\/index.php?rest_route=\/wp\/v2\/users\/2"}],"replies":[{"embeddable":true,"href":"https:\/\/fedai.az\/index.php?rest_route=%2Fwp%2Fv2%2Fcomments&post=46120"}],"version-history":[{"count":2,"href":"https:\/\/fedai.az\/index.php?rest_route=\/wp\/v2\/posts\/46120\/revisions"}],"predecessor-version":[{"id":46127,"href":"https:\/\/fedai.az\/index.php?rest_route=\/wp\/v2\/posts\/46120\/revisions\/46127"}],"wp:featuredmedia":[{"embeddable":true,"href":"https:\/\/fedai.az\/index.php?rest_route=\/wp\/v2\/media\/46124"}],"wp:attachment":[{"href":"https:\/\/fedai.az\/index.php?rest_route=%2Fwp%2Fv2%2Fmedia&parent=46120"}],"wp:term":[{"taxonomy":"category","embeddable":true,"href":"https:\/\/fedai.az\/index.php?rest_route=%2Fwp%2Fv2%2Fcategories&post=46120"},{"taxonomy":"post_tag","embeddable":true,"href":"https:\/\/fedai.az\/index.php?rest_route=%2Fwp%2Fv2%2Ftags&post=46120"}],"curies":[{"name":"wp","href":"https:\/\/api.w.org\/{rel}","templated":true}]}}