{"id":46128,"date":"2021-08-22T03:17:43","date_gmt":"2021-08-21T23:17:43","guid":{"rendered":"https:\/\/fedai.az\/?p=46128"},"modified":"2021-08-22T03:17:47","modified_gmt":"2021-08-21T23:17:47","slug":"qazil%c9%99rimiz-torpaqlarimizi-isgaldan-azad-ed%c9%99nl%c9%99rin-sirasinda-olmaq-qururludur","status":"publish","type":"post","link":"https:\/\/fedai.az\/?p=46128","title":{"rendered":"Qazil\u0259rimiz: \u201cTORPAQLARIMIZI \u0130\u015e\u011eALDAN AZAD ED\u018fNL\u018fR\u0130N SIRASINDA OLMAQ Q\u00dcRURLUDUR\u201d"},"content":{"rendered":"\n<p><strong>V\u0259t\u0259n m\u00fcharib\u0259si zaman\u0131 m\u0259cburi k\u00f6\u00e7k\u00fcn ail\u0259l\u0259rind\u0259n olan, do\u011fulduqlar\u0131 torpaqlar\u0131n h\u0259sr\u0259ti il\u0259 ya\u015fayan h\u0259rbi qulluq\u00e7ular da d\u00f6y\u00fc\u015f \u0259m\u0259liyyatlar\u0131nda f\u0259al i\u015ftirak etmi\u015f v\u0259 \u00fcz\u0259ril\u0259rin\u0259 d\u00fc\u015f\u0259n v\u0259zif\u0259l\u0259ri \u015f\u0259r\u0259fl\u0259 yerin\u0259 yetirmi\u015fl\u0259r. F\u00fczuli rayonundan m\u0259cburi k\u00f6\u00e7k\u00fcn gizir \u015eiraz H\u0259s\u0259nov V\u0259t\u0259n m\u00fcharib\u0259sind\u0259 torpaqlar\u0131m\u0131z\u0131n i\u015f\u011faldan azad edilm\u0259sind\u0259 igidlik g\u00f6st\u0259rib. Birinci Qaraba\u011f m\u00fcharib\u0259si zaman\u0131 ail\u0259sini do\u011fma torpaqdan did\u0259rgin salan d\u00fc\u015fm\u0259nd\u0259n intiqam\u0131n al\u0131naca\u011f\u0131 g\u00fcn\u00fc \u015eiraz s\u0259brsizlikl\u0259 g\u00f6zl\u0259yib.<\/strong><\/p>\n\n\n\n<p><strong>Birinci Qaraba\u011f m\u00fcharib\u0259sinin i\u015ftirak\u00e7\u0131s\u0131 olan atas\u0131 Elburus H\u0259s\u0259nov, day\u0131s\u0131 \u0130smay\u0131l H\u0259s\u0259novun d\u00f6y\u00fc\u015f yolunu \u015eiraz \u015f\u0259r\u0259fl\u0259 v\u0259 l\u0259yaq\u0259tl\u0259 davam etdirib.<\/strong><\/p>\n\n\n\n<p>1983-c\u00fc il aprelin 26-da F\u00fczuli rayonunun Qaraxanb\u0259yli k\u0259ndind\u0259 anadan olan h\u0259rbi qulluq\u00e7umuzun xidm\u0259t yolu z\u0259ngin v\u0259 \u00e7ox\u015fax\u0259lidir. O, 2001-ci ilin oktyabr ay\u0131ndan 2003-c\u00fc ilin aprel ay\u0131nad\u0259k M\u00fcdafi\u0259 Nazirliyinin \u201cN\u201d sayl\u0131 h\u0259rbi hiss\u0259sind\u0259 m\u00fcdd\u0259tli h\u0259qiqi h\u0259rbi xidm\u0259t ke\u00e7ib. 5 il\u0259 yax\u0131n daxili i\u015fl\u0259r orqanlar\u0131nda polis serjant\u0131 kimi xidm\u0259t edib. Daxili Qo\u015funlarda h\u0259rbi xidm\u0259t\u0259 2008-ci ilin aprel ay\u0131ndan Bak\u0131da yerl\u0259\u015f\u0259n \u201cN\u201d sayl\u0131 h\u0259rbi hiss\u0259nin x\u00fcsusi t\u0259yinatl\u0131 d\u0259st\u0259sind\u0259 ba\u015flay\u0131b. 2012-ci ilin avqust ay\u0131nda m\u00fcqavil\u0259sinin vaxt\u0131 bit\u0259n qazimiz bir il \u018fdliyy\u0259 Nazirliyinin Penitensiar Xidm\u0259tind\u0259 m\u00fchafiz\u0259\u00e7i v\u0259zif\u0259sind\u0259 i\u015fl\u0259yib.<\/p>\n\n\n\n<figure class=\"wp-block-image size-large is-resized\"><img loading=\"lazy\" decoding=\"async\" src=\"https:\/\/fedai.az\/wp-content\/uploads\/2021\/08\/IMG-20210820-WA0017-518x1024.jpg\" alt=\"\" class=\"wp-image-46129\" width=\"914\" height=\"1807\" srcset=\"https:\/\/fedai.az\/wp-content\/uploads\/2021\/08\/IMG-20210820-WA0017-518x1024.jpg 518w, https:\/\/fedai.az\/wp-content\/uploads\/2021\/08\/IMG-20210820-WA0017-152x300.jpg 152w, https:\/\/fedai.az\/wp-content\/uploads\/2021\/08\/IMG-20210820-WA0017-76x150.jpg 76w, https:\/\/fedai.az\/wp-content\/uploads\/2021\/08\/IMG-20210820-WA0017.jpg 591w\" sizes=\"auto, (max-width: 914px) 100vw, 914px\" \/><\/figure>\n\n\n\n<p>X\u00fcsusi t\u0259yinatl\u0131lar\u0131n s\u0131ralar\u0131nda xidm\u0259t etm\u0259k onun u\u015faql\u0131q arzusu oldu\u011funa g\u00f6r\u0259 yenid\u0259n, 2013-c\u00fc ilin noyabr ay\u0131nda qo\u015funlar\u0131n Bak\u0131dak\u0131 \u201cN\u201d sayl\u0131 h\u0259rbi hiss\u0259nin x\u00fcsusi t\u0259yinatl\u0131 b\u00f6lm\u0259sind\u0259 yar\u0131mqrup komandiri v\u0259zif\u0259sind\u0259 xidm\u0259t\u0259 q\u0259bul olunub. 2016-c\u0131 ilin noyabr ay\u0131nda is\u0259 Daxili Qo\u015funlar\u0131n hac\u0131qabul rayonunda yerl\u0259\u015f\u0259n \u201cN\u201d sayl\u0131 h\u0259rbi hiss\u0259nin x\u00fcsusi t\u0259yinatl\u0131 b\u00f6lm\u0259sind\u0259 eyni v\u0259zif\u0259y\u0259 ke\u00e7irilib.<\/p>\n\n\n\n<p>V\u0259t\u0259n m\u00fcharib\u0259sin\u0259d\u0259k olan d\u00f6vrd\u0259 gizirimiz 3-c\u00fc v\u0259 2-ci d\u0259r\u0259c\u0259li \u201cQ\u00fcsursuz xidm\u0259t\u0259 g\u00f6r\u0259\u201d medallar\u0131, \u201cAz\u0259rbaycan Respublikas\u0131 Silahl\u0131 Q\u00fcvv\u0259l\u0259rinin 90 illiyi\u201d yubiley medal\u0131, \u201cAz\u0259rbaycan Respublikas\u0131 Daxili \u0130\u015fl\u0259r Nazirliyinin Daxili Qo\u015funlar\u0131n\u0131n 20 illiyi\u201d yubiley d\u00f6\u015f ni\u015fan\u0131 il\u0259 t\u0259ltif olunub.<\/p>\n\n\n\n<p>Bir \u00e7ox t\u0259dris kursunda t\u0259hsil alan qazimiz vaxt ke\u00e7dikc\u0259 pe\u015f\u0259karl\u0131q bax\u0131m\u0131ndan daha da p\u00fcxt\u0259l\u0259\u015fib. \u201cN\u201d sayl\u0131 h\u0259rbi hiss\u0259d\u0259 \u201cYarasa\u201d \u015f\u0259rti ad\u0131 da\u015f\u0131yan x\u00fcsusi t\u0259yinatl\u0131 d\u0259st\u0259nin komandiri, \u201cZ\u0259f\u0259r\u201d ordeni v\u0259 \u201c\u015eu\u015fan\u0131n azad olunmas\u0131na g\u00f6r\u0259\u201d medal\u0131 il\u0259 t\u0259ltif edilmi\u015f polkovnik-leytenant Anar Rizvanov d\u0259st\u0259d\u0259 yar\u0131mqrup komandiri kimi xidm\u0259t etmi\u015f gizir \u015e.H\u0259s\u0259novun qarda\u015f T\u00fcrkiy\u0259 Respublikas\u0131nda ke\u00e7diyi kurslarda qazand\u0131\u011f\u0131 t\u0259cr\u00fcb\u0259, habel\u0259 yiy\u0259l\u0259ndiyi bilikl\u0259rd\u0259n m\u00fcharib\u0259d\u0259 m\u0259har\u0259tl\u0259 b\u0259hr\u0259l\u0259ndiyini, d\u00fc\u015fm\u0259n\u0259 qar\u015f\u0131 c\u0259surcas\u0131na vuru\u015fdu\u011funu, \u00fcmumilikd\u0259, onun \u00f6z h\u0259rb\u00e7i bacar\u0131\u011f\u0131, m\u00fcsb\u0259t \u015f\u0259xsi keyfiyy\u0259tl\u0259rin\u0259 g\u00f6r\u0259 silahda\u015flar\u0131 aras\u0131nda h\u00f6rm\u0259t qazand\u0131\u011f\u0131n\u0131 vur\u011fulad\u0131.<\/p>\n\n\n\n<p>27 sentyabr 2020-ci il tarixind\u0259 Az\u0259rbaycan Ordusunun Qaraba\u011fda ba\u015flad\u0131\u011f\u0131 u\u011furlu \u0259ks-h\u00fccum \u0259m\u0259liyyat\u0131 n\u0259tic\u0259sind\u0259 qazimizin anadan oldu\u011fu F\u00fczuli rayonunun Qaraxanb\u0259yli k\u0259ndinin azad edilm\u0259si d\u00f6y\u00fc\u015fl\u0259r\u0259 qat\u0131lan gizirimizd\u0259 ruh y\u00fcks\u0259kliyi yarad\u0131b. D\u00f6y\u00fc\u015f yolunun sonu q\u0259l\u0259b\u0259 il\u0259 yekunla\u015fsa da, h\u0259min yolun \u00e7\u0259tinlikl\u0259rini, a\u011fr\u0131-ac\u0131lar\u0131n\u0131 o he\u00e7 vaxt unutmayacaq. \u018fvv\u0259lc\u0259 C\u0259bray\u0131l, F\u00fczuli rayonlar\u0131nda m\u00f6vqel\u0259rimizin m\u00fcdafi\u0259si v\u0259 erm\u0259nil\u0259rin diversiya-k\u0259\u015ffiyyat qruplar\u0131n\u0131n qar\u015f\u0131s\u0131n\u0131n al\u0131nmas\u0131 \u00fczr\u0259 tap\u015f\u0131r\u0131qlar\u0131 yerin\u0259 yetir\u0259n qazimizin daxil oldu\u011fu qrup sonra \u015eu\u015faya do\u011fru istiqam\u0259t al\u0131b.<\/p>\n\n\n\n<p>D\u00f6y\u00fc\u015f\u00e7\u00fcl\u0259rimiz \u015eu\u015faya me\u015f\u0259 v\u0259 da\u011fl\u0131q \u0259razid\u0259n ke\u00e7\u0259r\u0259k h\u0259ml\u0259 etmi\u015fl\u0259r. Onlar Hadrutdan \u015eu\u015fa istiqam\u0259tind\u0259 h\u0259r\u0259k\u0259t ed\u0259rk\u0259n me\u015f\u0259d\u0259 d\u00fc\u015fm\u0259nin minaatanlardan at\u0259\u015fin\u0259 m\u0259ruz qal\u0131blar. Burada bir ne\u00e7\u0259 n\u0259f\u0259r h\u0259rbi qulluq\u00e7umuz \u015f\u0259hid olub v\u0259 yaralan\u0131b. \u015eiraz yaralanm\u0131\u015f h\u0259rbi qulluq\u00e7ular\u0131m\u0131za ilkin tibbi yard\u0131m g\u00f6st\u0259rib, onlara a\u011fr\u0131k\u0259sici iyn\u0259 vurub, sar\u011f\u0131 v\u0259 jqutla qanaxmalar\u0131n\u0131 k\u0259sm\u0259y\u0259 \u00e7al\u0131\u015f\u0131b.<\/p>\n\n\n\n<p>\u015eiraz bildirdi ki, xidm\u0259t etdiyi h\u0259rbi hiss\u0259nin bu m\u00fcharib\u0259d\u0259 ilk \u015f\u0259hidi \u0259sg\u0259r N\u0259zir Osmanovdur, ona ilk tibbi yard\u0131m g\u00f6st\u0259rilm\u0259sin\u0259 baxmayaraq, ba\u015f\u0131ndan ald\u0131\u011f\u0131 q\u0259lp\u0259 yaras\u0131ndan d\u00fcnyas\u0131n\u0131 d\u0259yi\u015fib.<\/p>\n\n\n\n<p>M\u00fcbariz\u0259 \u0259zmi q\u0131r\u0131lmayan h\u0259rbi qulluq\u00e7ular\u0131m\u0131z yaral\u0131 v\u0259 \u015f\u0259hidl\u0259rin olmas\u0131na baxmayaraq, \u201cir\u0259li\u201d \u0259mri il\u0259 d\u00fc\u015fm\u0259nin \u00fcst\u00fcn\u0259 \u015f\u0131\u011f\u0131y\u0131blar. 2020-ci il noyabr ay\u0131n\u0131n 4-d\u0259 \u015eiraz\u0131n daxil oldu\u011fu v\u0259 dig\u0259r qruplar \u015eu\u015fa-La\u00e7\u0131n yolu \u00fcz\u0259rind\u0259ki y\u00fcks\u0259klikd\u0259 yerl\u0259\u015f\u0259n d\u00fc\u015fm\u0259n postlar\u0131n\u0131 alaraq, \u015eu\u015faya ged\u0259n yolu n\u0259zar\u0259t\u0259 g\u00f6t\u00fcr\u00fcbl\u0259r. Tap\u015f\u0131r\u0131\u011fa \u0259sas\u0259n, \u015eu\u015fa-La\u00e7\u0131n yolunun m\u00fcdafi\u0259sini dig\u0259r qruplara verib, \u015eu\u015fa-Xank\u0259ndi yolu istiqam\u0259tind\u0259 ir\u0259lil\u0259yibl\u0259r. Onlara \u015eu\u015fadan Xank\u0259ndiy\u0259 ged\u0259n yolu n\u0259zar\u0259t\u0259 g\u00f6t\u00fcrm\u0259k v\u0259 P\u0259nah\u0259li xan qalas\u0131 t\u0259r\u0259fd\u0259n \u015eu\u015faya daxil olmaq tap\u015f\u0131r\u0131\u011f\u0131 verilib.<\/p>\n\n\n\n<p>Qazimiz noyabr\u0131n 5-d\u0259n 8-n\u0259 kimi \u015eu\u015fa \u0259traf\u0131nda me\u015f\u0259 v\u0259 d\u0259r\u0259l\u0259rd\u0259, \u015eu\u015fa-Xank\u0259ndi yolunda g\u0259rgin d\u00f6y\u00fc\u015fl\u0259rin getdiyini bildirdi. Burada d\u00fc\u015fm\u0259nin \u00e7oxlu sayda texnikas\u0131 v\u0259 \u015f\u0259xsi hey\u0259ti m\u0259hv edilib. O, d\u00f6y\u00fc\u015f\u00e7\u00fc yolda\u015f\u0131n\u0131 \u00f6l\u00fcmd\u0259n qurtard\u0131\u011f\u0131 m\u0259qam bar\u0259d\u0259 d\u0259 dan\u0131\u015fd\u0131. Tap\u015f\u0131r\u0131\u011fa \u0259sas\u0259n, pusqu qrupuna veril\u0259n gizir \u015e.H\u0259s\u0259nov v\u0259 Daxili Qo\u015funlar\u0131n Hac\u0131qabuldak\u0131 \u201cN\u201d sayl\u0131 h\u0259rbi hiss\u0259sinin x\u00fcsusi t\u0259yinatl\u0131s\u0131, pulemyot\u00e7u ba\u015f \u00e7avu\u015f Cavid Mahmudov qo\u015funlar\u0131n L\u0259nk\u0259ran rayonunda yerl\u0259\u015f\u0259n \u201cN\u201d sayl\u0131 h\u0259rbi hiss\u0259sinin x\u00fcsusi t\u0259yinatl\u0131lar\u0131 il\u0259 birlikd\u0259 Xank\u0259ndid\u0259n \u015eu\u015faya g\u0259l\u0259n yolu ba\u011flamal\u0131 idil\u0259r. \u015eiraz s\u00f6yl\u0259di ki, Xank\u0259ndi istiqam\u0259tind\u0259n d\u00fc\u015fm\u0259n tanklardan v\u0259 m\u00fcxt\u0259lif n\u00f6v artilleriya il\u0259 bizim q\u00fcvv\u0259l\u0259ri at\u0259\u015f\u0259 tuturdu. D\u00fc\u015fm\u0259n hiyl\u0259 i\u015fl\u0259d\u0259r\u0259k, tank\u0131n i\u00e7in\u0259 2 n\u0259f\u0259r diversant yerl\u0259\u015fdirm\u0259kl\u0259 bizim pulemyot\u00e7unun oldu\u011fu at\u0259\u015f n\u00f6qt\u0259sini susdurmaq ist\u0259yirdi. Tankdan d\u00fc\u015f\u0259n diversantlardan birinin ba\u015f \u00e7avu\u015f C.Mahmudova yax\u0131nla\u015fd\u0131\u011f\u0131n\u0131 g\u00f6r\u00fcr. Onu z\u0259r\u0259rsizl\u0259\u015fdirm\u0259k \u00fc\u00e7\u00fcn \u015eiraz d\u00fc\u015fm\u0259ni d\u0259qiq ni\u015fan al\u0131b avtomat\u0131 il\u0259 at\u0259\u015f a\u00e7araq m\u0259hv edir. Bel\u0259likl\u0259, ba\u015f \u00e7avu\u015f C.Mahmudovu d\u00fc\u015fm\u0259n g\u00fcll\u0259sin\u0259 tu\u015f g\u0259lm\u0259kd\u0259n qurtar\u0131r.<\/p>\n\n\n\n<p>Daxili Qo\u015funlar\u0131n H\u0259rbi Qospital\u0131nda m\u00fcalic\u0259 olunan yaral\u0131 h\u0259rbi qulluq\u00e7ular\u0131m\u0131zla g\u00f6r\u00fc\u015f zaman\u0131 qo\u015funlar\u0131n L\u0259nk\u0259randak\u0131 \u201cN\u201d sayl\u0131 h\u0259rbi hiss\u0259sinin x\u00fcsusi t\u0259yinatl\u0131s\u0131 \u00e7avu\u015f Nicat \u018flizad\u0259 (haz\u0131rda polis orqan\u0131nda xidm\u0259tini davam etdirir) m\u0259niml\u0259 s\u00f6hb\u0259tind\u0259 \u015eiraz\u0131n qorxmazl\u0131\u011f\u0131 il\u0259 b\u0259rab\u0259r, h\u0259m\u00e7inin, d\u00f6y\u00fc\u015f\u00e7\u00fc yolda\u015flar\u0131na m\u00fcnasib\u0259td\u0259 yard\u0131msev\u0259rliyini vur\u011fulad\u0131: \u201cNoyabr ay\u0131n\u0131n 6-s\u0131 \u015eu\u015fa-Xank\u0259ndi yolunda d\u00fc\u015fm\u0259nin tankdan at\u0259\u015fi n\u0259tic\u0259sind\u0259 m\u0259rmi yan\u0131m\u0131za d\u00fc\u015fm\u00fc\u015fd\u00fc. M\u0259n \u00f6z\u00fcm\u00fc qorumaq \u00fc\u00e7\u00fcn s\u0259ng\u0259r\u0259 tullanark\u0259n q\u0259lp\u0259 m\u0259nim sol \u0259limin 2 barma\u011f\u0131n\u0131 apard\u0131, \u0259limd\u0259ki silah\u0131 is\u0259 2 yer\u0259 b\u00f6ld\u00fc. M\u0259n\u0259 d\u0259rhal \u015eiraz \u00fcr\u0259k-dir\u0259k ver\u0259r\u0259k ilkin tibbi yard\u0131m g\u00f6st\u0259rdi. Qanaxman\u0131 dayand\u0131rmaq \u00fc\u00e7\u00fcn qolumu jqutla m\u00f6hk\u0259m ba\u011flad\u0131, sonra barmaqlar\u0131m\u0131n par\u00e7alanmas\u0131n\u0131 g\u00f6rm\u0259yim dey\u0259 \u0259limi t\u0259nzifl\u0259 sar\u0131d\u0131\u201d.<\/p>\n\n\n\n<p>Qazimiz noyabr ay\u0131n\u0131n 7-si P\u0259nah\u0259li xan qalas\u0131nda 120 mm-lik minaatan m\u0259rmisinin partlamas\u0131 n\u0259tic\u0259sind\u0259 \u0259lind\u0259n v\u0259 qolundan \u00e7oxlu sayda q\u0259lp\u0259 yaras\u0131 al\u0131b. Lakin buna baxmayaraq, yaral\u0131 halda h\u0259min g\u00fcn ax\u015fama q\u0259d\u0259r d\u00f6y\u00fc\u015f\u00e7\u00fc yolda\u015flar\u0131 il\u0259 birlikd\u0259 d\u00f6y\u00fc\u015f\u00fc davam etdirib. \u015eiraz Daxili Qo\u015funlar\u0131n \u201cN\u201d sayl\u0131 h\u0259rbi hiss\u0259sinin x\u00fcsusi t\u0259yinatl\u0131lar\u0131 kapitan Ramin R\u0259himov v\u0259 \u00e7avu\u015f Elvin M\u0259mm\u0259dovun ona z\u0259ruri ilkin tibbi yard\u0131m g\u00f6st\u0259rdikl\u0259rini minn\u0259tdarl\u0131qla s\u00f6yl\u0259di.&nbsp;<\/p>\n\n\n\n<p>H\u0259rbi qulluq\u00e7umuz noyabr\u0131n 8-i sanitar ma\u015f\u0131n\u0131 il\u0259 Hadruta, sonra F\u00fczuli Rayon X\u0259st\u0259xanas\u0131na apar\u0131l\u0131b. Daha sonra, noyabr\u0131n 9-u m\u00fcalic\u0259sini davam etdirm\u0259k \u00fc\u00e7\u00fcn Daxili Qo\u015funlar\u0131n H\u0259rbi Qospital\u0131na g\u0259tirilib.<\/p>\n\n\n\n<p><strong>Az\u0259rbaycan Respublikas\u0131 Prezidentinin 29 dekabr 2020-ci il tarixli m\u00fcvafiq S\u0259r\u0259ncam\u0131 il\u0259 gizir \u015eiraz H\u0259s\u0259nov \u201c\u015eu\u015fan\u0131n azad olunmas\u0131na g\u00f6r\u0259\u201d v\u0259 \u201cK\u0259lb\u0259c\u0259rin azad olunmas\u0131na g\u00f6r\u0259\u201d medallar\u0131 il\u0259 t\u0259ltif edilib.<\/strong><\/p>\n\n\n\n<p>\u0130ki \u00f6vlad atas\u0131 olan \u015eiraz\u0131n m\u00fcharib\u0259nin od-alovundan ke\u00e7\u0259r\u0259k ail\u0259sinin ba\u015f\u0131na d\u00f6nm\u0259si do\u011fmalar\u0131 \u00fc\u00e7\u00fcn b\u00f6y\u00fck sevincdir.<\/p>\n\n\n\n<p><strong>Kapitan Sad\u0131q R\u0259fiyev\u00a0<\/strong><\/p>\n\n\n\n<p><em><strong>D\u0130N-in Daxili Qo\u015funlar\u0131n\u0131n m\u0259tbuat xidm\u0259tind\u0259 zabit<\/strong><\/em><\/p>\n","protected":false},"excerpt":{"rendered":"<p>V\u0259t\u0259n m\u00fcharib\u0259si zaman\u0131 m\u0259cburi k\u00f6\u00e7k\u00fcn ail\u0259l\u0259rind\u0259n olan, do\u011fulduqlar\u0131 torpaqlar\u0131n h\u0259sr\u0259ti il\u0259 ya\u015fayan h\u0259rbi qulluq\u00e7ular da d\u00f6y\u00fc\u015f \u0259m\u0259liyyatlar\u0131nda f\u0259al i\u015ftirak etmi\u015f v\u0259 \u00fcz\u0259ril\u0259rin\u0259 d\u00fc\u015f\u0259n v\u0259zif\u0259l\u0259ri<\/p>\n","protected":false},"author":2,"featured_media":46130,"comment_status":"closed","ping_status":"closed","sticky":false,"template":"","format":"standard","meta":{"footnotes":""},"categories":[5],"tags":[],"class_list":["post-46128","post","type-post","status-publish","format-standard","has-post-thumbnail","hentry","category-veteran"],"aioseo_notices":[],"_links":{"self":[{"href":"https:\/\/fedai.az\/index.php?rest_route=\/wp\/v2\/posts\/46128","targetHints":{"allow":["GET"]}}],"collection":[{"href":"https:\/\/fedai.az\/index.php?rest_route=\/wp\/v2\/posts"}],"about":[{"href":"https:\/\/fedai.az\/index.php?rest_route=\/wp\/v2\/types\/post"}],"author":[{"embeddable":true,"href":"https:\/\/fedai.az\/index.php?rest_route=\/wp\/v2\/users\/2"}],"replies":[{"embeddable":true,"href":"https:\/\/fedai.az\/index.php?rest_route=%2Fwp%2Fv2%2Fcomments&post=46128"}],"version-history":[{"count":1,"href":"https:\/\/fedai.az\/index.php?rest_route=\/wp\/v2\/posts\/46128\/revisions"}],"predecessor-version":[{"id":46131,"href":"https:\/\/fedai.az\/index.php?rest_route=\/wp\/v2\/posts\/46128\/revisions\/46131"}],"wp:featuredmedia":[{"embeddable":true,"href":"https:\/\/fedai.az\/index.php?rest_route=\/wp\/v2\/media\/46130"}],"wp:attachment":[{"href":"https:\/\/fedai.az\/index.php?rest_route=%2Fwp%2Fv2%2Fmedia&parent=46128"}],"wp:term":[{"taxonomy":"category","embeddable":true,"href":"https:\/\/fedai.az\/index.php?rest_route=%2Fwp%2Fv2%2Fcategories&post=46128"},{"taxonomy":"post_tag","embeddable":true,"href":"https:\/\/fedai.az\/index.php?rest_route=%2Fwp%2Fv2%2Ftags&post=46128"}],"curies":[{"name":"wp","href":"https:\/\/api.w.org\/{rel}","templated":true}]}}