{"id":46138,"date":"2021-08-22T03:32:28","date_gmt":"2021-08-21T23:32:28","guid":{"rendered":"https:\/\/fedai.az\/?p=46138"},"modified":"2021-08-22T10:58:11","modified_gmt":"2021-08-22T06:58:11","slug":"ukrayna-s%c9%99rh%c9%99dcil%c9%99ri-rusiya-il%c9%99-s%c9%99rh%c9%99di-gucl%c9%99ndirm%c9%99y%c9%99-basladilar","status":"publish","type":"post","link":"https:\/\/fedai.az\/?p=46138","title":{"rendered":"Ukrayna s\u0259rh\u0259d\u00e7il\u0259ri Rusiya il\u0259 s\u0259rh\u0259di g\u00fccl\u0259ndirm\u0259y\u0259 ba\u015flad\u0131lar"},"content":{"rendered":"\n<p><strong>Sum\u0131 b\u00f6lg\u0259sind\u0259ki Ukrayna s\u0259rh\u0259d\u00e7il\u0259ri Rusiya il\u0259 s\u0259rh\u0259d hiss\u0259sini \u0259lav\u0259 olaraq g\u00fccl\u0259ndirm\u0259y\u0259 ba\u015flad\u0131lar.<\/strong><\/p>\n\n\n\n<p>Bu bar\u0259d\u0259 avqustun 21 -d\u0259 \u00f6lk\u0259nin D\u00f6vl\u0259t S\u0259rh\u0259d Xidm\u0259tinin sayt\u0131nda m\u0259lumat verilib.<\/p>\n\n\n\n<p>D\u0259st\u0259d\u0259 yarad\u0131lan m\u00fch\u0259ndis qrupunun \u0259sas v\u0259zif\u0259sinin, d\u00f6vl\u0259t s\u0259rh\u0259dinin t\u0259hl\u00fck\u0259 alt\u0131na d\u00fc\u015f\u0259 bil\u0259c\u0259k hiss\u0259l\u0259rind\u0259 n\u0259qliyyat \u0259leyhin\u0259 x\u0259nd\u0259kl\u0259r d\u00fcz\u0259ltm\u0259k oldu\u011fu bildirilir.<\/p>\n\n\n\n<p>&#171;Sum\u0131 vilay\u0259tind\u0259ki be\u015finci s\u0259rh\u0259d d\u0259st\u0259si, Sum\u0131 b\u00f6lg\u0259si daxilind\u0259 d\u00f6vl\u0259t s\u0259rh\u0259dinin Ukrayna -Rusiya hiss\u0259sinin m\u00fch\u0259ndislik t\u0259nziml\u0259m\u0259 sistemini t\u0259kmill\u0259\u015fdirm\u0259y\u0259 davam edir&#187;, &#8212; materialda qeyd olunur.<\/p>\n\n\n\n<p>Bu g\u00fcn veb saytdak\u0131 m\u0259lumatlara g\u00f6r\u0259, d\u0259st\u0259 Rusiya Federasiyas\u0131 il\u0259 d\u00f6vl\u0259t s\u0259rh\u0259dinin uzunlu\u011fu 560 km -d\u0259n \u00e7ox olan bir hiss\u0259sini qoruyur ki, bunun da 100 km -i \u00e7ayd\u0131r.<\/p>\n\n\n\n<p>\u0130yulun 30 -da Oleksiy Danilov Ukrayna prezidenti Vladimir Zelenskinin \u00f6lk\u0259 s\u0259rh\u0259dl\u0259rini &#171;d\u00f6y\u00fc\u015f qaydalar\u0131na uy\u011funla\u015fd\u0131rmaq&#187; \u0259mrini verdiyini s\u00f6yl\u0259mi\u015fdi.<\/p>\n","protected":false},"excerpt":{"rendered":"<p>Sum\u0131 b\u00f6lg\u0259sind\u0259ki Ukrayna s\u0259rh\u0259d\u00e7il\u0259ri Rusiya il\u0259 s\u0259rh\u0259d hiss\u0259sini \u0259lav\u0259 olaraq g\u00fccl\u0259ndirm\u0259y\u0259 ba\u015flad\u0131lar. Bu bar\u0259d\u0259 avqustun 21 -d\u0259 \u00f6lk\u0259nin D\u00f6vl\u0259t S\u0259rh\u0259d Xidm\u0259tinin sayt\u0131nda m\u0259lumat verilib.<\/p>\n","protected":false},"author":2,"featured_media":46139,"comment_status":"closed","ping_status":"closed","sticky":false,"template":"","format":"standard","meta":{"footnotes":""},"categories":[13],"tags":[],"class_list":["post-46138","post","type-post","status-publish","format-standard","has-post-thumbnail","hentry","category-xarici"],"aioseo_notices":[],"_links":{"self":[{"href":"https:\/\/fedai.az\/index.php?rest_route=\/wp\/v2\/posts\/46138","targetHints":{"allow":["GET"]}}],"collection":[{"href":"https:\/\/fedai.az\/index.php?rest_route=\/wp\/v2\/posts"}],"about":[{"href":"https:\/\/fedai.az\/index.php?rest_route=\/wp\/v2\/types\/post"}],"author":[{"embeddable":true,"href":"https:\/\/fedai.az\/index.php?rest_route=\/wp\/v2\/users\/2"}],"replies":[{"embeddable":true,"href":"https:\/\/fedai.az\/index.php?rest_route=%2Fwp%2Fv2%2Fcomments&post=46138"}],"version-history":[{"count":2,"href":"https:\/\/fedai.az\/index.php?rest_route=\/wp\/v2\/posts\/46138\/revisions"}],"predecessor-version":[{"id":46144,"href":"https:\/\/fedai.az\/index.php?rest_route=\/wp\/v2\/posts\/46138\/revisions\/46144"}],"wp:featuredmedia":[{"embeddable":true,"href":"https:\/\/fedai.az\/index.php?rest_route=\/wp\/v2\/media\/46139"}],"wp:attachment":[{"href":"https:\/\/fedai.az\/index.php?rest_route=%2Fwp%2Fv2%2Fmedia&parent=46138"}],"wp:term":[{"taxonomy":"category","embeddable":true,"href":"https:\/\/fedai.az\/index.php?rest_route=%2Fwp%2Fv2%2Fcategories&post=46138"},{"taxonomy":"post_tag","embeddable":true,"href":"https:\/\/fedai.az\/index.php?rest_route=%2Fwp%2Fv2%2Ftags&post=46138"}],"curies":[{"name":"wp","href":"https:\/\/api.w.org\/{rel}","templated":true}]}}