{"id":46162,"date":"2021-08-22T14:02:14","date_gmt":"2021-08-22T10:02:14","guid":{"rendered":"https:\/\/fedai.az\/?p=46162"},"modified":"2021-08-22T14:02:17","modified_gmt":"2021-08-22T10:02:17","slug":"movqel%c9%99rimiz-rusiya-m%c9%99suliyy%c9%99t-zonasindan-at%c9%99s%c9%99-tutulub","status":"publish","type":"post","link":"https:\/\/fedai.az\/?p=46162","title":{"rendered":"M\u00f6vqel\u0259rimiz Rusiya m\u0259suliyy\u0259t zonas\u0131ndan at\u0259\u015f\u0259 tutulub"},"content":{"rendered":"\n<p><strong>Rusiya s\u00fclhm\u0259raml\u0131lar\u0131n\u0131n m\u00fcv\u0259qq\u0259ti yerl\u0259\u015fdirildiyi Az\u0259rbaycan \u0259razisind\u0259ki qanunsuz erm\u0259ni silahl\u0131 d\u0259st\u0259l\u0259ri t\u0259r\u0259find\u0259n avqustun 21-i saat 23:40-dan etibar\u0259n avqustun 22-i saat 00:40-d\u0259k A\u011fdam rayonunun Mu\u011fanl\u0131, Xocal\u0131 rayonunun S\u0131\u011fnax v\u0259 Xocav\u0259nd rayonunun Ta\u011favard ya\u015fay\u0131\u015f m\u0259nt\u0259q\u0259l\u0259ri istiqam\u0259tind\u0259 yerl\u0259\u015f\u0259n Az\u0259rbaycan Ordusunun m\u00f6vqel\u0259ri at\u0131c\u0131 silahlardan fasil\u0259l\u0259rl\u0259 at\u0259\u015f\u0259 tutulub.<\/strong><\/p>\n\n\n\n<figure class=\"wp-block-image size-large is-resized\"><img loading=\"lazy\" decoding=\"async\" src=\"https:\/\/fedai.az\/wp-content\/uploads\/2021\/08\/BGTI-1.jpg\" alt=\"\" class=\"wp-image-46164\" width=\"919\" height=\"895\" srcset=\"https:\/\/fedai.az\/wp-content\/uploads\/2021\/08\/BGTI-1.jpg 504w, https:\/\/fedai.az\/wp-content\/uploads\/2021\/08\/BGTI-1-300x292.jpg 300w, https:\/\/fedai.az\/wp-content\/uploads\/2021\/08\/BGTI-1-150x146.jpg 150w\" sizes=\"auto, (max-width: 919px) 100vw, 919px\" \/><\/figure>\n\n\n\n<p>M\u00fcdafi\u0259 Nazirliyind\u0259n veril\u0259n m\u0259lumata g\u00f6r\u0259, cavab at\u0259\u015fil\u0259 qar\u015f\u0131 t\u0259r\u0259f susdurulub.<\/p>\n\n\n\n<p>Az\u0259rbaycan Ordusunun \u015f\u0259xsi hey\u0259ti aras\u0131nda itki yoxdur.<\/p>\n\n\n\n<p>\u018fm\u0259liyyat \u015f\u0259raiti b\u00f6lm\u0259l\u0259rimizin n\u0259zar\u0259ti alt\u0131ndad\u0131r.<\/p>\n\n\n\n<p><strong><span class=\"has-inline-color has-vivid-red-color\">\u0130\u015f\u011faldan azad edilmi\u015f \u0259razil\u0259rimizd\u0259 Rusiya m\u0259suliyy\u0259t zonas\u0131 adlanan \u0259razil\u0259rd\u0259 t\u0259cili antiterror \u0259m\u0259liyyatlar\u0131na start verilm\u0259lidir. \u018fg\u0259r RF i\u015f\u011fal g\u00fccl\u0259ri at\u0131lan g\u00fcll\u0259l\u0259r\u0259 g\u00f6r\u0259 m\u0259suliyy\u0259tini d\u0259rk etmirs\u0259, qoy gedib erm\u0259ni arvadlar\u0131n\u0131n abtafas\u0131yla oynas\u0131nlar: \u0130VAN, \u0130D\u0130 DOMOY!<\/span><\/strong><\/p>\n","protected":false},"excerpt":{"rendered":"<p>Rusiya s\u00fclhm\u0259raml\u0131lar\u0131n\u0131n m\u00fcv\u0259qq\u0259ti yerl\u0259\u015fdirildiyi Az\u0259rbaycan \u0259razisind\u0259ki qanunsuz erm\u0259ni silahl\u0131 d\u0259st\u0259l\u0259ri t\u0259r\u0259find\u0259n avqustun 21-i saat 23:40-dan etibar\u0259n avqustun 22-i saat 00:40-d\u0259k A\u011fdam rayonunun Mu\u011fanl\u0131, Xocal\u0131<\/p>\n","protected":false},"author":2,"featured_media":46165,"comment_status":"closed","ping_status":"closed","sticky":false,"template":"","format":"standard","meta":{"footnotes":""},"categories":[4],"tags":[],"class_list":["post-46162","post","type-post","status-publish","format-standard","has-post-thumbnail","hentry","category-qarabag"],"aioseo_notices":[],"_links":{"self":[{"href":"https:\/\/fedai.az\/index.php?rest_route=\/wp\/v2\/posts\/46162","targetHints":{"allow":["GET"]}}],"collection":[{"href":"https:\/\/fedai.az\/index.php?rest_route=\/wp\/v2\/posts"}],"about":[{"href":"https:\/\/fedai.az\/index.php?rest_route=\/wp\/v2\/types\/post"}],"author":[{"embeddable":true,"href":"https:\/\/fedai.az\/index.php?rest_route=\/wp\/v2\/users\/2"}],"replies":[{"embeddable":true,"href":"https:\/\/fedai.az\/index.php?rest_route=%2Fwp%2Fv2%2Fcomments&post=46162"}],"version-history":[{"count":1,"href":"https:\/\/fedai.az\/index.php?rest_route=\/wp\/v2\/posts\/46162\/revisions"}],"predecessor-version":[{"id":46166,"href":"https:\/\/fedai.az\/index.php?rest_route=\/wp\/v2\/posts\/46162\/revisions\/46166"}],"wp:featuredmedia":[{"embeddable":true,"href":"https:\/\/fedai.az\/index.php?rest_route=\/wp\/v2\/media\/46165"}],"wp:attachment":[{"href":"https:\/\/fedai.az\/index.php?rest_route=%2Fwp%2Fv2%2Fmedia&parent=46162"}],"wp:term":[{"taxonomy":"category","embeddable":true,"href":"https:\/\/fedai.az\/index.php?rest_route=%2Fwp%2Fv2%2Fcategories&post=46162"},{"taxonomy":"post_tag","embeddable":true,"href":"https:\/\/fedai.az\/index.php?rest_route=%2Fwp%2Fv2%2Ftags&post=46162"}],"curies":[{"name":"wp","href":"https:\/\/api.w.org\/{rel}","templated":true}]}}