{"id":46179,"date":"2021-08-23T00:12:20","date_gmt":"2021-08-22T20:12:20","guid":{"rendered":"https:\/\/fedai.az\/?p=46179"},"modified":"2021-08-23T00:12:23","modified_gmt":"2021-08-22T20:12:23","slug":"putin-b%c9%99z%c9%99n-lavrova-mudafi%c9%99-naziri-olmadigini-xatirladiram","status":"publish","type":"post","link":"https:\/\/fedai.az\/?p=46179","title":{"rendered":"Putin: B\u0259z\u0259n Lavrova m\u00fcdafi\u0259 naziri olmad\u0131\u011f\u0131n\u0131 xat\u0131rlad\u0131ram"},"content":{"rendered":"\n<p><strong>Rusiya etibarl\u0131 t\u0259r\u0259fda\u015flara deyil, \u00f6z g\u00fcc\u00fcn\u0259 g\u00fcv\u0259nm\u0259lidir.<\/strong><\/p>\n\n\n\n<p>Bu s\u00f6zl\u0259ri Rusiya Prezidenti Vladimir Putin Vahid Rusiya Partiyas\u0131n\u0131n iclas\u0131nda \u00e7\u0131x\u015f\u0131nda deyib.<\/p>\n\n\n\n<p>D\u00f6vl\u0259t ba\u015f\u00e7\u0131s\u0131 Xarici \u0130\u015fl\u0259r Nazirliyinin milli m\u0259nafe bax\u0131m\u0131ndan olduqca praqmatik \u015f\u0259kild\u0259 \u00e7al\u0131\u015fd\u0131\u011f\u0131n\u0131 bildirib.<\/p>\n\n\n\n<p>Putin \u201cB\u0259z\u0259n Sergey Lavrova m\u00fcdafi\u0259 naziri deyil, xarici i\u015fl\u0259r naziri oldu\u011funu xat\u0131rlatmaq m\u0259cburiyy\u0259tind\u0259 qal\u0131ram\u201d dey\u0259 zarafatyana \u015f\u0259kild\u0259 iclasda bildirib.<\/p>\n\n\n\n<p>M\u0259nb\u0259: Axar.az<\/p>\n","protected":false},"excerpt":{"rendered":"<p>Rusiya etibarl\u0131 t\u0259r\u0259fda\u015flara deyil, \u00f6z g\u00fcc\u00fcn\u0259 g\u00fcv\u0259nm\u0259lidir. Bu s\u00f6zl\u0259ri Rusiya Prezidenti Vladimir Putin Vahid Rusiya Partiyas\u0131n\u0131n iclas\u0131nda \u00e7\u0131x\u015f\u0131nda deyib. D\u00f6vl\u0259t ba\u015f\u00e7\u0131s\u0131 Xarici \u0130\u015fl\u0259r Nazirliyinin<\/p>\n","protected":false},"author":2,"featured_media":46180,"comment_status":"closed","ping_status":"closed","sticky":false,"template":"","format":"standard","meta":{"footnotes":""},"categories":[13],"tags":[],"class_list":["post-46179","post","type-post","status-publish","format-standard","has-post-thumbnail","hentry","category-xarici"],"aioseo_notices":[],"_links":{"self":[{"href":"https:\/\/fedai.az\/index.php?rest_route=\/wp\/v2\/posts\/46179","targetHints":{"allow":["GET"]}}],"collection":[{"href":"https:\/\/fedai.az\/index.php?rest_route=\/wp\/v2\/posts"}],"about":[{"href":"https:\/\/fedai.az\/index.php?rest_route=\/wp\/v2\/types\/post"}],"author":[{"embeddable":true,"href":"https:\/\/fedai.az\/index.php?rest_route=\/wp\/v2\/users\/2"}],"replies":[{"embeddable":true,"href":"https:\/\/fedai.az\/index.php?rest_route=%2Fwp%2Fv2%2Fcomments&post=46179"}],"version-history":[{"count":1,"href":"https:\/\/fedai.az\/index.php?rest_route=\/wp\/v2\/posts\/46179\/revisions"}],"predecessor-version":[{"id":46181,"href":"https:\/\/fedai.az\/index.php?rest_route=\/wp\/v2\/posts\/46179\/revisions\/46181"}],"wp:featuredmedia":[{"embeddable":true,"href":"https:\/\/fedai.az\/index.php?rest_route=\/wp\/v2\/media\/46180"}],"wp:attachment":[{"href":"https:\/\/fedai.az\/index.php?rest_route=%2Fwp%2Fv2%2Fmedia&parent=46179"}],"wp:term":[{"taxonomy":"category","embeddable":true,"href":"https:\/\/fedai.az\/index.php?rest_route=%2Fwp%2Fv2%2Fcategories&post=46179"},{"taxonomy":"post_tag","embeddable":true,"href":"https:\/\/fedai.az\/index.php?rest_route=%2Fwp%2Fv2%2Ftags&post=46179"}],"curies":[{"name":"wp","href":"https:\/\/api.w.org\/{rel}","templated":true}]}}