{"id":46185,"date":"2021-08-23T00:21:24","date_gmt":"2021-08-22T20:21:24","guid":{"rendered":"https:\/\/fedai.az\/?p=46185"},"modified":"2021-08-23T01:41:33","modified_gmt":"2021-08-22T21:41:33","slug":"milyardlarla-dollar-d%c9%99y%c9%99ri-olan-silahlar-talibanin-%c9%99lin%c9%99-kecdi","status":"publish","type":"post","link":"https:\/\/fedai.az\/?p=46185","title":{"rendered":"Milyardlarla dollar d\u0259y\u0259ri olan silahlar &#171;Taliban&#187;\u0131n \u0259lin\u0259 ke\u00e7di"},"content":{"rendered":"\n<p><strong>AB\u015e ordusunun t\u0259lim ke\u00e7diyi v\u0259 silahla t\u0259min etdiyi \u018ffqan\u0131stan t\u0259hl\u00fck\u0259sizlik q\u00fcvv\u0259l\u0259rinin paytaxt Kabild\u0259n geri \u00e7\u0259kilm\u0259sind\u0259n sonra \u00e7ox sayda Amerika istehsal\u0131 olan silah &#171;Taliban&#187; q\u00fcvv\u0259l\u0259rinin \u0259lin\u0259 ke\u00e7ib.<\/strong><\/p>\n\n\n\n<p><br>Qaynarinfo T\u00fcrkiy\u0259 medias\u0131na istinad\u0259n x\u0259b\u0259r verir ki, g\u00fcnl\u0259rdir AB\u015e medias\u0131nda m\u00fczakir\u0259 olunan fakt art\u0131q t\u0259sdiqini tap\u0131b. \u018fl\u0259 ke\u00e7iril\u0259n silahlar\u0131n \u00fcmumi d\u0259y\u0259ri milyard dollarla \u00f6\u00e7l\u00fcl\u00fcr.<\/p>\n\n\n\n<p><br>\u018ffqan\u0131standan yay\u0131lan son g\u00f6r\u00fcnt\u00fcl\u0259rd\u0259 &#171;Taliban&#187; \u00fczvl\u0259rin\u0131n AB\u015e silahlar\u0131 il\u0259 silahland\u0131\u011f\u0131 g\u00f6r\u00fcn\u00fcr. G\u00f6r\u00fcnt\u00fcl\u0259rin t\u0259bli\u011fat m\u0259qs\u0259di il\u0259 &#171;Taliban&#187; t\u0259r\u0259find\u0259n yay\u0131mland\u0131\u011f\u0131 ehtimal olunur.\u00a0<\/p>\n\n\n\n<p>\u018ffqan\u0131stan m\u0259tbuat\u0131nda yer alan m\u0259lumatlara g\u00f6r\u0259, AB\u015e son 4 ild\u0259 yerli t\u0259hl\u00fck\u0259sizlik q\u00fcvv\u0259l\u0259rin\u0259 208 t\u0259yyar\u0259, 4700 &#171;Humvee&#187; d\u0259 daxil olmaqla 75 min h\u0259rbi avtomobil verib. Bunlar\u0131n \u0259ks\u0259riyy\u0259ti &#171;Taliban&#187;\u0131n \u0259lin\u0259 ke\u00e7ib.<\/p>\n\n\n\n<p><br>Haz\u0131rda h\u0259rak\u0259t \u00fczvl\u0259rinin \u0259lind\u0259 &#171;Black Hawk&#187; helikopterleri v\u0259 &#171;A-29 Super Tucano&#187; h\u00fccum t\u0259yyar\u0259si d\u0259 var.&nbsp;<\/p>\n","protected":false},"excerpt":{"rendered":"<p>AB\u015e ordusunun t\u0259lim ke\u00e7diyi v\u0259 silahla t\u0259min etdiyi \u018ffqan\u0131stan t\u0259hl\u00fck\u0259sizlik q\u00fcvv\u0259l\u0259rinin paytaxt Kabild\u0259n geri \u00e7\u0259kilm\u0259sind\u0259n sonra \u00e7ox sayda Amerika istehsal\u0131 olan silah &#171;Taliban&#187; q\u00fcvv\u0259l\u0259rinin<\/p>\n","protected":false},"author":2,"featured_media":46186,"comment_status":"closed","ping_status":"closed","sticky":false,"template":"","format":"standard","meta":{"footnotes":""},"categories":[13],"tags":[],"class_list":["post-46185","post","type-post","status-publish","format-standard","has-post-thumbnail","hentry","category-xarici"],"aioseo_notices":[],"_links":{"self":[{"href":"https:\/\/fedai.az\/index.php?rest_route=\/wp\/v2\/posts\/46185","targetHints":{"allow":["GET"]}}],"collection":[{"href":"https:\/\/fedai.az\/index.php?rest_route=\/wp\/v2\/posts"}],"about":[{"href":"https:\/\/fedai.az\/index.php?rest_route=\/wp\/v2\/types\/post"}],"author":[{"embeddable":true,"href":"https:\/\/fedai.az\/index.php?rest_route=\/wp\/v2\/users\/2"}],"replies":[{"embeddable":true,"href":"https:\/\/fedai.az\/index.php?rest_route=%2Fwp%2Fv2%2Fcomments&post=46185"}],"version-history":[{"count":2,"href":"https:\/\/fedai.az\/index.php?rest_route=\/wp\/v2\/posts\/46185\/revisions"}],"predecessor-version":[{"id":46208,"href":"https:\/\/fedai.az\/index.php?rest_route=\/wp\/v2\/posts\/46185\/revisions\/46208"}],"wp:featuredmedia":[{"embeddable":true,"href":"https:\/\/fedai.az\/index.php?rest_route=\/wp\/v2\/media\/46186"}],"wp:attachment":[{"href":"https:\/\/fedai.az\/index.php?rest_route=%2Fwp%2Fv2%2Fmedia&parent=46185"}],"wp:term":[{"taxonomy":"category","embeddable":true,"href":"https:\/\/fedai.az\/index.php?rest_route=%2Fwp%2Fv2%2Fcategories&post=46185"},{"taxonomy":"post_tag","embeddable":true,"href":"https:\/\/fedai.az\/index.php?rest_route=%2Fwp%2Fv2%2Ftags&post=46185"}],"curies":[{"name":"wp","href":"https:\/\/api.w.org\/{rel}","templated":true}]}}