{"id":46188,"date":"2021-08-23T00:31:20","date_gmt":"2021-08-22T20:31:20","guid":{"rendered":"https:\/\/fedai.az\/?p=46188"},"modified":"2021-08-23T00:31:24","modified_gmt":"2021-08-22T20:31:24","slug":"vladimir-zelenski-angela-merkeli-azadliq-ordeni-il%c9%99-t%c9%99ltif-edib","status":"publish","type":"post","link":"https:\/\/fedai.az\/?p=46188","title":{"rendered":"Vladimir Zelenski Angela Merkeli \u201cAzadl\u0131q\u201d ordeni il\u0259 t\u0259ltif edib"},"content":{"rendered":"\n<p><strong>Ukrayna prezidenti Vladimir Zelenski Almaniyan\u0131n federal kansleri Angela Merkeli \u201cAzadl\u0131q\u201d ordeni il\u0259 t\u0259ltif edib.<\/strong><\/p>\n\n\n\n<p>M\u00fcvafiq f\u0259rman d\u00f6vl\u0259t ba\u015f\u00e7\u0131s\u0131n\u0131n sayt\u0131nda d\u0259rc edilib.<\/p>\n\n\n\n<p>&#171;Ukrayna-Almaniya d\u00f6vl\u0259tl\u0259raras\u0131 \u0259m\u0259kda\u015fl\u0131\u011f\u0131n\u0131n g\u00fclc\u0259ndirilm\u0259sind\u0259, Ukraynan\u0131n d\u00f6vl\u0259t m\u00fcst\u0259qilliyin\u0259 v\u0259 \u0259razi b\u00fct\u00f6vl\u00fcy\u00fcn\u0259 d\u0259st\u0259k verilm\u0259sind\u0259 g\u00f6rk\u0259mli xidm\u0259tl\u0259rin\u0259 g\u00f6r\u0259 q\u0259rara al\u0131ram: Almaniyan\u0131n Federal kansleri Angela Merkel \u201cAzadl\u0131q\u201d ordeni il\u0259 m\u00fckafatland\u0131r\u0131ls\u0131n&#187;, &#8212; f\u0259rman\u0131n m\u0259tnind\u0259 deyilir.<\/p>\n\n\n\n<p>Orden Ukraynan\u0131n suverenliyinin v\u0259 m\u00fcst\u0259qilliyinin b\u0259rq\u0259rar olmas\u0131, Ukrayna c\u0259miyy\u0259tinin birliyinin m\u00f6hk\u0259ml\u0259ndirilm\u0259si, demokratiyan\u0131n inki\u015faf\u0131, sosial-iqtisadi v\u0259 siyasi islahatlar\u0131n apar\u0131lmas\u0131, insan v\u0259 v\u0259t\u0259nda\u015f konstitusiya h\u00fcquq v\u0259 azadl\u0131qlar\u0131n\u0131n qorunmas\u0131 sah\u0259sind\u0259 g\u00f6rk\u0259mli v\u0259 x\u00fcsusi xidm\u0259tl\u0259rin\u0259 g\u00f6r\u0259 v\u0259t\u0259nda\u015flar\u0131 m\u00fckafatland\u0131rmaq \u00fc\u00e7\u00fcn t\u0259sis edilib.<\/p>\n\n\n\n<p>Qeyd ed\u0259k ki, Angela Merkel bir g\u00fcnl\u00fck r\u0259smi s\u0259f\u0259rl\u0259 Ukraynadad\u0131r. O, bu g\u00fcn Zelenski il\u0259 g\u00f6r\u00fc\u015f\u00fcb. (&#171;Report&#187;)<\/p>\n","protected":false},"excerpt":{"rendered":"<p>Ukrayna prezidenti Vladimir Zelenski Almaniyan\u0131n federal kansleri Angela Merkeli \u201cAzadl\u0131q\u201d ordeni il\u0259 t\u0259ltif edib. M\u00fcvafiq f\u0259rman d\u00f6vl\u0259t ba\u015f\u00e7\u0131s\u0131n\u0131n sayt\u0131nda d\u0259rc edilib. &#171;Ukrayna-Almaniya d\u00f6vl\u0259tl\u0259raras\u0131 \u0259m\u0259kda\u015fl\u0131\u011f\u0131n\u0131n<\/p>\n","protected":false},"author":2,"featured_media":46189,"comment_status":"closed","ping_status":"closed","sticky":false,"template":"","format":"standard","meta":{"footnotes":""},"categories":[1],"tags":[],"class_list":["post-46188","post","type-post","status-publish","format-standard","has-post-thumbnail","hentry","category-siyast"],"aioseo_notices":[],"_links":{"self":[{"href":"https:\/\/fedai.az\/index.php?rest_route=\/wp\/v2\/posts\/46188","targetHints":{"allow":["GET"]}}],"collection":[{"href":"https:\/\/fedai.az\/index.php?rest_route=\/wp\/v2\/posts"}],"about":[{"href":"https:\/\/fedai.az\/index.php?rest_route=\/wp\/v2\/types\/post"}],"author":[{"embeddable":true,"href":"https:\/\/fedai.az\/index.php?rest_route=\/wp\/v2\/users\/2"}],"replies":[{"embeddable":true,"href":"https:\/\/fedai.az\/index.php?rest_route=%2Fwp%2Fv2%2Fcomments&post=46188"}],"version-history":[{"count":1,"href":"https:\/\/fedai.az\/index.php?rest_route=\/wp\/v2\/posts\/46188\/revisions"}],"predecessor-version":[{"id":46190,"href":"https:\/\/fedai.az\/index.php?rest_route=\/wp\/v2\/posts\/46188\/revisions\/46190"}],"wp:featuredmedia":[{"embeddable":true,"href":"https:\/\/fedai.az\/index.php?rest_route=\/wp\/v2\/media\/46189"}],"wp:attachment":[{"href":"https:\/\/fedai.az\/index.php?rest_route=%2Fwp%2Fv2%2Fmedia&parent=46188"}],"wp:term":[{"taxonomy":"category","embeddable":true,"href":"https:\/\/fedai.az\/index.php?rest_route=%2Fwp%2Fv2%2Fcategories&post=46188"},{"taxonomy":"post_tag","embeddable":true,"href":"https:\/\/fedai.az\/index.php?rest_route=%2Fwp%2Fv2%2Ftags&post=46188"}],"curies":[{"name":"wp","href":"https:\/\/api.w.org\/{rel}","templated":true}]}}