{"id":46195,"date":"2021-08-23T00:59:33","date_gmt":"2021-08-22T20:59:33","guid":{"rendered":"https:\/\/fedai.az\/?p=46195"},"modified":"2021-08-23T00:59:39","modified_gmt":"2021-08-22T20:59:39","slug":"az%c9%99rbaycanda-peyv%c9%99nd-olunanlarin-son-sayi-aciqlandi","status":"publish","type":"post","link":"https:\/\/fedai.az\/?p=46195","title":{"rendered":"Az\u0259rbaycanda peyv\u0259nd olunanlar\u0131n son say\u0131 a\u00e7\u0131qland\u0131"},"content":{"rendered":"\n<p><strong>Az\u0259rbaycanda son sutkada koronavirus (COVID-19) \u0259leyhin\u0259 60 191 vaksin vurulub.<\/strong><\/p>\n\n\n\n<p><br>Nazirl\u0259r Kabineti yan\u0131nda Operativ Q\u0259rargahdan veril\u0259n m\u0259lumata g\u00f6r\u0259, bir g\u00fcnd\u0259 birinci m\u0259rh\u0259l\u0259 \u00fczr\u0259 vaksinasiya olunanlar\u0131n say\u0131 45 649, ikinci m\u0259rh\u0259l\u0259 \u00fczr\u0259 vaksinasiya olunanlar\u0131n say\u0131 14 542 n\u0259f\u0259rdir.<\/p>\n\n\n\n<p><br>\u00d6lk\u0259d\u0259 vurulan vaksinl\u0259rin \u00fcmumi say\u0131 6 170 376, o c\u00fcml\u0259d\u0259n birinci m\u0259rh\u0259l\u0259 \u00fczr\u0259 vaksinasiya olunanlar\u0131n \u00fcmumi say\u0131 <strong>3 713 143<\/strong> , ikinci m\u0259rh\u0259l\u0259 \u00fczr\u0259 vaksinasiya olunanlar\u0131n say\u0131 is\u0259 <strong>2 457 233<\/strong> t\u0259\u015fkil edir.<\/p>\n","protected":false},"excerpt":{"rendered":"<p>Az\u0259rbaycanda son sutkada koronavirus (COVID-19) \u0259leyhin\u0259 60 191 vaksin vurulub. Nazirl\u0259r Kabineti yan\u0131nda Operativ Q\u0259rargahdan veril\u0259n m\u0259lumata g\u00f6r\u0259, bir g\u00fcnd\u0259 birinci m\u0259rh\u0259l\u0259 \u00fczr\u0259 vaksinasiya<\/p>\n","protected":false},"author":2,"featured_media":46196,"comment_status":"closed","ping_status":"closed","sticky":false,"template":"","format":"standard","meta":{"footnotes":""},"categories":[12],"tags":[],"class_list":["post-46195","post","type-post","status-publish","format-standard","has-post-thumbnail","hentry","category-sosial"],"aioseo_notices":[],"_links":{"self":[{"href":"https:\/\/fedai.az\/index.php?rest_route=\/wp\/v2\/posts\/46195","targetHints":{"allow":["GET"]}}],"collection":[{"href":"https:\/\/fedai.az\/index.php?rest_route=\/wp\/v2\/posts"}],"about":[{"href":"https:\/\/fedai.az\/index.php?rest_route=\/wp\/v2\/types\/post"}],"author":[{"embeddable":true,"href":"https:\/\/fedai.az\/index.php?rest_route=\/wp\/v2\/users\/2"}],"replies":[{"embeddable":true,"href":"https:\/\/fedai.az\/index.php?rest_route=%2Fwp%2Fv2%2Fcomments&post=46195"}],"version-history":[{"count":1,"href":"https:\/\/fedai.az\/index.php?rest_route=\/wp\/v2\/posts\/46195\/revisions"}],"predecessor-version":[{"id":46197,"href":"https:\/\/fedai.az\/index.php?rest_route=\/wp\/v2\/posts\/46195\/revisions\/46197"}],"wp:featuredmedia":[{"embeddable":true,"href":"https:\/\/fedai.az\/index.php?rest_route=\/wp\/v2\/media\/46196"}],"wp:attachment":[{"href":"https:\/\/fedai.az\/index.php?rest_route=%2Fwp%2Fv2%2Fmedia&parent=46195"}],"wp:term":[{"taxonomy":"category","embeddable":true,"href":"https:\/\/fedai.az\/index.php?rest_route=%2Fwp%2Fv2%2Fcategories&post=46195"},{"taxonomy":"post_tag","embeddable":true,"href":"https:\/\/fedai.az\/index.php?rest_route=%2Fwp%2Fv2%2Ftags&post=46195"}],"curies":[{"name":"wp","href":"https:\/\/api.w.org\/{rel}","templated":true}]}}