{"id":46205,"date":"2021-08-23T01:11:10","date_gmt":"2021-08-22T21:11:10","guid":{"rendered":"https:\/\/fedai.az\/?p=46205"},"modified":"2021-08-23T01:11:17","modified_gmt":"2021-08-22T21:11:17","slug":"erm%c9%99nistanda-az%c9%99rbaycanla-h%c9%99ms%c9%99rh%c9%99d-rayonlardan-%c9%99halinin-t%c9%99xliyy%c9%99sin%c9%99-hazirliq-gedir","status":"publish","type":"post","link":"https:\/\/fedai.az\/?p=46205","title":{"rendered":"Erm\u0259nistanda Az\u0259rbaycanla h\u0259ms\u0259rh\u0259d rayonlardan \u0259halinin t\u0259xliyy\u0259sin\u0259 haz\u0131rl\u0131q gedir"},"content":{"rendered":"\n<p><strong>Erm\u0259nistan\u0131n Dilican (Tavu\u015f) vilay\u0259tinin qubernatoru Hayk Qalumyan Az\u0259rbaycanla h\u0259ms\u0259rh\u0259d rayonlardan \u0259halinin t\u0259xliyy\u0259si il\u0259 ba\u011fl\u0131 plan\u0131n yeni redaksiyas\u0131n\u0131n haz\u0131rlanmas\u0131 bar\u0259d\u0259 s\u0259r\u0259ncam imzalay\u0131b.<\/strong><\/p>\n\n\n\n<p> &#171;Novosti Armeniya&#187; bildirir ki, s\u0259n\u0259dd\u0259 bu rayonlar &#171;ya\u015fay\u0131\u015f \u00fc\u00e7\u00fcn t\u0259hl\u00fck\u0259li&#187; adland\u0131r\u0131l\u0131b. S\u0259n\u0259d\u0259 g\u00f6r\u0259, \u0259halinin h\u0259ms\u0259rh\u0259d zonadan 10 kilometr aral\u0131ya, \u00f6lk\u0259nin i\u00e7 b\u00f6lg\u0259sin\u0259 t\u0259xliyy\u0259si n\u0259z\u0259rd\u0259 tutulur.<\/p>\n\n\n\n<p>M\u0259nb\u0259: Milli.Az<\/p>\n","protected":false},"excerpt":{"rendered":"<p>Erm\u0259nistan\u0131n Dilican (Tavu\u015f) vilay\u0259tinin qubernatoru Hayk Qalumyan Az\u0259rbaycanla h\u0259ms\u0259rh\u0259d rayonlardan \u0259halinin t\u0259xliyy\u0259si il\u0259 ba\u011fl\u0131 plan\u0131n yeni redaksiyas\u0131n\u0131n haz\u0131rlanmas\u0131 bar\u0259d\u0259 s\u0259r\u0259ncam imzalay\u0131b. &#171;Novosti Armeniya&#187; bildirir<\/p>\n","protected":false},"author":2,"featured_media":46206,"comment_status":"closed","ping_status":"closed","sticky":false,"template":"","format":"standard","meta":{"footnotes":""},"categories":[4],"tags":[],"class_list":["post-46205","post","type-post","status-publish","format-standard","has-post-thumbnail","hentry","category-qarabag"],"aioseo_notices":[],"_links":{"self":[{"href":"https:\/\/fedai.az\/index.php?rest_route=\/wp\/v2\/posts\/46205","targetHints":{"allow":["GET"]}}],"collection":[{"href":"https:\/\/fedai.az\/index.php?rest_route=\/wp\/v2\/posts"}],"about":[{"href":"https:\/\/fedai.az\/index.php?rest_route=\/wp\/v2\/types\/post"}],"author":[{"embeddable":true,"href":"https:\/\/fedai.az\/index.php?rest_route=\/wp\/v2\/users\/2"}],"replies":[{"embeddable":true,"href":"https:\/\/fedai.az\/index.php?rest_route=%2Fwp%2Fv2%2Fcomments&post=46205"}],"version-history":[{"count":1,"href":"https:\/\/fedai.az\/index.php?rest_route=\/wp\/v2\/posts\/46205\/revisions"}],"predecessor-version":[{"id":46207,"href":"https:\/\/fedai.az\/index.php?rest_route=\/wp\/v2\/posts\/46205\/revisions\/46207"}],"wp:featuredmedia":[{"embeddable":true,"href":"https:\/\/fedai.az\/index.php?rest_route=\/wp\/v2\/media\/46206"}],"wp:attachment":[{"href":"https:\/\/fedai.az\/index.php?rest_route=%2Fwp%2Fv2%2Fmedia&parent=46205"}],"wp:term":[{"taxonomy":"category","embeddable":true,"href":"https:\/\/fedai.az\/index.php?rest_route=%2Fwp%2Fv2%2Fcategories&post=46205"},{"taxonomy":"post_tag","embeddable":true,"href":"https:\/\/fedai.az\/index.php?rest_route=%2Fwp%2Fv2%2Ftags&post=46205"}],"curies":[{"name":"wp","href":"https:\/\/api.w.org\/{rel}","templated":true}]}}