{"id":46212,"date":"2021-08-23T02:49:01","date_gmt":"2021-08-22T22:49:01","guid":{"rendered":"https:\/\/fedai.az\/?p=46212"},"modified":"2021-08-23T12:26:05","modified_gmt":"2021-08-23T08:26:05","slug":"%c9%99fqanistan-l%c9%99n%c9%99tl%c9%99nmis-torpaqmi-siyas%c9%99tmi","status":"publish","type":"post","link":"https:\/\/fedai.az\/?p=46212","title":{"rendered":"\u018fFQANISTAN: L\u0259n\u0259tl\u0259nmi\u015f torpaqm\u0131, siyas\u0259tmi?!"},"content":{"rendered":"\n<p><strong>AB\u015e h\u0259r g\u00fcn f\u0259rqli na\u011f\u0131llar uydurur. M\u0259s\u0259l\u0259n, Entoni Blinken \u018ffqan\u0131stan\u0131n ke\u00e7mi\u015f prezidenti \u018f\u015fr\u0259f Qani haqq\u0131nda dan\u0131\u015f\u0131b.<\/strong><\/p>\n\n\n\n<p><br>O, \u018ffqan\u0131stan\u0131n ke\u00e7mi\u015f prezidenti \u018f\u015fr\u0259f Qaninin Kabilin radikal \u0130slam\u00e7\u0131 Taliban silahl\u0131lar\u0131 t\u0259r\u0259find\u0259n al\u0131nmas\u0131ndan v\u0259 u\u00e7u\u015fundan bir g\u00fcn \u0259vv\u0259l\u0259 q\u0259d\u0259r AB\u015e t\u0259r\u0259fini \u00f6z\u00fcn\u00fcn &#171;sonad\u0259k m\u00fcbariz\u0259 aparmaq&#187; niyy\u0259tin\u0259 inand\u0131r\u0131b.<\/p>\n\n\n\n<p><br>D\u00f6vl\u0259t r\u0259smisi CBS telekanal\u0131n\u0131n efirind\u0259 &#171;\u015fahid olduqlar\u0131m\u0131z olduqca heyr\u0259tamizdir. H\u00f6kum\u0259t y\u0131x\u0131ld\u0131. Silahl\u0131 q\u00fcvv\u0259l\u0259r \u00e7\u00f6kd\u00fc&#187;- dey\u0259 bildirib.<\/p>\n\n\n\n<p>\u00dcst\u0259lik, \u018ffqan\u0131standan yay\u0131lan son g\u00f6r\u00fcnt\u00fcl\u0259rd\u0259 \u00abTaliban\u00bb \u00fczvl\u0259rin\u0131n AB\u015e silahlar\u0131 il\u0259 silahland\u0131\u011f\u0131 g\u00f6r\u00fcn\u00fcr. G\u00f6r\u00fcnt\u00fcl\u0259rin t\u0259bli\u011fat m\u0259qs\u0259di il\u0259 \u00abTaliban\u00bb t\u0259r\u0259find\u0259n yay\u0131mland\u0131\u011f\u0131 ehtimal olunur.<\/p>\n\n\n\n<figure class=\"wp-block-gallery columns-3 is-cropped wp-block-gallery-1 is-layout-flex wp-block-gallery-is-layout-flex\"><ul class=\"blocks-gallery-grid\"><li class=\"blocks-gallery-item\"><figure><img loading=\"lazy\" decoding=\"async\" width=\"864\" height=\"486\" src=\"https:\/\/fedai.az\/wp-content\/uploads\/2021\/08\/tramp.jpg\" alt=\"\" data-id=\"46214\" data-link=\"https:\/\/fedai.az\/?attachment_id=46214\" class=\"wp-image-46214\" srcset=\"https:\/\/fedai.az\/wp-content\/uploads\/2021\/08\/tramp.jpg 864w, https:\/\/fedai.az\/wp-content\/uploads\/2021\/08\/tramp-300x169.jpg 300w, https:\/\/fedai.az\/wp-content\/uploads\/2021\/08\/tramp-150x84.jpg 150w, https:\/\/fedai.az\/wp-content\/uploads\/2021\/08\/tramp-768x432.jpg 768w\" sizes=\"auto, (max-width: 864px) 100vw, 864px\" \/><\/figure><\/li><li class=\"blocks-gallery-item\"><figure><img loading=\"lazy\" decoding=\"async\" width=\"770\" height=\"415\" src=\"https:\/\/fedai.az\/wp-content\/uploads\/2021\/08\/1629654029_blinken.jpg\" alt=\"\" data-id=\"46215\" data-link=\"https:\/\/fedai.az\/?attachment_id=46215\" class=\"wp-image-46215\" srcset=\"https:\/\/fedai.az\/wp-content\/uploads\/2021\/08\/1629654029_blinken.jpg 770w, https:\/\/fedai.az\/wp-content\/uploads\/2021\/08\/1629654029_blinken-300x162.jpg 300w, https:\/\/fedai.az\/wp-content\/uploads\/2021\/08\/1629654029_blinken-150x81.jpg 150w, https:\/\/fedai.az\/wp-content\/uploads\/2021\/08\/1629654029_blinken-768x414.jpg 768w\" sizes=\"auto, (max-width: 770px) 100vw, 770px\" \/><\/figure><\/li><li class=\"blocks-gallery-item\"><figure><img loading=\"lazy\" decoding=\"async\" width=\"1024\" height=\"538\" src=\"https:\/\/fedai.az\/wp-content\/uploads\/2021\/08\/bayden-1024x538.jpg\" alt=\"\" data-id=\"46216\" data-full-url=\"https:\/\/fedai.az\/wp-content\/uploads\/2021\/08\/bayden.jpg\" data-link=\"https:\/\/fedai.az\/?attachment_id=46216\" class=\"wp-image-46216\" srcset=\"https:\/\/fedai.az\/wp-content\/uploads\/2021\/08\/bayden-1024x538.jpg 1024w, https:\/\/fedai.az\/wp-content\/uploads\/2021\/08\/bayden-300x158.jpg 300w, https:\/\/fedai.az\/wp-content\/uploads\/2021\/08\/bayden-150x79.jpg 150w, https:\/\/fedai.az\/wp-content\/uploads\/2021\/08\/bayden-768x403.jpg 768w, https:\/\/fedai.az\/wp-content\/uploads\/2021\/08\/bayden.jpg 1200w\" sizes=\"auto, (max-width: 1024px) 100vw, 1024px\" \/><\/figure><\/li><\/ul><\/figure>\n\n\n\n<p><br>\u018ffqan\u0131stan m\u0259tbuat\u0131nda yer alan m\u0259lumatlara g\u00f6r\u0259, AB\u015e son 4 ild\u0259 yerli t\u0259hl\u00fck\u0259sizlik q\u00fcvv\u0259l\u0259rin\u0259 208 t\u0259yyar\u0259, 4700 \u00abHumvee\u00bb d\u0259 daxil olmaqla 75 min h\u0259rbi avtomobil verib. Bunlar\u0131n \u0259ks\u0259riyy\u0259ti \u00abTaliban\u00bb\u0131n \u0259lin\u0259 ke\u00e7ib.<\/p>\n\n\n\n<p><br>Haz\u0131rda h\u0259rak\u0259t \u00fczvl\u0259rinin \u0259lind\u0259 \u00abBlack Hawk\u00bb helikopterleri v\u0259 \u00abA-29 Super Tucano\u00bb h\u00fccum t\u0259yyar\u0259si d\u0259 var.<\/p>\n\n\n\n<p><strong>AB\u015e-\u0131n hadis\u0259l\u0259r\u0259 m\u00fcnasib\u0259ti \u00e7ox g\u00fclm\u0259lidir. Birl\u0259\u015fmi\u015f \u015etatlar iyulun \u0259vv\u0259lind\u0259n \u018ffqan\u0131standan t\u0259xmin\u0259n 33 min insan\u0131 t\u0259xliy\u0259 edib, bu halda onlardan 28 min n\u0259f\u0259ri avqustun 14-d\u0259n respublikan\u0131 t\u0259rk edib.<\/strong><\/p>\n\n\n\n<p><br>Bu bar\u0259d\u0259 A\u011f Evd\u0259 jurnalistl\u0259r qar\u015f\u0131s\u0131nda \u00e7\u0131x\u0131\u015f ed\u0259n AB\u015e prezidenti Cozef Bayden bildirib.<\/p>\n\n\n\n<p><br>O, qeyd edib ki, AB\u015e \u018ffqan\u0131standan yaln\u0131z amerikal\u0131lar\u0131 t\u0259xliy\u0259 etmir, h\u0259m d\u0259 NATO \u00f6lk\u0259l\u0259rinin, m\u00fctt\u0259fiq d\u00f6vl\u0259tl\u0259rin v\u0259t\u0259nda\u015flar\u0131n\u0131, onlar\u0131n diplomatik missiyalar\u0131n\u0131n \u0259m\u0259kda\u015flar\u0131n\u0131 da evakuasiya edir.<\/p>\n\n\n\n<figure class=\"wp-block-gallery columns-3 is-cropped wp-block-gallery-2 is-layout-flex wp-block-gallery-is-layout-flex\"><ul class=\"blocks-gallery-grid\"><li class=\"blocks-gallery-item\"><figure><img loading=\"lazy\" decoding=\"async\" width=\"271\" height=\"186\" src=\"https:\/\/fedai.az\/wp-content\/uploads\/2021\/08\/\u0411\u0435\u0437-\u043d\u0430\u0437\u0432\u0430\u043d\u0438\u044f-1.jpg\" alt=\"\" data-id=\"46217\" data-link=\"https:\/\/fedai.az\/?attachment_id=46217\" class=\"wp-image-46217\" srcset=\"https:\/\/fedai.az\/wp-content\/uploads\/2021\/08\/\u0411\u0435\u0437-\u043d\u0430\u0437\u0432\u0430\u043d\u0438\u044f-1.jpg 271w, https:\/\/fedai.az\/wp-content\/uploads\/2021\/08\/\u0411\u0435\u0437-\u043d\u0430\u0437\u0432\u0430\u043d\u0438\u044f-1-150x103.jpg 150w\" sizes=\"auto, (max-width: 271px) 100vw, 271px\" \/><\/figure><\/li><li class=\"blocks-gallery-item\"><figure><img loading=\"lazy\" decoding=\"async\" width=\"300\" height=\"168\" src=\"https:\/\/fedai.az\/wp-content\/uploads\/2021\/08\/\u0411\u0435\u0437-\u043d\u0430\u0437\u0432\u0430\u043d\u0438\u044f-5-7.jpg\" alt=\"\" data-id=\"46218\" data-link=\"https:\/\/fedai.az\/?attachment_id=46218\" class=\"wp-image-46218\" srcset=\"https:\/\/fedai.az\/wp-content\/uploads\/2021\/08\/\u0411\u0435\u0437-\u043d\u0430\u0437\u0432\u0430\u043d\u0438\u044f-5-7.jpg 300w, https:\/\/fedai.az\/wp-content\/uploads\/2021\/08\/\u0411\u0435\u0437-\u043d\u0430\u0437\u0432\u0430\u043d\u0438\u044f-5-7-150x84.jpg 150w\" sizes=\"auto, (max-width: 300px) 100vw, 300px\" \/><\/figure><\/li><li class=\"blocks-gallery-item\"><figure><img loading=\"lazy\" decoding=\"async\" width=\"630\" height=\"355\" src=\"https:\/\/fedai.az\/wp-content\/uploads\/2021\/08\/42e3032f60bc4906017f947f08b426ec.jpg\" alt=\"\" data-id=\"46219\" data-full-url=\"https:\/\/fedai.az\/wp-content\/uploads\/2021\/08\/42e3032f60bc4906017f947f08b426ec.jpg\" data-link=\"https:\/\/fedai.az\/?attachment_id=46219\" class=\"wp-image-46219\" srcset=\"https:\/\/fedai.az\/wp-content\/uploads\/2021\/08\/42e3032f60bc4906017f947f08b426ec.jpg 630w, https:\/\/fedai.az\/wp-content\/uploads\/2021\/08\/42e3032f60bc4906017f947f08b426ec-300x169.jpg 300w, https:\/\/fedai.az\/wp-content\/uploads\/2021\/08\/42e3032f60bc4906017f947f08b426ec-150x85.jpg 150w\" sizes=\"auto, (max-width: 630px) 100vw, 630px\" \/><\/figure><\/li><\/ul><\/figure>\n\n\n\n<p><br>Sabiq prezident Tramp m\u0259s\u0259l\u0259y\u0259 Alabama \u015ftat\u0131nda t\u0259r\u0259fdarlar\u0131 il\u0259 g\u00f6r\u00fc\u015fd\u0259 maraql\u0131 m\u00fcnasib\u0259t bildirib:<\/p>\n\n\n\n<p><br>\u201cBiz ordumuzun d\u00fc\u015fm\u0259n\u0259 nec\u0259 t\u0259slim oldu\u011funu g\u00f6r\u00fcr\u00fck\u201d, &#8212; dey\u0259 Tramp bildirib.<\/p>\n\n\n\n<p><br>Sabiq prezident haz\u0131rk\u0131 administrasiyan\u0131n \u018ffqan\u0131standa 83 milyard dollarl\u0131q avadanl\u0131q, h\u0259rbi baza v\u0259 bahal\u0131 s\u0259firlik binas\u0131 qoydu\u011funu a\u00e7\u0131qlay\u0131b: \u201c\u018ffqan\u0131stan c\u0259h\u0259nn\u0259m\u0259 getdiyi \u0259r\u0259f\u0259d\u0259 Bayden m\u0259zuniyy\u0259t\u0259 yolland\u0131\u201d.<\/p>\n\n\n\n<p>O, \u018ffqan\u0131standak\u0131 v\u0259ziyy\u0259ti \u201cAB\u015e tarixind\u0259 \u0259n b\u00f6y\u00fck h\u0259rbi t\u0259hqir\u201d adland\u0131r\u0131b: \u201cMilli liderin d\u0259h\u015f\u0259tli s\u0259ri\u015ft\u0259sizliyi. He\u00e7 bir \u00f6lk\u0259d\u0259 g\u00f6r\u00fcnm\u0259mi\u015f bir \u015fey\u2026 Ordunu he\u00e7 vaxt \u0259vv\u0259lc\u0259d\u0259n \u00e7\u0131xarmazlar, ordu ax\u0131rda \u00e7\u0131xar\u201d.<\/p>\n\n\n\n<p><br>Haz\u0131rda qon\u015fu \u00f6lk\u0259l\u0259rd\u0259n \u0259n \u00e7ox Rusiya v\u0259 \u0130ran \u0259ndi\u015f\u0259 i\u00e7ind\u0259dir. Rusiya is\u0259 dilemma qar\u015f\u0131s\u0131nda qal\u0131b. Yax\u0131nla\u015fan t\u0259hl\u00fck\u0259ni \u00f6nl\u0259m\u0259k \u00fc\u00e7\u00fcn \u018ffqan\u0131stana m\u00fcdaxil\u0259 etm\u0259si d\u0259, etm\u0259m\u0259si d\u0259 h\u0259l\u0259lik eyni n\u0259tic\u0259l\u0259r\u0259 g\u0259tirib \u00e7\u0131xara bil\u0259r. Y\u0259ni Rusiyan\u0131n &#171;jirinovskisi&#187; qap\u0131 aras\u0131nda qal\u0131b. Putin m\u0259s\u0259l\u0259y\u0259 m\u00fcnasib\u0259t bildir\u0259r\u0259k deyib: &#171;Q\u0259rbli t\u0259r\u0259fda\u015flar\u0131m\u0131z AB\u015e v\u0259 ya dig\u0259r \u00f6lk\u0259l\u0259r\u0259 viza almadan \u0259vv\u0259l qa\u00e7q\u0131nlar\u0131n Orta Asiya \u00f6lk\u0259l\u0259rin\u0259 yerl\u0259\u015fdirilm\u0259si m\u0259s\u0259l\u0259sini israrla qald\u0131r\u0131rlar. Bel\u0259 ki, onlar bu \u00f6lk\u0259l\u0259r\u0259, qon\u015fular\u0131m\u0131za vizas\u0131z g\u00f6nd\u0259ril\u0259 bil\u0259rl\u0259r, ancaq ora vizas\u0131z getm\u0259k ist\u0259mirl\u0259r? M\u0259s\u0259l\u0259nin h\u0259llind\u0259 bu al\u00e7ald\u0131c\u0131 yana\u015fma n\u0259dir?&#187; Rusiya lideri \u0259lav\u0259 edib ki, bu m\u0259s\u0259l\u0259 sabah &#171;\u00f6l\u00fc do\u011fulmu\u015f&#187; Kollektiv T\u0259h\u00fclk\u0259sizlik M\u00fcqavil\u0259si T\u0259\u015fkilat\u0131n\u0131n (KTMT) sammitind\u0259 g\u00fcnd\u0259m\u0259 g\u0259tiril\u0259c\u0259k v\u0259 dig\u0259r yerl\u0259rd\u0259 d\u0259 m\u00fczakir\u0259 edil\u0259c\u0259k.<\/p>\n\n\n\n<p><br>G\u00f6r\u00fcn\u0259n odur ki, h\u0259l\u0259 bu x\u0259mir \u00e7ox su aparacaq. Amma adic\u0259 bir fakt bu ba\u015f ver\u0259nl\u0259rin tam izah\u0131d\u0131r. (Fotoya diqq\u0259t edin).<\/p>\n\n\n\n<p><br><strong><span class=\"has-inline-color has-vivid-red-color\">FOTO: 1975 -ci il. \u00dc\u00e7 \u018ffqan g\u0259nc AB\u015e -da, AB\u015e t\u0259qa\u00fcd\u00fc il\u0259 t\u0259hsil al\u0131blar.<\/span><\/strong><\/p>\n\n\n\n<p><strong>Sa\u011fdak\u0131 \u018ffqan\u0131stan\u0131n AB\u015e-dak\u0131 s\u0259firi, ortada Talibl\u0259rin haz\u0131rk\u0131 lideri, soldak\u0131 is\u0259 \u00f6lk\u0259ni Talibl\u0259r\u0259 buraxaraq, qa\u00e7an \u018ffqan\u0131stan prezidenti.<\/strong><\/p>\n\n\n\n<figure class=\"wp-block-image size-large is-resized\"><img loading=\"lazy\" decoding=\"async\" src=\"https:\/\/fedai.az\/wp-content\/uploads\/2021\/08\/235770679_4338972509494154_6536428942959308151_n.jpg\" alt=\"\" class=\"wp-image-46213\" width=\"898\" height=\"839\" srcset=\"https:\/\/fedai.az\/wp-content\/uploads\/2021\/08\/235770679_4338972509494154_6536428942959308151_n.jpg 336w, https:\/\/fedai.az\/wp-content\/uploads\/2021\/08\/235770679_4338972509494154_6536428942959308151_n-300x280.jpg 300w, https:\/\/fedai.az\/wp-content\/uploads\/2021\/08\/235770679_4338972509494154_6536428942959308151_n-150x140.jpg 150w\" sizes=\"auto, (max-width: 898px) 100vw, 898px\" \/><\/figure>\n\n\n\n<p>D\u00f6y\u00fc\u015fl\u0259r bitdimi, yoxsa d\u00f6y\u00fc\u015fl\u0259r \u0259b\u0259didirmi?..<\/p>\n\n\n\n<p>\u018ffqan\u0131stan m\u00fcharib\u0259l\u0259r diyar\u0131 kimi tarix\u0259 d\u00fc\u015fd\u00fc, ancaq \u00f6l\u00fcl\u0259rin v\u0259 diril\u0259rin s\u0259sl\u0259ri uzun m\u00fcdd\u0259t ham\u0131m\u0131z\u0131 narahat ed\u0259c\u0259k.<\/p>\n\n\n\n<p>M\u00fcharib\u0259l\u0259r diqq\u0259td\u0259n k\u0259narda qalm\u0131r. V\u0259 buna g\u00f6r\u0259 d\u0259 d\u00fcnya, m\u00fcxt\u0259lif d\u00f6vrl\u0259rd\u0259 planetimizi sars\u0131dan faci\u0259l\u0259ri, o c\u00fcml\u0259d\u0259n milyonlarla insan\u0131n h\u0259yat\u0131na son qoyan, sivilizasiyalar\u0131 geri atan, insan\u0131n yaratd\u0131\u011f\u0131 b\u00f6y\u00fck d\u0259y\u0259rl\u0259ri m\u0259hv ed\u0259n faci\u0259l\u0259ri he\u00e7 vaxt unutmur. O vaxtdan b\u0259ri k\u00f6rp\u00fcn\u00fcn alt\u0131ndan \u00e7oxlu sular axd\u0131. Bu faci\u0259l\u0259rin \u0259sas\u0131n\u0131 Rusiya qoydu. \u00d6z\u00fcn\u00fcn iyr\u0259nc ambisiyas\u0131 v\u0259 mujik inadkarl\u0131\u011f\u0131 il\u0259 bir \u00f6lk\u0259y\u0259 faci\u0259l\u0259r ixrac etdi. Ancaq Tarixin atd\u0131\u011f\u0131 bumeranq\u0131n h\u0259d\u0259fi bu g\u00fcn Rusiyad\u0131r. <\/p>\n\n\n\n<p><strong>Bu g\u00fcn \u018ffqan d\u00f6y\u00fc\u015f\u00e7\u00fcl\u0259ri rus \u0259sg\u0259rl\u0259rinin d\u0259rdin\u0259 s\u0131zlay\u0131r. B\u0259s \u0259fqanlar\u0131n analar\u0131 ana, \u00f6vladlar\u0131 bala deyilmiydi?<\/strong><\/p>\n\n\n\n<p><strong>\u041a\u0430\u043a \u043c\u043d\u043e\u0433\u043e \u0440\u0443\u0441\u0441\u043a\u0438\u0445 \u043c\u0430\u043b\u044c\u0447\u0438\u043a\u043e\u0432-\u0441\u043e\u043b\u0434\u0430\u0442<br>\u0412 \u0431\u0435\u0437\u043c\u043e\u043b\u0432\u043d\u043e\u0439 \u0432\u0435\u0447\u043d\u043e\u0441\u0442\u0438 \u043b\u0435\u0436\u0430\u0442 \u043e\u0442\u043d\u044b\u043d\u0435.<br>\u0418 \u0441 \u0444\u043e\u0442\u043e\u0433\u0440\u0430\u0444\u0438\u0439 \u043c\u0430\u043b\u0435\u043d\u044c\u043a\u0438\u0445 \u0433\u043b\u044f\u0434\u044f\u0442<br>\u0413\u043b\u0430\u0437\u0430\u043c\u0438 \u0443\u0434\u0438\u0432\u0438\u0442\u0435\u043b\u044c\u043d\u043e \u0436\u0438\u0432\u044b\u043c\u0438.<br>\u041e, \u0441\u043a\u043e\u043b\u044c\u043a\u043e \u0436\u0435 \u0432 \u0420\u043e\u0441\u0441\u0438\u0438 \u043c\u0430\u0442\u0435\u0440\u0435\u0439<br>\u041e\u0431\u043b\u0438\u043b\u0438\u0441\u044c \u0433\u043e\u0440\u044c\u043a\u0438\u043c\u0438 \u0441\u043b\u0435\u0437\u0430\u043c\u0438.<br>\u0418\u0445 \u0431\u043e\u043b\u0438 \u043d\u0435 \u043f\u0440\u043e\u0439\u0442\u0438, \u043d\u0435 \u043e\u0442\u043e\u0433\u0440\u0435\u0442\u044c<br>\u041f\u043e\u0434 \u0442\u0440\u0430\u0443\u0440\u043d\u044b\u043c\u0438 \u0447\u0435\u0440\u043d\u044b\u043c\u0438 \u043f\u043b\u0430\u0442\u043a\u0430\u043c\u0438.<\/strong><\/p>\n\n\n\n<p><strong>**************<\/strong><\/p>\n\n\n\n<p><strong><span class=\"has-inline-color has-vivid-red-color\">S\u0259tri T\u0259rc\u00fcm\u0259:<\/span><\/strong><\/p>\n\n\n\n<p><strong>Ne\u00e7\u0259-ne\u00e7\u0259 g\u0259nc rus \u0259sg\u0259ri<br>Bundan sonra s\u0259ssiz \u0259b\u0259diyy\u0259td\u0259 yat\u0131rlar.<br>Ki\u00e7ik foto\u015f\u0259kill\u0259rind\u0259n bax\u0131rlar<br>Amma g\u00f6zl\u0259ri m\u00f6c\u00fcz\u0259li \u015f\u0259kild\u0259 canl\u0131d\u0131r.<br>Oh, Rusiyada n\u0259 q\u0259d\u0259r analar var<br>Ac\u0131 g\u00f6z ya\u015flar\u0131nda bo\u011fuldular.<br>A\u011fr\u0131lar\u0131 he\u00e7 vaxt ke\u00e7m\u0259z, isinm\u0259z<br>Qara yasl\u0131 yayl\u0131qlar\u0131n alt\u0131nda.<\/strong><\/p>\n\n\n\n<p><strong><span class=\"has-inline-color has-vivid-red-color\">AVMV\u0130B M\u0259tbuat Xidm\u0259ti<\/span><\/strong><\/p>\n","protected":false},"excerpt":{"rendered":"<p>AB\u015e h\u0259r g\u00fcn f\u0259rqli na\u011f\u0131llar uydurur. M\u0259s\u0259l\u0259n, Entoni Blinken \u018ffqan\u0131stan\u0131n ke\u00e7mi\u015f prezidenti \u018f\u015fr\u0259f Qani haqq\u0131nda dan\u0131\u015f\u0131b. O, \u018ffqan\u0131stan\u0131n ke\u00e7mi\u015f prezidenti \u018f\u015fr\u0259f Qaninin Kabilin radikal<\/p>\n","protected":false},"author":2,"featured_media":45803,"comment_status":"closed","ping_status":"closed","sticky":false,"template":"","format":"standard","meta":{"footnotes":""},"categories":[1],"tags":[],"class_list":["post-46212","post","type-post","status-publish","format-standard","has-post-thumbnail","hentry","category-siyast"],"aioseo_notices":[],"_links":{"self":[{"href":"https:\/\/fedai.az\/index.php?rest_route=\/wp\/v2\/posts\/46212","targetHints":{"allow":["GET"]}}],"collection":[{"href":"https:\/\/fedai.az\/index.php?rest_route=\/wp\/v2\/posts"}],"about":[{"href":"https:\/\/fedai.az\/index.php?rest_route=\/wp\/v2\/types\/post"}],"author":[{"embeddable":true,"href":"https:\/\/fedai.az\/index.php?rest_route=\/wp\/v2\/users\/2"}],"replies":[{"embeddable":true,"href":"https:\/\/fedai.az\/index.php?rest_route=%2Fwp%2Fv2%2Fcomments&post=46212"}],"version-history":[{"count":2,"href":"https:\/\/fedai.az\/index.php?rest_route=\/wp\/v2\/posts\/46212\/revisions"}],"predecessor-version":[{"id":46257,"href":"https:\/\/fedai.az\/index.php?rest_route=\/wp\/v2\/posts\/46212\/revisions\/46257"}],"wp:featuredmedia":[{"embeddable":true,"href":"https:\/\/fedai.az\/index.php?rest_route=\/wp\/v2\/media\/45803"}],"wp:attachment":[{"href":"https:\/\/fedai.az\/index.php?rest_route=%2Fwp%2Fv2%2Fmedia&parent=46212"}],"wp:term":[{"taxonomy":"category","embeddable":true,"href":"https:\/\/fedai.az\/index.php?rest_route=%2Fwp%2Fv2%2Fcategories&post=46212"},{"taxonomy":"post_tag","embeddable":true,"href":"https:\/\/fedai.az\/index.php?rest_route=%2Fwp%2Fv2%2Ftags&post=46212"}],"curies":[{"name":"wp","href":"https:\/\/api.w.org\/{rel}","templated":true}]}}