{"id":46222,"date":"2021-08-23T02:52:18","date_gmt":"2021-08-22T22:52:18","guid":{"rendered":"https:\/\/fedai.az\/?p=46222"},"modified":"2021-08-23T02:52:20","modified_gmt":"2021-08-22T22:52:20","slug":"sarkisyan-i-qaraginin-70-yasini-t%c9%99brik-edib","status":"publish","type":"post","link":"https:\/\/fedai.az\/?p=46222","title":{"rendered":"Sarkisyan I Qaraginin 70 ya\u015f\u0131n\u0131 t\u0259brik edib"},"content":{"rendered":"\n<p><strong>Erm\u0259nistan\u0131n \u00fc\u00e7\u00fcnc\u00fc prezidentinin ofisi x\u0259b\u0259r verir ki, bu g\u00fcn Serj Sarkisyan, b\u00fct\u00fcn erm\u0259nil\u0259rin patrirx\u0131 v\u0259 katolikosu II Qareginl\u0259 telefonla dan\u0131\u015f\u0131b v\u0259 onu 70 ya\u015f\u0131 m\u00fcnasib\u0259til\u0259 t\u0259brik edib.<\/strong><\/p>\n\n\n\n<p>Serj Sarkisyan, II Qaregin\u0259 cansa\u011fl\u0131\u011f\u0131, uzun \u00f6m\u00fcr v\u0259 erm\u0259ni Apostolu M\u00fcq\u0259dd\u0259s Kils\u0259sinin, Erm\u0259nistan Respublikas\u0131n\u0131n v\u0259 &#171;Artsax respublikas\u0131n\u0131n&#187; (h\u0259l\u0259 d\u0259 bu toyuq yuxusunda dar\u0131 g\u00f6r\u00fcr-red.) rifah\u0131 namin\u0259 patriarxal missiyan\u0131n h\u0259yata ke\u00e7irilm\u0259sind\u0259, b\u00fct\u00fcn erm\u0259nil\u0259rin milli m\u0259qs\u0259d v\u0259 arzular\u0131n\u0131n realla\u015fmas\u0131nda u\u011furlar arzulad\u0131.<\/p>\n","protected":false},"excerpt":{"rendered":"<p>Erm\u0259nistan\u0131n \u00fc\u00e7\u00fcnc\u00fc prezidentinin ofisi x\u0259b\u0259r verir ki, bu g\u00fcn Serj Sarkisyan, b\u00fct\u00fcn erm\u0259nil\u0259rin patrirx\u0131 v\u0259 katolikosu II Qareginl\u0259 telefonla dan\u0131\u015f\u0131b v\u0259 onu 70 ya\u015f\u0131<\/p>\n","protected":false},"author":2,"featured_media":46223,"comment_status":"closed","ping_status":"closed","sticky":false,"template":"","format":"standard","meta":{"footnotes":""},"categories":[13],"tags":[],"class_list":["post-46222","post","type-post","status-publish","format-standard","has-post-thumbnail","hentry","category-xarici"],"aioseo_notices":[],"_links":{"self":[{"href":"https:\/\/fedai.az\/index.php?rest_route=\/wp\/v2\/posts\/46222","targetHints":{"allow":["GET"]}}],"collection":[{"href":"https:\/\/fedai.az\/index.php?rest_route=\/wp\/v2\/posts"}],"about":[{"href":"https:\/\/fedai.az\/index.php?rest_route=\/wp\/v2\/types\/post"}],"author":[{"embeddable":true,"href":"https:\/\/fedai.az\/index.php?rest_route=\/wp\/v2\/users\/2"}],"replies":[{"embeddable":true,"href":"https:\/\/fedai.az\/index.php?rest_route=%2Fwp%2Fv2%2Fcomments&post=46222"}],"version-history":[{"count":1,"href":"https:\/\/fedai.az\/index.php?rest_route=\/wp\/v2\/posts\/46222\/revisions"}],"predecessor-version":[{"id":46224,"href":"https:\/\/fedai.az\/index.php?rest_route=\/wp\/v2\/posts\/46222\/revisions\/46224"}],"wp:featuredmedia":[{"embeddable":true,"href":"https:\/\/fedai.az\/index.php?rest_route=\/wp\/v2\/media\/46223"}],"wp:attachment":[{"href":"https:\/\/fedai.az\/index.php?rest_route=%2Fwp%2Fv2%2Fmedia&parent=46222"}],"wp:term":[{"taxonomy":"category","embeddable":true,"href":"https:\/\/fedai.az\/index.php?rest_route=%2Fwp%2Fv2%2Fcategories&post=46222"},{"taxonomy":"post_tag","embeddable":true,"href":"https:\/\/fedai.az\/index.php?rest_route=%2Fwp%2Fv2%2Ftags&post=46222"}],"curies":[{"name":"wp","href":"https:\/\/api.w.org\/{rel}","templated":true}]}}